{"id":34408,"date":"2020-12-14T16:38:59","date_gmt":"2020-12-14T18:38:59","guid":{"rendered":"https:\/\/www.siqueiracastro.com.br\/noticias\/?p=34408"},"modified":"2020-12-14T16:43:33","modified_gmt":"2020-12-14T18:43:33","slug":"2a-turma-do-stf-suspende-efeitos-de-condenacao-de-prefeito-reeleito","status":"publish","type":"post","link":"https:\/\/www.siqueiracastro.com.br\/noticias\/2a-turma-do-stf-suspende-efeitos-de-condenacao-de-prefeito-reeleito\/","title":{"rendered":"2\u00aa Turma do STF suspende efeitos de condena\u00e7\u00e3o de prefeito reeleito"},"content":{"rendered":"\n<p>Por maioria de votos, a Segunda Turma do Supremo Tribunal Federal (STF) suspendeu os efeitos da condena\u00e7\u00e3o de Washington Reis de Oliveira, prefeito de Duque de Caxias\/RJ, por ainda existirem embargos de declara\u00e7\u00e3o pendentes de julgamento. Desta forma, o prefeito p\u00f4de disputar as elei\u00e7\u00f5es municipais e foi reeleito em primeiro turno.<\/p>\n\n\n\n<p>No caso em quest\u00e3o, em dezembro de 2016, o r\u00e9u havia sido condenado na A\u00e7\u00e3o Penal 618 \u00e0 pena de 7 anos, 2 meses e 15 dias pela pr\u00e1tica de crimes ambientais e de loteamento irregular. Quando era prefeito do munic\u00edpio de Duque de Caxias, ele teria causado dano ambiental a uma unidade de conserva\u00e7\u00e3o na qual determinou a execu\u00e7\u00e3o de loteamento.<\/p>\n\n\n\n<div class=\"wp-block-image\"><figure class=\"aligncenter size-large is-resized\"><img loading=\"lazy\" decoding=\"async\" src=\"https:\/\/www.siqueiracastro.com.br\/noticias\/2020\/12\/4-Washington-Reis-Luis-Macedo-da-Camara-dos-Deputados.jpg\" alt=\"\" class=\"wp-image-34410\" width=\"401\" height=\"401\" srcset=\"https:\/\/www.siqueiracastro.com.br\/noticias\/wp-content\/uploads\/12\/4-Washington-Reis-Luis-Macedo-da-Camara-dos-Deputados.jpg 680w, https:\/\/www.siqueiracastro.com.br\/noticias\/wp-content\/uploads\/12\/4-Washington-Reis-Luis-Macedo-da-Camara-dos-Deputados-300x300.jpg 300w, https:\/\/www.siqueiracastro.com.br\/noticias\/wp-content\/uploads\/12\/4-Washington-Reis-Luis-Macedo-da-Camara-dos-Deputados-150x150.jpg 150w\" sizes=\"auto, (max-width: 401px) 100vw, 401px\" \/><figcaption>Washington Reis <br>(C\u00e2mara dos Deputados\/Luis Macedo)<\/figcaption><\/figure><\/div>\n\n\n\n<p>Contra a condena\u00e7\u00e3o, a defesa op\u00f4s embargos de declara\u00e7\u00e3o, nos quais alegou que a condena\u00e7\u00e3o se baseou somente em elementos colhidos durante a fase de inqu\u00e9rito policial, os quais n\u00e3o haviam sido submetidos ao devido contradit\u00f3rio, e que outra pessoa processada pelos mesmos fatos havia sido absolvida. O julgamento dos embargos se iniciou em 2018 e at\u00e9 o momento n\u00e3o foi finalizado porque foi convertido em dilig\u00eancia para que o Minist\u00e9rio P\u00fablico Federal (MPF) confirmasse as informa\u00e7\u00f5es sobre a absolvi\u00e7\u00e3o.<\/p>\n\n\n\n<p>Em outubro de 2020, o relator ministro Edson Fachin negou um pedido da defesa de efeito suspensivo dos embargos; como consequ\u00eancia da condena\u00e7\u00e3o, o TRE-RJ (Tribunal Regional Eleitoral do Rio de Janeiro) indeferiu sua candidatura \u00e0 prefeitura, mas por meio de uma liminar obtida no Superior Tribunal de Justi\u00e7a (STJ), o candidato p\u00f4de participar do pleito eleitoral.<\/p>\n\n\n\n<p>No STF, ap\u00f3s a decis\u00e3o de Fachin, houve pedido de reconsidera\u00e7\u00e3o por parte da defesa. O pedido em quest\u00e3o foi remetido \u00e0 Segunda Turma; nela, por maioria, os ministros acabaram por conceder o pedido de efeito suspensivo aos embargos por entenderem que, caso n\u00e3o o fizessem, prevaleceria a decis\u00e3o do TRE-RJ que indeferia a candidatura.<\/p>\n\n\n\n<p><\/p>\n","protected":false},"excerpt":{"rendered":"<p>Por maioria de votos, a Segunda Turma do Supremo Tribunal Federal (STF) suspendeu os efeitos da condena\u00e7\u00e3o de Washington Reis de Oliveira, prefeito de Duque de Caxias\/RJ, por ainda existirem embargos de declara\u00e7\u00e3o pendentes de julgamento. Desta forma, o prefeito p\u00f4de disputar as elei\u00e7\u00f5es municipais e foi reeleito em primeiro turno. No caso em quest\u00e3o, [&hellip;]<\/p>\n","protected":false},"author":3,"featured_media":0,"comment_status":"open","ping_status":"open","sticky":false,"template":"","format":"standard","meta":{"_acf_changed":false,"footnotes":""},"categories":[5],"tags":[208,228],"class_list":["post-34408","post","type-post","status-publish","format-standard","hentry","category-informativos","tag-informativos","tag-newsletter-penal-empresarial"],"fields":{"_edit_lock":["1607972122:3"],"tdc_dirty_content":["1"],"tdc_icon_fonts":["a:0:{}"],"tdc_google_fonts":["a:0:{}"],"_edit_last":["3"],"arquivo":[""],"_arquivo":["field_5cd093c67f0aa"],"subtitulo":[""],"_subtitulo":["field_5cc755a87dc0e"],"fonte":["AP 618"],"_fonte":["field_5cc73bceda287"],"td_post_theme_settings":["a:2:{s:16:\"td_post_template\";s:15:\"single_template\";s:14:\"td_primary_cat\";s:1:\"5\";}"],"_yoast_wpseo_metadesc":["Por maioria de votos, a Segunda Turma do Supremo Tribunal Federal (STF) suspendeu os efeitos da condena\u00e7\u00e3o de Washington Reis de Oliveira, prefeito de Duque de Caxias\/RJ, por ainda existirem embargos de declara\u00e7\u00e3o pendentes de julgamento. Desta forma, o prefeito p\u00f4de disputar as elei\u00e7\u00f5es municipais e foi reeleito em primeiro turno."],"_yoast_wpseo_content_score":["30"],"_yoast_wpseo_focuskw":["2\u00aa Turma do STF suspende efeitos de condena\u00e7\u00e3o de prefeito reeleito"],"_yoast_wpseo_linkdex":["51"],"_yoast_wpseo_primary_category":["5"],"post_views_count":["895"]},"acf":[],"yoast_head":"<!-- This site is optimized with the Yoast SEO plugin v27.4 - https:\/\/yoast.com\/product\/yoast-seo-wordpress\/ -->\n<title>2\u00aa Turma do STF suspende efeitos de condena\u00e7\u00e3o de prefeito reeleito - Not\u00edcias | Siqueira Castro<\/title>\n<meta name=\"description\" content=\"Por maioria de votos, a Segunda Turma do Supremo Tribunal Federal (STF) suspendeu os efeitos da condena\u00e7\u00e3o de Washington Reis de Oliveira, prefeito de Duque de Caxias\/RJ, por ainda existirem embargos de declara\u00e7\u00e3o pendentes de julgamento. Desta forma, o prefeito p\u00f4de disputar as elei\u00e7\u00f5es municipais e foi reeleito em primeiro turno.\" \/>\n<meta name=\"robots\" content=\"index, follow, max-snippet:-1, max-image-preview:large, max-video-preview:-1\" \/>\n<link rel=\"canonical\" href=\"https:\/\/www.siqueiracastro.com.br\/noticias\/2a-turma-do-stf-suspende-efeitos-de-condenacao-de-prefeito-reeleito\/\" \/>\n<meta property=\"og:locale\" content=\"pt_BR\" \/>\n<meta property=\"og:type\" content=\"article\" \/>\n<meta property=\"og:title\" content=\"2\u00aa Turma do STF suspende efeitos de condena\u00e7\u00e3o de prefeito reeleito - Not\u00edcias | Siqueira Castro\" \/>\n<meta property=\"og:description\" content=\"Por maioria de votos, a Segunda Turma do Supremo Tribunal Federal (STF) suspendeu os efeitos da condena\u00e7\u00e3o de Washington Reis de Oliveira, prefeito de Duque de Caxias\/RJ, por ainda existirem embargos de declara\u00e7\u00e3o pendentes de julgamento. Desta forma, o prefeito p\u00f4de disputar as elei\u00e7\u00f5es municipais e foi reeleito em primeiro turno.\" \/>\n<meta property=\"og:url\" content=\"https:\/\/www.siqueiracastro.com.br\/noticias\/2a-turma-do-stf-suspende-efeitos-de-condenacao-de-prefeito-reeleito\/\" \/>\n<meta property=\"og:site_name\" content=\"Not\u00edcias | Siqueira Castro\" \/>\n<meta property=\"article:publisher\" content=\"https:\/\/www.facebook.com\/siqueiracastro.advogados\" \/>\n<meta property=\"article:published_time\" content=\"2020-12-14T18:38:59+00:00\" \/>\n<meta property=\"article:modified_time\" content=\"2020-12-14T18:43:33+00:00\" \/>\n<meta property=\"og:image\" content=\"https:\/\/www.siqueiracastro.com.br\/noticias\/2020\/12\/4-Washington-Reis-Luis-Macedo-da-Camara-dos-Deputados.jpg\" \/>\n<meta name=\"twitter:card\" content=\"summary_large_image\" \/>\n<meta name=\"twitter:creator\" content=\"@_SiqueiraCastro\" \/>\n<meta name=\"twitter:site\" content=\"@_SiqueiraCastro\" \/>\n<meta name=\"twitter:label1\" content=\"Escrito por\" \/>\n\t<meta name=\"twitter:data1\" content=\"\" \/>\n\t<meta name=\"twitter:label2\" content=\"Est. tempo de leitura\" \/>\n\t<meta name=\"twitter:data2\" content=\"2 minutos\" \/>\n<script type=\"application\/ld+json\" class=\"yoast-schema-graph\">{\"@context\":\"https:\\\/\\\/schema.org\",\"@graph\":[{\"@type\":\"Article\",\"@id\":\"https:\\\/\\\/www.siqueiracastro.com.br\\\/noticias\\\/2a-turma-do-stf-suspende-efeitos-de-condenacao-de-prefeito-reeleito\\\/#article\",\"isPartOf\":{\"@id\":\"https:\\\/\\\/www.siqueiracastro.com.br\\\/noticias\\\/2a-turma-do-stf-suspende-efeitos-de-condenacao-de-prefeito-reeleito\\\/\"},\"author\":{\"name\":\"\",\"@id\":\"\"},\"headline\":\"2\u00aa Turma do STF suspende efeitos de condena\u00e7\u00e3o de prefeito reeleito\",\"datePublished\":\"2020-12-14T18:38:59+00:00\",\"dateModified\":\"2020-12-14T18:43:33+00:00\",\"mainEntityOfPage\":{\"@id\":\"https:\\\/\\\/www.siqueiracastro.com.br\\\/noticias\\\/2a-turma-do-stf-suspende-efeitos-de-condenacao-de-prefeito-reeleito\\\/\"},\"wordCount\":349,\"commentCount\":0,\"publisher\":{\"@id\":\"https:\\\/\\\/www.siqueiracastro.com.br\\\/noticias\\\/#organization\"},\"image\":{\"@id\":\"https:\\\/\\\/www.siqueiracastro.com.br\\\/noticias\\\/2a-turma-do-stf-suspende-efeitos-de-condenacao-de-prefeito-reeleito\\\/#primaryimage\"},\"thumbnailUrl\":\"https:\\\/\\\/www.siqueiracastro.com.br\\\/noticias\\\/2020\\\/12\\\/4-Washington-Reis-Luis-Macedo-da-Camara-dos-Deputados.jpg\",\"keywords\":[\"Informativos\",\"Newsletter Penal Empresarial\"],\"articleSection\":[\"Informativos\"],\"inLanguage\":\"pt-BR\",\"potentialAction\":[{\"@type\":\"CommentAction\",\"name\":\"Comment\",\"target\":[\"https:\\\/\\\/www.siqueiracastro.com.br\\\/noticias\\\/2a-turma-do-stf-suspende-efeitos-de-condenacao-de-prefeito-reeleito\\\/#respond\"]}]},{\"@type\":\"WebPage\",\"@id\":\"https:\\\/\\\/www.siqueiracastro.com.br\\\/noticias\\\/2a-turma-do-stf-suspende-efeitos-de-condenacao-de-prefeito-reeleito\\\/\",\"url\":\"https:\\\/\\\/www.siqueiracastro.com.br\\\/noticias\\\/2a-turma-do-stf-suspende-efeitos-de-condenacao-de-prefeito-reeleito\\\/\",\"name\":\"2\u00aa Turma do STF suspende efeitos de condena\u00e7\u00e3o de prefeito reeleito - Not\u00edcias | Siqueira Castro\",\"isPartOf\":{\"@id\":\"https:\\\/\\\/www.siqueiracastro.com.br\\\/noticias\\\/#website\"},\"primaryImageOfPage\":{\"@id\":\"https:\\\/\\\/www.siqueiracastro.com.br\\\/noticias\\\/2a-turma-do-stf-suspende-efeitos-de-condenacao-de-prefeito-reeleito\\\/#primaryimage\"},\"image\":{\"@id\":\"https:\\\/\\\/www.siqueiracastro.com.br\\\/noticias\\\/2a-turma-do-stf-suspende-efeitos-de-condenacao-de-prefeito-reeleito\\\/#primaryimage\"},\"thumbnailUrl\":\"https:\\\/\\\/www.siqueiracastro.com.br\\\/noticias\\\/2020\\\/12\\\/4-Washington-Reis-Luis-Macedo-da-Camara-dos-Deputados.jpg\",\"datePublished\":\"2020-12-14T18:38:59+00:00\",\"dateModified\":\"2020-12-14T18:43:33+00:00\",\"description\":\"Por maioria de votos, a Segunda Turma do Supremo Tribunal Federal (STF) suspendeu os efeitos da condena\u00e7\u00e3o de Washington Reis de Oliveira, prefeito de Duque de Caxias\\\/RJ, por ainda existirem embargos de declara\u00e7\u00e3o pendentes de julgamento. Desta forma, o prefeito p\u00f4de disputar as elei\u00e7\u00f5es municipais e foi reeleito em primeiro turno.\",\"breadcrumb\":{\"@id\":\"https:\\\/\\\/www.siqueiracastro.com.br\\\/noticias\\\/2a-turma-do-stf-suspende-efeitos-de-condenacao-de-prefeito-reeleito\\\/#breadcrumb\"},\"inLanguage\":\"pt-BR\",\"potentialAction\":[{\"@type\":\"ReadAction\",\"target\":[\"https:\\\/\\\/www.siqueiracastro.com.br\\\/noticias\\\/2a-turma-do-stf-suspende-efeitos-de-condenacao-de-prefeito-reeleito\\\/\"]}]},{\"@type\":\"ImageObject\",\"inLanguage\":\"pt-BR\",\"@id\":\"https:\\\/\\\/www.siqueiracastro.com.br\\\/noticias\\\/2a-turma-do-stf-suspende-efeitos-de-condenacao-de-prefeito-reeleito\\\/#primaryimage\",\"url\":\"https:\\\/\\\/www.siqueiracastro.com.br\\\/noticias\\\/2020\\\/12\\\/4-Washington-Reis-Luis-Macedo-da-Camara-dos-Deputados.jpg\",\"contentUrl\":\"https:\\\/\\\/www.siqueiracastro.com.br\\\/noticias\\\/2020\\\/12\\\/4-Washington-Reis-Luis-Macedo-da-Camara-dos-Deputados.jpg\"},{\"@type\":\"BreadcrumbList\",\"@id\":\"https:\\\/\\\/www.siqueiracastro.com.br\\\/noticias\\\/2a-turma-do-stf-suspende-efeitos-de-condenacao-de-prefeito-reeleito\\\/#breadcrumb\",\"itemListElement\":[{\"@type\":\"ListItem\",\"position\":1,\"name\":\"In\u00edcio\",\"item\":\"https:\\\/\\\/www.siqueiracastro.com.br\\\/noticias\\\/\"},{\"@type\":\"ListItem\",\"position\":2,\"name\":\"2\u00aa Turma do STF suspende efeitos de condena\u00e7\u00e3o de prefeito reeleito\"}]},{\"@type\":\"WebSite\",\"@id\":\"https:\\\/\\\/www.siqueiracastro.com.br\\\/noticias\\\/#website\",\"url\":\"https:\\\/\\\/www.siqueiracastro.com.br\\\/noticias\\\/\",\"name\":\"Not\u00edcias | Siqueira Castro\",\"description\":\"Not\u00edcias Siqueira Castro\",\"publisher\":{\"@id\":\"https:\\\/\\\/www.siqueiracastro.com.br\\\/noticias\\\/#organization\"},\"potentialAction\":[{\"@type\":\"SearchAction\",\"target\":{\"@type\":\"EntryPoint\",\"urlTemplate\":\"https:\\\/\\\/www.siqueiracastro.com.br\\\/noticias\\\/?s={search_term_string}\"},\"query-input\":{\"@type\":\"PropertyValueSpecification\",\"valueRequired\":true,\"valueName\":\"search_term_string\"}}],\"inLanguage\":\"pt-BR\"},{\"@type\":\"Organization\",\"@id\":\"https:\\\/\\\/www.siqueiracastro.com.br\\\/noticias\\\/#organization\",\"name\":\"Not\u00edcias | Siqueira Castro\",\"url\":\"https:\\\/\\\/www.siqueiracastro.com.br\\\/noticias\\\/\",\"logo\":{\"@type\":\"ImageObject\",\"inLanguage\":\"pt-BR\",\"@id\":\"https:\\\/\\\/www.siqueiracastro.com.br\\\/noticias\\\/#\\\/schema\\\/logo\\\/image\\\/\",\"url\":\"https:\\\/\\\/www.siqueiracastro.com.br\\\/noticias\\\/wp-content\\\/uploads\\\/04\\\/logo-sca-mobile.png\",\"contentUrl\":\"https:\\\/\\\/www.siqueiracastro.com.br\\\/noticias\\\/wp-content\\\/uploads\\\/04\\\/logo-sca-mobile.png\",\"width\":286,\"height\":70,\"caption\":\"Not\u00edcias | Siqueira Castro\"},\"image\":{\"@id\":\"https:\\\/\\\/www.siqueiracastro.com.br\\\/noticias\\\/#\\\/schema\\\/logo\\\/image\\\/\"},\"sameAs\":[\"https:\\\/\\\/www.facebook.com\\\/siqueiracastro.advogados\",\"https:\\\/\\\/x.com\\\/_SiqueiraCastro\"]},{\"@type\":\"Person\",\"@id\":\"\",\"url\":\"https:\\\/\\\/www.siqueiracastro.com.br\\\/noticias\\\/author\\\/\"}]}<\/script>\n<!-- \/ Yoast SEO plugin. -->","yoast_head_json":{"title":"2\u00aa Turma do STF suspende efeitos de condena\u00e7\u00e3o de prefeito reeleito - Not\u00edcias | Siqueira Castro","description":"Por maioria de votos, a Segunda Turma do Supremo Tribunal Federal (STF) suspendeu os efeitos da condena\u00e7\u00e3o de Washington Reis de Oliveira, prefeito de Duque de Caxias\/RJ, por ainda existirem embargos de declara\u00e7\u00e3o pendentes de julgamento. Desta forma, o prefeito p\u00f4de disputar as elei\u00e7\u00f5es municipais e foi reeleito em primeiro turno.","robots":{"index":"index","follow":"follow","max-snippet":"max-snippet:-1","max-image-preview":"max-image-preview:large","max-video-preview":"max-video-preview:-1"},"canonical":"https:\/\/www.siqueiracastro.com.br\/noticias\/2a-turma-do-stf-suspende-efeitos-de-condenacao-de-prefeito-reeleito\/","og_locale":"pt_BR","og_type":"article","og_title":"2\u00aa Turma do STF suspende efeitos de condena\u00e7\u00e3o de prefeito reeleito - Not\u00edcias | Siqueira Castro","og_description":"Por maioria de votos, a Segunda Turma do Supremo Tribunal Federal (STF) suspendeu os efeitos da condena\u00e7\u00e3o de Washington Reis de Oliveira, prefeito de Duque de Caxias\/RJ, por ainda existirem embargos de declara\u00e7\u00e3o pendentes de julgamento. Desta forma, o prefeito p\u00f4de disputar as elei\u00e7\u00f5es municipais e foi reeleito em primeiro turno.","og_url":"https:\/\/www.siqueiracastro.com.br\/noticias\/2a-turma-do-stf-suspende-efeitos-de-condenacao-de-prefeito-reeleito\/","og_site_name":"Not\u00edcias | Siqueira Castro","article_publisher":"https:\/\/www.facebook.com\/siqueiracastro.advogados","article_published_time":"2020-12-14T18:38:59+00:00","article_modified_time":"2020-12-14T18:43:33+00:00","og_image":[{"url":"https:\/\/www.siqueiracastro.com.br\/noticias\/2020\/12\/4-Washington-Reis-Luis-Macedo-da-Camara-dos-Deputados.jpg","type":"","width":"","height":""}],"twitter_card":"summary_large_image","twitter_creator":"@_SiqueiraCastro","twitter_site":"@_SiqueiraCastro","twitter_misc":{"Escrito por":"","Est. tempo de leitura":"2 minutos"},"schema":{"@context":"https:\/\/schema.org","@graph":[{"@type":"Article","@id":"https:\/\/www.siqueiracastro.com.br\/noticias\/2a-turma-do-stf-suspende-efeitos-de-condenacao-de-prefeito-reeleito\/#article","isPartOf":{"@id":"https:\/\/www.siqueiracastro.com.br\/noticias\/2a-turma-do-stf-suspende-efeitos-de-condenacao-de-prefeito-reeleito\/"},"author":{"name":"","@id":""},"headline":"2\u00aa Turma do STF suspende efeitos de condena\u00e7\u00e3o de prefeito reeleito","datePublished":"2020-12-14T18:38:59+00:00","dateModified":"2020-12-14T18:43:33+00:00","mainEntityOfPage":{"@id":"https:\/\/www.siqueiracastro.com.br\/noticias\/2a-turma-do-stf-suspende-efeitos-de-condenacao-de-prefeito-reeleito\/"},"wordCount":349,"commentCount":0,"publisher":{"@id":"https:\/\/www.siqueiracastro.com.br\/noticias\/#organization"},"image":{"@id":"https:\/\/www.siqueiracastro.com.br\/noticias\/2a-turma-do-stf-suspende-efeitos-de-condenacao-de-prefeito-reeleito\/#primaryimage"},"thumbnailUrl":"https:\/\/www.siqueiracastro.com.br\/noticias\/2020\/12\/4-Washington-Reis-Luis-Macedo-da-Camara-dos-Deputados.jpg","keywords":["Informativos","Newsletter Penal Empresarial"],"articleSection":["Informativos"],"inLanguage":"pt-BR","potentialAction":[{"@type":"CommentAction","name":"Comment","target":["https:\/\/www.siqueiracastro.com.br\/noticias\/2a-turma-do-stf-suspende-efeitos-de-condenacao-de-prefeito-reeleito\/#respond"]}]},{"@type":"WebPage","@id":"https:\/\/www.siqueiracastro.com.br\/noticias\/2a-turma-do-stf-suspende-efeitos-de-condenacao-de-prefeito-reeleito\/","url":"https:\/\/www.siqueiracastro.com.br\/noticias\/2a-turma-do-stf-suspende-efeitos-de-condenacao-de-prefeito-reeleito\/","name":"2\u00aa Turma do STF suspende efeitos de condena\u00e7\u00e3o de prefeito reeleito - Not\u00edcias | Siqueira Castro","isPartOf":{"@id":"https:\/\/www.siqueiracastro.com.br\/noticias\/#website"},"primaryImageOfPage":{"@id":"https:\/\/www.siqueiracastro.com.br\/noticias\/2a-turma-do-stf-suspende-efeitos-de-condenacao-de-prefeito-reeleito\/#primaryimage"},"image":{"@id":"https:\/\/www.siqueiracastro.com.br\/noticias\/2a-turma-do-stf-suspende-efeitos-de-condenacao-de-prefeito-reeleito\/#primaryimage"},"thumbnailUrl":"https:\/\/www.siqueiracastro.com.br\/noticias\/2020\/12\/4-Washington-Reis-Luis-Macedo-da-Camara-dos-Deputados.jpg","datePublished":"2020-12-14T18:38:59+00:00","dateModified":"2020-12-14T18:43:33+00:00","description":"Por maioria de votos, a Segunda Turma do Supremo Tribunal Federal (STF) suspendeu os efeitos da condena\u00e7\u00e3o de Washington Reis de Oliveira, prefeito de Duque de Caxias\/RJ, por ainda existirem embargos de declara\u00e7\u00e3o pendentes de julgamento. Desta forma, o prefeito p\u00f4de disputar as elei\u00e7\u00f5es municipais e foi reeleito em primeiro turno.","breadcrumb":{"@id":"https:\/\/www.siqueiracastro.com.br\/noticias\/2a-turma-do-stf-suspende-efeitos-de-condenacao-de-prefeito-reeleito\/#breadcrumb"},"inLanguage":"pt-BR","potentialAction":[{"@type":"ReadAction","target":["https:\/\/www.siqueiracastro.com.br\/noticias\/2a-turma-do-stf-suspende-efeitos-de-condenacao-de-prefeito-reeleito\/"]}]},{"@type":"ImageObject","inLanguage":"pt-BR","@id":"https:\/\/www.siqueiracastro.com.br\/noticias\/2a-turma-do-stf-suspende-efeitos-de-condenacao-de-prefeito-reeleito\/#primaryimage","url":"https:\/\/www.siqueiracastro.com.br\/noticias\/2020\/12\/4-Washington-Reis-Luis-Macedo-da-Camara-dos-Deputados.jpg","contentUrl":"https:\/\/www.siqueiracastro.com.br\/noticias\/2020\/12\/4-Washington-Reis-Luis-Macedo-da-Camara-dos-Deputados.jpg"},{"@type":"BreadcrumbList","@id":"https:\/\/www.siqueiracastro.com.br\/noticias\/2a-turma-do-stf-suspende-efeitos-de-condenacao-de-prefeito-reeleito\/#breadcrumb","itemListElement":[{"@type":"ListItem","position":1,"name":"In\u00edcio","item":"https:\/\/www.siqueiracastro.com.br\/noticias\/"},{"@type":"ListItem","position":2,"name":"2\u00aa Turma do STF suspende efeitos de condena\u00e7\u00e3o de prefeito reeleito"}]},{"@type":"WebSite","@id":"https:\/\/www.siqueiracastro.com.br\/noticias\/#website","url":"https:\/\/www.siqueiracastro.com.br\/noticias\/","name":"Not\u00edcias | Siqueira Castro","description":"Not\u00edcias Siqueira Castro","publisher":{"@id":"https:\/\/www.siqueiracastro.com.br\/noticias\/#organization"},"potentialAction":[{"@type":"SearchAction","target":{"@type":"EntryPoint","urlTemplate":"https:\/\/www.siqueiracastro.com.br\/noticias\/?s={search_term_string}"},"query-input":{"@type":"PropertyValueSpecification","valueRequired":true,"valueName":"search_term_string"}}],"inLanguage":"pt-BR"},{"@type":"Organization","@id":"https:\/\/www.siqueiracastro.com.br\/noticias\/#organization","name":"Not\u00edcias | Siqueira Castro","url":"https:\/\/www.siqueiracastro.com.br\/noticias\/","logo":{"@type":"ImageObject","inLanguage":"pt-BR","@id":"https:\/\/www.siqueiracastro.com.br\/noticias\/#\/schema\/logo\/image\/","url":"https:\/\/www.siqueiracastro.com.br\/noticias\/wp-content\/uploads\/04\/logo-sca-mobile.png","contentUrl":"https:\/\/www.siqueiracastro.com.br\/noticias\/wp-content\/uploads\/04\/logo-sca-mobile.png","width":286,"height":70,"caption":"Not\u00edcias | Siqueira Castro"},"image":{"@id":"https:\/\/www.siqueiracastro.com.br\/noticias\/#\/schema\/logo\/image\/"},"sameAs":["https:\/\/www.facebook.com\/siqueiracastro.advogados","https:\/\/x.com\/_SiqueiraCastro"]},{"@type":"Person","@id":"","url":"https:\/\/www.siqueiracastro.com.br\/noticias\/author\/"}]}},"_links":{"self":[{"href":"https:\/\/www.siqueiracastro.com.br\/noticias\/wp-json\/wp\/v2\/posts\/34408","targetHints":{"allow":["GET"]}}],"collection":[{"href":"https:\/\/www.siqueiracastro.com.br\/noticias\/wp-json\/wp\/v2\/posts"}],"about":[{"href":"https:\/\/www.siqueiracastro.com.br\/noticias\/wp-json\/wp\/v2\/types\/post"}],"author":[{"embeddable":true,"href":"https:\/\/www.siqueiracastro.com.br\/noticias\/wp-json\/wp\/v2\/users\/3"}],"replies":[{"embeddable":true,"href":"https:\/\/www.siqueiracastro.com.br\/noticias\/wp-json\/wp\/v2\/comments?post=34408"}],"version-history":[{"count":4,"href":"https:\/\/www.siqueiracastro.com.br\/noticias\/wp-json\/wp\/v2\/posts\/34408\/revisions"}],"predecessor-version":[{"id":34413,"href":"https:\/\/www.siqueiracastro.com.br\/noticias\/wp-json\/wp\/v2\/posts\/34408\/revisions\/34413"}],"wp:attachment":[{"href":"https:\/\/www.siqueiracastro.com.br\/noticias\/wp-json\/wp\/v2\/media?parent=34408"}],"wp:term":[{"taxonomy":"category","embeddable":true,"href":"https:\/\/www.siqueiracastro.com.br\/noticias\/wp-json\/wp\/v2\/categories?post=34408"},{"taxonomy":"post_tag","embeddable":true,"href":"https:\/\/www.siqueiracastro.com.br\/noticias\/wp-json\/wp\/v2\/tags?post=34408"}],"curies":[{"name":"wp","href":"https:\/\/api.w.org\/{rel}","templated":true}]}}