{"id":34421,"date":"2020-12-16T18:19:58","date_gmt":"2020-12-16T20:19:58","guid":{"rendered":"https:\/\/www.siqueiracastro.com.br\/noticias\/?p=34421"},"modified":"2020-12-16T18:20:09","modified_gmt":"2020-12-16T20:20:09","slug":"ultimas-notas-tecnicas-trabalhistas-sobre-a-pandemia","status":"publish","type":"post","link":"https:\/\/www.siqueiracastro.com.br\/noticias\/ultimas-notas-tecnicas-trabalhistas-sobre-a-pandemia\/","title":{"rendered":"\u00daltimas notas t\u00e9cnicas trabalhistas sobre a pandemia"},"content":{"rendered":"\n<p>Em 3 de dezembro, por meio da&nbsp;<strong>Nota T\u00e9cnica GT COVID-19 n\u00ba 20\/2020<\/strong>, o&nbsp;<strong>Minist\u00e9rio P\u00fablico do Trabalho<\/strong>&nbsp;instou os m\u00e9dicos do trabalho a solicitarem \u00e0s empresas a emiss\u00e3o de Comunica\u00e7\u00e3o de Acidente do Trabalho (CAT) para os&nbsp;casos&nbsp;confirmados e&nbsp;suspeitos de contamina\u00e7\u00e3o&nbsp;pelo novo Coronav\u00edrus (SARS-CoV-2), inclusive aqueles em que os testes consignem resultado \u201cn\u00e3o detect\u00e1vel\u201d, mas que haja a suspeita em virtude de contato no ambiente do trabalho, mesmo sem sintomatologia.&nbsp;<\/p>\n\n\n\n<p>Intensificadas as&nbsp;discuss\u00f5es&nbsp;sobre&nbsp;o enquadramento da Covid-19 como doen\u00e7a ocupacional, o Minist\u00e9rio P\u00fablico do Trabalho, como resposta, decidiu modificar parcialmente a reda\u00e7\u00e3o da&nbsp;<strong>Nota T\u00e9cnica GT COVID-19 n\u00ba 20\/2020<\/strong>&nbsp;para, a partir de 11 de dezembro, instar os m\u00e9dicos do trabalho a solicitarem \u00e0s empresas a emiss\u00e3o da Comunica\u00e7\u00e3o de Acidente do Trabalho (CAT) somente para os casos confirmados de diagn\u00f3stico da doen\u00e7a COVID-19, &nbsp;seja por testes ou por crit\u00e9rio cl\u00ednico-epidemiol\u00f3gico, ainda que na suspeita de nexo causal com o trabalho.&nbsp;<\/p>\n\n\n\n<p>Ainda no dia 11,&nbsp;a&nbsp;<strong>Secretaria Especial de Previd\u00eancia e Trabalho \u2013 SEPT<\/strong>&nbsp;editou a&nbsp;<strong>Nota T\u00e9cnica SEI n.\u00ba 56.376\/2020\/ME<\/strong>, com as seguintes no\u00e7\u00f5es gerais: &nbsp;<\/p>\n\n\n\n<ul class=\"wp-block-list\"><li>A Covid-19 n\u00e3o se enquadra no conceito de doen\u00e7a ocupacional por n\u00e3o estar listada no Decreto n.\u00ba 3048\/99, mas pode ser caracterizada como doen\u00e7a do trabalho, se demonstrado que foi adquirida ou desencadeada em fun\u00e7\u00e3o de condi\u00e7\u00f5es especiais em que o trabalho tenha sido realizado e com ele se relacione diretamente;&nbsp;<\/li><\/ul>\n\n\n\n<ul class=\"wp-block-list\"><li>A Covid-19 pode se constituir ainda&nbsp;<em>&#8220;num acidente de trabalho por doen\u00e7a equiparada, na hip\u00f3tese em que a doen\u00e7a seja proveniente de contamina\u00e7\u00e3o acidental do empregado pelo v\u00edrus SARS-CoV-2 no exerc\u00edcio de sua atividade&#8221;<\/em>; e&nbsp;<\/li><\/ul>\n\n\n\n<ul class=\"wp-block-list\"><li>Em quaisquer das hip\u00f3teses acima,\u00a0<em>&#8220;ser\u00e1 a Per\u00edcia M\u00e9dica Federal que dever\u00e1 caracterizar tecnicamente a identifica\u00e7\u00e3o do nexo causal entre o trabalho e o agravo, n\u00e3o militando em favor do empregado, a princ\u00edpio, presun\u00e7\u00e3o legal de que a contamina\u00e7\u00e3o constitua-se em doen\u00e7a ocupacional&#8221;<\/em>.\u00a0<\/li><\/ul>\n\n\n\n<p>Segundo a&nbsp;<strong>Nota T\u00e9cnica SEI n.\u00ba 56.376\/2020\/ME<\/strong>, o posicionamento da SEPT est\u00e1 pautado na disciplina trazida pela&nbsp;<strong>Lei n\u00ba. 8.213<\/strong><strong>\/1991<\/strong>, haja vista o encerramento da vig\u00eancia da&nbsp;<strong>MPV 927\/2020&nbsp;<\/strong>e a perda do objeto das&nbsp;<strong>ADIs n\u00ba. 6344<\/strong>,<strong>&nbsp;6346<\/strong>,&nbsp;<strong>6348<\/strong>,&nbsp;<strong>6349<\/strong>,&nbsp;<strong>6352<\/strong>&nbsp;e&nbsp;<strong>6354<\/strong>.&nbsp;<\/p>\n\n\n\n<p>Nossos s\u00f3cios e advogados do\u00a0<strong>N\u00facleo Estrat\u00e9gico Trabalhista<\/strong> est\u00e3o \u00e0 disposi\u00e7\u00e3o para informa\u00e7\u00f5es adicionais e orienta\u00e7\u00f5es sobre o tema.<\/p>\n\n\n\n<p>Andr\u00e9 de Souza Santos<br><a href=\"mailto:andresantos@siqueiracastro.com.br\">andresantos@siqueiracastro.com.br<\/a><\/p>\n\n\n\n<p>Otavio Silva\u00a0<br>otavio@siqueiracastro.com.br<\/p>\n\n\n\n<p>Vera Silvia Leit\u00e3o Assun\u00e7\u00e3o de Oliveira<br>vsloliveira@siqueiracastro.com.br<\/p>\n","protected":false},"excerpt":{"rendered":"<p>Em 3 de dezembro, por meio da&nbsp;Nota T\u00e9cnica GT COVID-19 n\u00ba 20\/2020, o&nbsp;Minist\u00e9rio P\u00fablico do Trabalho&nbsp;instou os m\u00e9dicos do trabalho a solicitarem \u00e0s empresas a emiss\u00e3o de Comunica\u00e7\u00e3o de Acidente do Trabalho (CAT) para os&nbsp;casos&nbsp;confirmados e&nbsp;suspeitos de contamina\u00e7\u00e3o&nbsp;pelo novo Coronav\u00edrus (SARS-CoV-2), inclusive aqueles em que os testes consignem resultado \u201cn\u00e3o detect\u00e1vel\u201d, mas que haja a [&hellip;]<\/p>\n","protected":false},"author":4,"featured_media":0,"comment_status":"open","ping_status":"open","sticky":false,"template":"","format":"standard","meta":{"_acf_changed":false,"footnotes":""},"categories":[5],"tags":[112],"class_list":["post-34421","post","type-post","status-publish","format-standard","hentry","category-informativos","tag-direito-do-trabalho"],"fields":{"_edit_lock":["1608150111:4"],"tdc_dirty_content":["1"],"tdc_icon_fonts":["a:0:{}"],"tdc_google_fonts":["a:0:{}"],"_edit_last":["4"],"arquivo":[""],"_arquivo":["field_5cd093c67f0aa"],"subtitulo":[""],"_subtitulo":["field_5cc755a87dc0e"],"fonte":[""],"_fonte":["field_5cc73bceda287"],"_yoast_wpseo_primary_category":["5"],"td_post_theme_settings":["a:2:{s:16:\"td_post_template\";s:15:\"single_template\";s:14:\"td_primary_cat\";s:1:\"5\";}"],"_yoast_wpseo_content_score":["30"],"post_views_count":["1033"]},"acf":[],"yoast_head":"<!-- This site is optimized with the Yoast SEO plugin v27.4 - https:\/\/yoast.com\/product\/yoast-seo-wordpress\/ -->\n<title>\u00daltimas notas t\u00e9cnicas trabalhistas sobre a pandemia - Not\u00edcias | Siqueira Castro<\/title>\n<meta name=\"robots\" content=\"index, follow, max-snippet:-1, max-image-preview:large, max-video-preview:-1\" \/>\n<link rel=\"canonical\" href=\"https:\/\/www.siqueiracastro.com.br\/noticias\/ultimas-notas-tecnicas-trabalhistas-sobre-a-pandemia\/\" \/>\n<meta property=\"og:locale\" content=\"pt_BR\" \/>\n<meta property=\"og:type\" content=\"article\" \/>\n<meta property=\"og:title\" content=\"\u00daltimas notas t\u00e9cnicas trabalhistas sobre a pandemia - Not\u00edcias | Siqueira Castro\" \/>\n<meta property=\"og:description\" content=\"Em 3 de dezembro, por meio da&nbsp;Nota T\u00e9cnica GT COVID-19 n\u00ba 20\/2020, o&nbsp;Minist\u00e9rio P\u00fablico do Trabalho&nbsp;instou os m\u00e9dicos do trabalho a solicitarem \u00e0s empresas a emiss\u00e3o de Comunica\u00e7\u00e3o de Acidente do Trabalho (CAT) para os&nbsp;casos&nbsp;confirmados e&nbsp;suspeitos de contamina\u00e7\u00e3o&nbsp;pelo novo Coronav\u00edrus (SARS-CoV-2), inclusive aqueles em que os testes consignem resultado \u201cn\u00e3o detect\u00e1vel\u201d, mas que haja a [&hellip;]\" \/>\n<meta property=\"og:url\" content=\"https:\/\/www.siqueiracastro.com.br\/noticias\/ultimas-notas-tecnicas-trabalhistas-sobre-a-pandemia\/\" \/>\n<meta property=\"og:site_name\" content=\"Not\u00edcias | Siqueira Castro\" \/>\n<meta property=\"article:publisher\" content=\"https:\/\/www.facebook.com\/siqueiracastro.advogados\" \/>\n<meta property=\"article:published_time\" content=\"2020-12-16T20:19:58+00:00\" \/>\n<meta property=\"article:modified_time\" content=\"2020-12-16T20:20:09+00:00\" \/>\n<meta name=\"twitter:card\" content=\"summary_large_image\" \/>\n<meta name=\"twitter:creator\" content=\"@_SiqueiraCastro\" \/>\n<meta name=\"twitter:site\" content=\"@_SiqueiraCastro\" \/>\n<meta name=\"twitter:label1\" content=\"Escrito por\" \/>\n\t<meta name=\"twitter:data1\" content=\"\" \/>\n\t<meta name=\"twitter:label2\" content=\"Est. tempo de leitura\" \/>\n\t<meta name=\"twitter:data2\" content=\"2 minutos\" \/>\n<script type=\"application\/ld+json\" class=\"yoast-schema-graph\">{\"@context\":\"https:\\\/\\\/schema.org\",\"@graph\":[{\"@type\":\"Article\",\"@id\":\"https:\\\/\\\/www.siqueiracastro.com.br\\\/noticias\\\/ultimas-notas-tecnicas-trabalhistas-sobre-a-pandemia\\\/#article\",\"isPartOf\":{\"@id\":\"https:\\\/\\\/www.siqueiracastro.com.br\\\/noticias\\\/ultimas-notas-tecnicas-trabalhistas-sobre-a-pandemia\\\/\"},\"author\":{\"name\":\"\",\"@id\":\"\"},\"headline\":\"\u00daltimas notas t\u00e9cnicas trabalhistas sobre a pandemia\",\"datePublished\":\"2020-12-16T20:19:58+00:00\",\"dateModified\":\"2020-12-16T20:20:09+00:00\",\"mainEntityOfPage\":{\"@id\":\"https:\\\/\\\/www.siqueiracastro.com.br\\\/noticias\\\/ultimas-notas-tecnicas-trabalhistas-sobre-a-pandemia\\\/\"},\"wordCount\":482,\"commentCount\":0,\"publisher\":{\"@id\":\"https:\\\/\\\/www.siqueiracastro.com.br\\\/noticias\\\/#organization\"},\"keywords\":[\"Direito do Trabalho\"],\"articleSection\":[\"Informativos\"],\"inLanguage\":\"pt-BR\",\"potentialAction\":[{\"@type\":\"CommentAction\",\"name\":\"Comment\",\"target\":[\"https:\\\/\\\/www.siqueiracastro.com.br\\\/noticias\\\/ultimas-notas-tecnicas-trabalhistas-sobre-a-pandemia\\\/#respond\"]}]},{\"@type\":\"WebPage\",\"@id\":\"https:\\\/\\\/www.siqueiracastro.com.br\\\/noticias\\\/ultimas-notas-tecnicas-trabalhistas-sobre-a-pandemia\\\/\",\"url\":\"https:\\\/\\\/www.siqueiracastro.com.br\\\/noticias\\\/ultimas-notas-tecnicas-trabalhistas-sobre-a-pandemia\\\/\",\"name\":\"\u00daltimas notas t\u00e9cnicas trabalhistas sobre a pandemia - Not\u00edcias | Siqueira Castro\",\"isPartOf\":{\"@id\":\"https:\\\/\\\/www.siqueiracastro.com.br\\\/noticias\\\/#website\"},\"datePublished\":\"2020-12-16T20:19:58+00:00\",\"dateModified\":\"2020-12-16T20:20:09+00:00\",\"breadcrumb\":{\"@id\":\"https:\\\/\\\/www.siqueiracastro.com.br\\\/noticias\\\/ultimas-notas-tecnicas-trabalhistas-sobre-a-pandemia\\\/#breadcrumb\"},\"inLanguage\":\"pt-BR\",\"potentialAction\":[{\"@type\":\"ReadAction\",\"target\":[\"https:\\\/\\\/www.siqueiracastro.com.br\\\/noticias\\\/ultimas-notas-tecnicas-trabalhistas-sobre-a-pandemia\\\/\"]}]},{\"@type\":\"BreadcrumbList\",\"@id\":\"https:\\\/\\\/www.siqueiracastro.com.br\\\/noticias\\\/ultimas-notas-tecnicas-trabalhistas-sobre-a-pandemia\\\/#breadcrumb\",\"itemListElement\":[{\"@type\":\"ListItem\",\"position\":1,\"name\":\"In\u00edcio\",\"item\":\"https:\\\/\\\/www.siqueiracastro.com.br\\\/noticias\\\/\"},{\"@type\":\"ListItem\",\"position\":2,\"name\":\"\u00daltimas notas t\u00e9cnicas trabalhistas sobre a pandemia\"}]},{\"@type\":\"WebSite\",\"@id\":\"https:\\\/\\\/www.siqueiracastro.com.br\\\/noticias\\\/#website\",\"url\":\"https:\\\/\\\/www.siqueiracastro.com.br\\\/noticias\\\/\",\"name\":\"Not\u00edcias | Siqueira Castro\",\"description\":\"Not\u00edcias Siqueira Castro\",\"publisher\":{\"@id\":\"https:\\\/\\\/www.siqueiracastro.com.br\\\/noticias\\\/#organization\"},\"potentialAction\":[{\"@type\":\"SearchAction\",\"target\":{\"@type\":\"EntryPoint\",\"urlTemplate\":\"https:\\\/\\\/www.siqueiracastro.com.br\\\/noticias\\\/?s={search_term_string}\"},\"query-input\":{\"@type\":\"PropertyValueSpecification\",\"valueRequired\":true,\"valueName\":\"search_term_string\"}}],\"inLanguage\":\"pt-BR\"},{\"@type\":\"Organization\",\"@id\":\"https:\\\/\\\/www.siqueiracastro.com.br\\\/noticias\\\/#organization\",\"name\":\"Not\u00edcias | Siqueira Castro\",\"url\":\"https:\\\/\\\/www.siqueiracastro.com.br\\\/noticias\\\/\",\"logo\":{\"@type\":\"ImageObject\",\"inLanguage\":\"pt-BR\",\"@id\":\"https:\\\/\\\/www.siqueiracastro.com.br\\\/noticias\\\/#\\\/schema\\\/logo\\\/image\\\/\",\"url\":\"https:\\\/\\\/www.siqueiracastro.com.br\\\/noticias\\\/wp-content\\\/uploads\\\/04\\\/logo-sca-mobile.png\",\"contentUrl\":\"https:\\\/\\\/www.siqueiracastro.com.br\\\/noticias\\\/wp-content\\\/uploads\\\/04\\\/logo-sca-mobile.png\",\"width\":286,\"height\":70,\"caption\":\"Not\u00edcias | Siqueira Castro\"},\"image\":{\"@id\":\"https:\\\/\\\/www.siqueiracastro.com.br\\\/noticias\\\/#\\\/schema\\\/logo\\\/image\\\/\"},\"sameAs\":[\"https:\\\/\\\/www.facebook.com\\\/siqueiracastro.advogados\",\"https:\\\/\\\/x.com\\\/_SiqueiraCastro\"]},{\"@type\":\"Person\",\"@id\":\"\",\"url\":\"https:\\\/\\\/www.siqueiracastro.com.br\\\/noticias\\\/author\\\/\"}]}<\/script>\n<!-- \/ Yoast SEO plugin. -->","yoast_head_json":{"title":"\u00daltimas notas t\u00e9cnicas trabalhistas sobre a pandemia - Not\u00edcias | Siqueira Castro","robots":{"index":"index","follow":"follow","max-snippet":"max-snippet:-1","max-image-preview":"max-image-preview:large","max-video-preview":"max-video-preview:-1"},"canonical":"https:\/\/www.siqueiracastro.com.br\/noticias\/ultimas-notas-tecnicas-trabalhistas-sobre-a-pandemia\/","og_locale":"pt_BR","og_type":"article","og_title":"\u00daltimas notas t\u00e9cnicas trabalhistas sobre a pandemia - Not\u00edcias | Siqueira Castro","og_description":"Em 3 de dezembro, por meio da&nbsp;Nota T\u00e9cnica GT COVID-19 n\u00ba 20\/2020, o&nbsp;Minist\u00e9rio P\u00fablico do Trabalho&nbsp;instou os m\u00e9dicos do trabalho a solicitarem \u00e0s empresas a emiss\u00e3o de Comunica\u00e7\u00e3o de Acidente do Trabalho (CAT) para os&nbsp;casos&nbsp;confirmados e&nbsp;suspeitos de contamina\u00e7\u00e3o&nbsp;pelo novo Coronav\u00edrus (SARS-CoV-2), inclusive aqueles em que os testes consignem resultado \u201cn\u00e3o detect\u00e1vel\u201d, mas que haja a [&hellip;]","og_url":"https:\/\/www.siqueiracastro.com.br\/noticias\/ultimas-notas-tecnicas-trabalhistas-sobre-a-pandemia\/","og_site_name":"Not\u00edcias | Siqueira Castro","article_publisher":"https:\/\/www.facebook.com\/siqueiracastro.advogados","article_published_time":"2020-12-16T20:19:58+00:00","article_modified_time":"2020-12-16T20:20:09+00:00","twitter_card":"summary_large_image","twitter_creator":"@_SiqueiraCastro","twitter_site":"@_SiqueiraCastro","twitter_misc":{"Escrito por":"","Est. tempo de leitura":"2 minutos"},"schema":{"@context":"https:\/\/schema.org","@graph":[{"@type":"Article","@id":"https:\/\/www.siqueiracastro.com.br\/noticias\/ultimas-notas-tecnicas-trabalhistas-sobre-a-pandemia\/#article","isPartOf":{"@id":"https:\/\/www.siqueiracastro.com.br\/noticias\/ultimas-notas-tecnicas-trabalhistas-sobre-a-pandemia\/"},"author":{"name":"","@id":""},"headline":"\u00daltimas notas t\u00e9cnicas trabalhistas sobre a pandemia","datePublished":"2020-12-16T20:19:58+00:00","dateModified":"2020-12-16T20:20:09+00:00","mainEntityOfPage":{"@id":"https:\/\/www.siqueiracastro.com.br\/noticias\/ultimas-notas-tecnicas-trabalhistas-sobre-a-pandemia\/"},"wordCount":482,"commentCount":0,"publisher":{"@id":"https:\/\/www.siqueiracastro.com.br\/noticias\/#organization"},"keywords":["Direito do Trabalho"],"articleSection":["Informativos"],"inLanguage":"pt-BR","potentialAction":[{"@type":"CommentAction","name":"Comment","target":["https:\/\/www.siqueiracastro.com.br\/noticias\/ultimas-notas-tecnicas-trabalhistas-sobre-a-pandemia\/#respond"]}]},{"@type":"WebPage","@id":"https:\/\/www.siqueiracastro.com.br\/noticias\/ultimas-notas-tecnicas-trabalhistas-sobre-a-pandemia\/","url":"https:\/\/www.siqueiracastro.com.br\/noticias\/ultimas-notas-tecnicas-trabalhistas-sobre-a-pandemia\/","name":"\u00daltimas notas t\u00e9cnicas trabalhistas sobre a pandemia - Not\u00edcias | Siqueira Castro","isPartOf":{"@id":"https:\/\/www.siqueiracastro.com.br\/noticias\/#website"},"datePublished":"2020-12-16T20:19:58+00:00","dateModified":"2020-12-16T20:20:09+00:00","breadcrumb":{"@id":"https:\/\/www.siqueiracastro.com.br\/noticias\/ultimas-notas-tecnicas-trabalhistas-sobre-a-pandemia\/#breadcrumb"},"inLanguage":"pt-BR","potentialAction":[{"@type":"ReadAction","target":["https:\/\/www.siqueiracastro.com.br\/noticias\/ultimas-notas-tecnicas-trabalhistas-sobre-a-pandemia\/"]}]},{"@type":"BreadcrumbList","@id":"https:\/\/www.siqueiracastro.com.br\/noticias\/ultimas-notas-tecnicas-trabalhistas-sobre-a-pandemia\/#breadcrumb","itemListElement":[{"@type":"ListItem","position":1,"name":"In\u00edcio","item":"https:\/\/www.siqueiracastro.com.br\/noticias\/"},{"@type":"ListItem","position":2,"name":"\u00daltimas notas t\u00e9cnicas trabalhistas sobre a pandemia"}]},{"@type":"WebSite","@id":"https:\/\/www.siqueiracastro.com.br\/noticias\/#website","url":"https:\/\/www.siqueiracastro.com.br\/noticias\/","name":"Not\u00edcias | Siqueira Castro","description":"Not\u00edcias Siqueira Castro","publisher":{"@id":"https:\/\/www.siqueiracastro.com.br\/noticias\/#organization"},"potentialAction":[{"@type":"SearchAction","target":{"@type":"EntryPoint","urlTemplate":"https:\/\/www.siqueiracastro.com.br\/noticias\/?s={search_term_string}"},"query-input":{"@type":"PropertyValueSpecification","valueRequired":true,"valueName":"search_term_string"}}],"inLanguage":"pt-BR"},{"@type":"Organization","@id":"https:\/\/www.siqueiracastro.com.br\/noticias\/#organization","name":"Not\u00edcias | Siqueira Castro","url":"https:\/\/www.siqueiracastro.com.br\/noticias\/","logo":{"@type":"ImageObject","inLanguage":"pt-BR","@id":"https:\/\/www.siqueiracastro.com.br\/noticias\/#\/schema\/logo\/image\/","url":"https:\/\/www.siqueiracastro.com.br\/noticias\/wp-content\/uploads\/04\/logo-sca-mobile.png","contentUrl":"https:\/\/www.siqueiracastro.com.br\/noticias\/wp-content\/uploads\/04\/logo-sca-mobile.png","width":286,"height":70,"caption":"Not\u00edcias | Siqueira Castro"},"image":{"@id":"https:\/\/www.siqueiracastro.com.br\/noticias\/#\/schema\/logo\/image\/"},"sameAs":["https:\/\/www.facebook.com\/siqueiracastro.advogados","https:\/\/x.com\/_SiqueiraCastro"]},{"@type":"Person","@id":"","url":"https:\/\/www.siqueiracastro.com.br\/noticias\/author\/"}]}},"_links":{"self":[{"href":"https:\/\/www.siqueiracastro.com.br\/noticias\/wp-json\/wp\/v2\/posts\/34421","targetHints":{"allow":["GET"]}}],"collection":[{"href":"https:\/\/www.siqueiracastro.com.br\/noticias\/wp-json\/wp\/v2\/posts"}],"about":[{"href":"https:\/\/www.siqueiracastro.com.br\/noticias\/wp-json\/wp\/v2\/types\/post"}],"author":[{"embeddable":true,"href":"https:\/\/www.siqueiracastro.com.br\/noticias\/wp-json\/wp\/v2\/users\/4"}],"replies":[{"embeddable":true,"href":"https:\/\/www.siqueiracastro.com.br\/noticias\/wp-json\/wp\/v2\/comments?post=34421"}],"version-history":[{"count":1,"href":"https:\/\/www.siqueiracastro.com.br\/noticias\/wp-json\/wp\/v2\/posts\/34421\/revisions"}],"predecessor-version":[{"id":34422,"href":"https:\/\/www.siqueiracastro.com.br\/noticias\/wp-json\/wp\/v2\/posts\/34421\/revisions\/34422"}],"wp:attachment":[{"href":"https:\/\/www.siqueiracastro.com.br\/noticias\/wp-json\/wp\/v2\/media?parent=34421"}],"wp:term":[{"taxonomy":"category","embeddable":true,"href":"https:\/\/www.siqueiracastro.com.br\/noticias\/wp-json\/wp\/v2\/categories?post=34421"},{"taxonomy":"post_tag","embeddable":true,"href":"https:\/\/www.siqueiracastro.com.br\/noticias\/wp-json\/wp\/v2\/tags?post=34421"}],"curies":[{"name":"wp","href":"https:\/\/api.w.org\/{rel}","templated":true}]}}