{"id":34493,"date":"2021-02-24T10:16:33","date_gmt":"2021-02-24T13:16:33","guid":{"rendered":"https:\/\/www.siqueiracastro.com.br\/noticias\/?p=34493"},"modified":"2021-02-24T10:16:37","modified_gmt":"2021-02-24T13:16:37","slug":"autoridade-nacional-de-protecao-de-dados-anpd-firmara-acordo-de-cooperacao-tecnica-com-a-senacon","status":"publish","type":"post","link":"https:\/\/www.siqueiracastro.com.br\/noticias\/autoridade-nacional-de-protecao-de-dados-anpd-firmara-acordo-de-cooperacao-tecnica-com-a-senacon\/","title":{"rendered":"Autoridade Nacional de Prote\u00e7\u00e3o de Dados (ANPD) firmar\u00e1 acordo de coopera\u00e7\u00e3o t\u00e9cnica com a Senacon"},"content":{"rendered":"\n<p>Recentemente temos visto diversas atua\u00e7\u00f5es da Secretaria Nacional de Defesa do Consumidor visando coibir vazamento ou compartilhamento indevido de dados de in\u00fameros consumidores brasileiros. Visando aprimorar essa prote\u00e7\u00e3o, foi divulgado recentemente um projeto que tem como objetivo integrar a Autoridade Nacional de Prote\u00e7\u00e3o de Dados com a Secretaria, respeitando o que se encontra previsto no art. 55-J par\u00e1grafo terceiro da Lei Geral de Prote\u00e7\u00e3o de Dados Pessoais: \u201c&nbsp;<em>A ANPD e os \u00f3rg\u00e3os e entidades p\u00fablicos respons\u00e1veis pela regula\u00e7\u00e3o de setores espec\u00edficos da atividade econ\u00f4mica e governamental devem coordenar suas atividades, nas correspondentes esferas de atua\u00e7\u00e3o, com vistas a assegurar o cumprimento de suas atribui\u00e7\u00f5es com a maior efici\u00eancia e promover o adequado funcionamento dos setores regulados, conforme legisla\u00e7\u00e3o espec\u00edfica, e o tratamento de dados pessoais, na forma desta Lei\u201d.<\/em><\/p>\n\n\n\n<p><a href=\"https:\/\/www.gov.br\/mj\/pt-br\/assuntos\/noticias\/secretaria-nacional-do-consumidor-se-reune-com-anpd-para-tratar-de-acordo-para-protecao-de-dados-dos-consumidores\">Leia<\/a><\/p>\n\n\n\n<p><strong><em>E por falar em Prote\u00e7\u00e3o de Dados&#8230;<\/em><\/strong><\/p>\n\n\n\n<h2 class=\"wp-block-heading\"><strong>ANPD inicia processo de regulamenta\u00e7\u00e3o sobre incidentes de seguran\u00e7a com tomada de subs\u00eddios<\/strong><\/h2>\n\n\n\n<p>Al\u00e9m de receber contribui\u00e7\u00f5es da sociedade para futura regulamenta\u00e7\u00e3o, a Autoridade disponibilizou um formul\u00e1rio para comunica\u00e7\u00e3o de incidentes de seguran\u00e7a \u00e0 ANPD<\/p>\n\n\n\n<p>Um incidente de seguran\u00e7a de dados pessoais \u00e9 qualquer evento adverso, confirmado ou sob suspeita, relacionado \u00e0 viola\u00e7\u00e3o na seguran\u00e7a de dados pessoais, tais como acesso n\u00e3o autorizado, acidental ou il\u00edcito que resulte na destrui\u00e7\u00e3o, perda, altera\u00e7\u00e3o, vazamento ou ainda, qualquer forma de tratamento de dados inadequada ou il\u00edcita, os quais possam ocasionar risco para os direitos e liberdades do titular dos dados pessoais.<\/p>\n\n\n\n<p>O art. 47 da Lei n\u00ba 13.709\/2018 (Lei Geral de Prote\u00e7\u00e3o de Dados \u2013 LGPD) determina que os agentes de tratamento de dados pessoais devem adotar medidas de seguran\u00e7a, t\u00e9cnicas e administrativas aptas a proteger os dados pessoais de acessos n\u00e3o autorizados e de situa\u00e7\u00f5es acidentais ou il\u00edcitas de destrui\u00e7\u00e3o, perda, altera\u00e7\u00e3o, comunica\u00e7\u00e3o ou qualquer forma de tratamento inadequado ou il\u00edcito.<\/p>\n\n\n\n<p><a href=\"https:\/\/www.gov.br\/anpd\/pt-br\/assuntos\/noticias\/anpd-inicia-processo-de-regulamentacao-sobre-incidentes-de-seguranca-com-tomada-de-subsidios\">Leia<\/a><\/p>\n\n\n\n<h2 class=\"wp-block-heading\"><strong>ANPD inicia tomada de subs\u00eddios sobre micro e pequena empresa<\/strong><\/h2>\n\n\n\n<p>ANPD iniciou no dia 29 de janeiro de 2021 a tomada de subs\u00eddios sobre a regulamenta\u00e7\u00e3o da aplica\u00e7\u00e3o da Lei n\u00ba 13.709\/2018, a Lei Geral de Prote\u00e7\u00e3o de Dados Pessoais, para microempresas e empresas de pequeno porte, bem como iniciativas empresariais de car\u00e1ter incremental ou disruptivo que se autodeclarem startups ou empresas de inova\u00e7\u00e3o e pessoas f\u00edsicas que tratam dados pessoais com fins econ\u00f4micos. As contribui\u00e7\u00f5es devem seguir o modelo divulgado no site da Autoridade e podem ser enviadas at\u00e9 o dia 1\u00ba de mar\u00e7o de 2021.<\/p>\n\n\n\n<p><a href=\"https:\/\/www.gov.br\/anpd\/pt-br\/assuntos\/noticias\/ainda-na-semana-internacional-da-protecao-de-dados-anpd-inicia-tomada-de-subsidios-sobre-microempresa\">Leia<\/a><\/p>\n","protected":false},"excerpt":{"rendered":"<p>Recentemente temos visto diversas atua\u00e7\u00f5es da Secretaria Nacional de Defesa do Consumidor visando coibir vazamento ou compartilhamento indevido de dados de in\u00fameros consumidores brasileiros. Visando aprimorar essa prote\u00e7\u00e3o, foi divulgado recentemente um projeto que tem como objetivo integrar a Autoridade Nacional de Prote\u00e7\u00e3o de Dados com a Secretaria, respeitando o que se encontra previsto no [&hellip;]<\/p>\n","protected":false},"author":4,"featured_media":0,"comment_status":"open","ping_status":"open","sticky":false,"template":"","format":"standard","meta":{"_acf_changed":false,"footnotes":""},"categories":[5],"tags":[147],"class_list":["post-34493","post","type-post","status-publish","format-standard","hentry","category-informativos","tag-relacoes-de-consumo"],"fields":{"_edit_lock":["1614172919:4"],"_last_editor_used_jetpack":["block-editor"],"tdc_icon_fonts":["a:0:{}"],"tdc_google_fonts":["a:0:{}"],"tdc_dirty_content":["1"],"_edit_last":["4"],"arquivo":[""],"_arquivo":["field_5cd093c67f0aa"],"subtitulo":[""],"_subtitulo":["field_5cc755a87dc0e"],"fonte":[""],"_fonte":["field_5cc73bceda287"],"_yoast_wpseo_primary_category":["5"],"td_post_theme_settings":["a:2:{s:16:\"td_post_template\";s:15:\"single_template\";s:14:\"td_primary_cat\";s:1:\"5\";}"],"_yoast_wpseo_content_score":["30"],"post_views_count":["754"]},"acf":[],"yoast_head":"<!-- This site is optimized with the Yoast SEO plugin v27.4 - https:\/\/yoast.com\/product\/yoast-seo-wordpress\/ -->\n<title>Autoridade Nacional de Prote\u00e7\u00e3o de Dados (ANPD) firmar\u00e1 acordo de coopera\u00e7\u00e3o t\u00e9cnica com a Senacon - Not\u00edcias | Siqueira Castro<\/title>\n<meta name=\"robots\" content=\"index, follow, max-snippet:-1, max-image-preview:large, max-video-preview:-1\" \/>\n<link rel=\"canonical\" href=\"https:\/\/www.siqueiracastro.com.br\/noticias\/autoridade-nacional-de-protecao-de-dados-anpd-firmara-acordo-de-cooperacao-tecnica-com-a-senacon\/\" \/>\n<meta property=\"og:locale\" content=\"pt_BR\" \/>\n<meta property=\"og:type\" content=\"article\" \/>\n<meta property=\"og:title\" content=\"Autoridade Nacional de Prote\u00e7\u00e3o de Dados (ANPD) firmar\u00e1 acordo de coopera\u00e7\u00e3o t\u00e9cnica com a Senacon - Not\u00edcias | Siqueira Castro\" \/>\n<meta property=\"og:description\" content=\"Recentemente temos visto diversas atua\u00e7\u00f5es da Secretaria Nacional de Defesa do Consumidor visando coibir vazamento ou compartilhamento indevido de dados de in\u00fameros consumidores brasileiros. Visando aprimorar essa prote\u00e7\u00e3o, foi divulgado recentemente um projeto que tem como objetivo integrar a Autoridade Nacional de Prote\u00e7\u00e3o de Dados com a Secretaria, respeitando o que se encontra previsto no [&hellip;]\" \/>\n<meta property=\"og:url\" content=\"https:\/\/www.siqueiracastro.com.br\/noticias\/autoridade-nacional-de-protecao-de-dados-anpd-firmara-acordo-de-cooperacao-tecnica-com-a-senacon\/\" \/>\n<meta property=\"og:site_name\" content=\"Not\u00edcias | Siqueira Castro\" \/>\n<meta property=\"article:publisher\" content=\"https:\/\/www.facebook.com\/siqueiracastro.advogados\" \/>\n<meta property=\"article:published_time\" content=\"2021-02-24T13:16:33+00:00\" \/>\n<meta property=\"article:modified_time\" content=\"2021-02-24T13:16:37+00:00\" \/>\n<meta name=\"twitter:card\" content=\"summary_large_image\" \/>\n<meta name=\"twitter:creator\" content=\"@_SiqueiraCastro\" \/>\n<meta name=\"twitter:site\" content=\"@_SiqueiraCastro\" \/>\n<meta name=\"twitter:label1\" content=\"Escrito por\" \/>\n\t<meta name=\"twitter:data1\" content=\"\" \/>\n\t<meta name=\"twitter:label2\" content=\"Est. tempo de leitura\" \/>\n\t<meta name=\"twitter:data2\" content=\"2 minutos\" \/>\n<script type=\"application\/ld+json\" class=\"yoast-schema-graph\">{\"@context\":\"https:\\\/\\\/schema.org\",\"@graph\":[{\"@type\":\"Article\",\"@id\":\"https:\\\/\\\/www.siqueiracastro.com.br\\\/noticias\\\/autoridade-nacional-de-protecao-de-dados-anpd-firmara-acordo-de-cooperacao-tecnica-com-a-senacon\\\/#article\",\"isPartOf\":{\"@id\":\"https:\\\/\\\/www.siqueiracastro.com.br\\\/noticias\\\/autoridade-nacional-de-protecao-de-dados-anpd-firmara-acordo-de-cooperacao-tecnica-com-a-senacon\\\/\"},\"author\":{\"name\":\"\",\"@id\":\"\"},\"headline\":\"Autoridade Nacional de Prote\u00e7\u00e3o de Dados (ANPD) firmar\u00e1 acordo de coopera\u00e7\u00e3o t\u00e9cnica com a Senacon\",\"datePublished\":\"2021-02-24T13:16:33+00:00\",\"dateModified\":\"2021-02-24T13:16:37+00:00\",\"mainEntityOfPage\":{\"@id\":\"https:\\\/\\\/www.siqueiracastro.com.br\\\/noticias\\\/autoridade-nacional-de-protecao-de-dados-anpd-firmara-acordo-de-cooperacao-tecnica-com-a-senacon\\\/\"},\"wordCount\":460,\"commentCount\":0,\"publisher\":{\"@id\":\"https:\\\/\\\/www.siqueiracastro.com.br\\\/noticias\\\/#organization\"},\"keywords\":[\"Rela\u00e7\u00f5es de consumo\"],\"articleSection\":[\"Informativos\"],\"inLanguage\":\"pt-BR\",\"potentialAction\":[{\"@type\":\"CommentAction\",\"name\":\"Comment\",\"target\":[\"https:\\\/\\\/www.siqueiracastro.com.br\\\/noticias\\\/autoridade-nacional-de-protecao-de-dados-anpd-firmara-acordo-de-cooperacao-tecnica-com-a-senacon\\\/#respond\"]}]},{\"@type\":\"WebPage\",\"@id\":\"https:\\\/\\\/www.siqueiracastro.com.br\\\/noticias\\\/autoridade-nacional-de-protecao-de-dados-anpd-firmara-acordo-de-cooperacao-tecnica-com-a-senacon\\\/\",\"url\":\"https:\\\/\\\/www.siqueiracastro.com.br\\\/noticias\\\/autoridade-nacional-de-protecao-de-dados-anpd-firmara-acordo-de-cooperacao-tecnica-com-a-senacon\\\/\",\"name\":\"Autoridade Nacional de Prote\u00e7\u00e3o de Dados (ANPD) firmar\u00e1 acordo de coopera\u00e7\u00e3o t\u00e9cnica com a Senacon - Not\u00edcias | Siqueira Castro\",\"isPartOf\":{\"@id\":\"https:\\\/\\\/www.siqueiracastro.com.br\\\/noticias\\\/#website\"},\"datePublished\":\"2021-02-24T13:16:33+00:00\",\"dateModified\":\"2021-02-24T13:16:37+00:00\",\"breadcrumb\":{\"@id\":\"https:\\\/\\\/www.siqueiracastro.com.br\\\/noticias\\\/autoridade-nacional-de-protecao-de-dados-anpd-firmara-acordo-de-cooperacao-tecnica-com-a-senacon\\\/#breadcrumb\"},\"inLanguage\":\"pt-BR\",\"potentialAction\":[{\"@type\":\"ReadAction\",\"target\":[\"https:\\\/\\\/www.siqueiracastro.com.br\\\/noticias\\\/autoridade-nacional-de-protecao-de-dados-anpd-firmara-acordo-de-cooperacao-tecnica-com-a-senacon\\\/\"]}]},{\"@type\":\"BreadcrumbList\",\"@id\":\"https:\\\/\\\/www.siqueiracastro.com.br\\\/noticias\\\/autoridade-nacional-de-protecao-de-dados-anpd-firmara-acordo-de-cooperacao-tecnica-com-a-senacon\\\/#breadcrumb\",\"itemListElement\":[{\"@type\":\"ListItem\",\"position\":1,\"name\":\"In\u00edcio\",\"item\":\"https:\\\/\\\/www.siqueiracastro.com.br\\\/noticias\\\/\"},{\"@type\":\"ListItem\",\"position\":2,\"name\":\"Autoridade Nacional de Prote\u00e7\u00e3o de Dados (ANPD) firmar\u00e1 acordo de coopera\u00e7\u00e3o t\u00e9cnica com a Senacon\"}]},{\"@type\":\"WebSite\",\"@id\":\"https:\\\/\\\/www.siqueiracastro.com.br\\\/noticias\\\/#website\",\"url\":\"https:\\\/\\\/www.siqueiracastro.com.br\\\/noticias\\\/\",\"name\":\"Not\u00edcias | Siqueira Castro\",\"description\":\"Not\u00edcias Siqueira Castro\",\"publisher\":{\"@id\":\"https:\\\/\\\/www.siqueiracastro.com.br\\\/noticias\\\/#organization\"},\"potentialAction\":[{\"@type\":\"SearchAction\",\"target\":{\"@type\":\"EntryPoint\",\"urlTemplate\":\"https:\\\/\\\/www.siqueiracastro.com.br\\\/noticias\\\/?s={search_term_string}\"},\"query-input\":{\"@type\":\"PropertyValueSpecification\",\"valueRequired\":true,\"valueName\":\"search_term_string\"}}],\"inLanguage\":\"pt-BR\"},{\"@type\":\"Organization\",\"@id\":\"https:\\\/\\\/www.siqueiracastro.com.br\\\/noticias\\\/#organization\",\"name\":\"Not\u00edcias | Siqueira Castro\",\"url\":\"https:\\\/\\\/www.siqueiracastro.com.br\\\/noticias\\\/\",\"logo\":{\"@type\":\"ImageObject\",\"inLanguage\":\"pt-BR\",\"@id\":\"https:\\\/\\\/www.siqueiracastro.com.br\\\/noticias\\\/#\\\/schema\\\/logo\\\/image\\\/\",\"url\":\"https:\\\/\\\/www.siqueiracastro.com.br\\\/noticias\\\/wp-content\\\/uploads\\\/04\\\/logo-sca-mobile.png\",\"contentUrl\":\"https:\\\/\\\/www.siqueiracastro.com.br\\\/noticias\\\/wp-content\\\/uploads\\\/04\\\/logo-sca-mobile.png\",\"width\":286,\"height\":70,\"caption\":\"Not\u00edcias | Siqueira Castro\"},\"image\":{\"@id\":\"https:\\\/\\\/www.siqueiracastro.com.br\\\/noticias\\\/#\\\/schema\\\/logo\\\/image\\\/\"},\"sameAs\":[\"https:\\\/\\\/www.facebook.com\\\/siqueiracastro.advogados\",\"https:\\\/\\\/x.com\\\/_SiqueiraCastro\"]},{\"@type\":\"Person\",\"@id\":\"\",\"url\":\"https:\\\/\\\/www.siqueiracastro.com.br\\\/noticias\\\/author\\\/\"}]}<\/script>\n<!-- \/ Yoast SEO plugin. -->","yoast_head_json":{"title":"Autoridade Nacional de Prote\u00e7\u00e3o de Dados (ANPD) firmar\u00e1 acordo de coopera\u00e7\u00e3o t\u00e9cnica com a Senacon - Not\u00edcias | Siqueira Castro","robots":{"index":"index","follow":"follow","max-snippet":"max-snippet:-1","max-image-preview":"max-image-preview:large","max-video-preview":"max-video-preview:-1"},"canonical":"https:\/\/www.siqueiracastro.com.br\/noticias\/autoridade-nacional-de-protecao-de-dados-anpd-firmara-acordo-de-cooperacao-tecnica-com-a-senacon\/","og_locale":"pt_BR","og_type":"article","og_title":"Autoridade Nacional de Prote\u00e7\u00e3o de Dados (ANPD) firmar\u00e1 acordo de coopera\u00e7\u00e3o t\u00e9cnica com a Senacon - Not\u00edcias | Siqueira Castro","og_description":"Recentemente temos visto diversas atua\u00e7\u00f5es da Secretaria Nacional de Defesa do Consumidor visando coibir vazamento ou compartilhamento indevido de dados de in\u00fameros consumidores brasileiros. Visando aprimorar essa prote\u00e7\u00e3o, foi divulgado recentemente um projeto que tem como objetivo integrar a Autoridade Nacional de Prote\u00e7\u00e3o de Dados com a Secretaria, respeitando o que se encontra previsto no [&hellip;]","og_url":"https:\/\/www.siqueiracastro.com.br\/noticias\/autoridade-nacional-de-protecao-de-dados-anpd-firmara-acordo-de-cooperacao-tecnica-com-a-senacon\/","og_site_name":"Not\u00edcias | Siqueira Castro","article_publisher":"https:\/\/www.facebook.com\/siqueiracastro.advogados","article_published_time":"2021-02-24T13:16:33+00:00","article_modified_time":"2021-02-24T13:16:37+00:00","twitter_card":"summary_large_image","twitter_creator":"@_SiqueiraCastro","twitter_site":"@_SiqueiraCastro","twitter_misc":{"Escrito por":"","Est. tempo de leitura":"2 minutos"},"schema":{"@context":"https:\/\/schema.org","@graph":[{"@type":"Article","@id":"https:\/\/www.siqueiracastro.com.br\/noticias\/autoridade-nacional-de-protecao-de-dados-anpd-firmara-acordo-de-cooperacao-tecnica-com-a-senacon\/#article","isPartOf":{"@id":"https:\/\/www.siqueiracastro.com.br\/noticias\/autoridade-nacional-de-protecao-de-dados-anpd-firmara-acordo-de-cooperacao-tecnica-com-a-senacon\/"},"author":{"name":"","@id":""},"headline":"Autoridade Nacional de Prote\u00e7\u00e3o de Dados (ANPD) firmar\u00e1 acordo de coopera\u00e7\u00e3o t\u00e9cnica com a Senacon","datePublished":"2021-02-24T13:16:33+00:00","dateModified":"2021-02-24T13:16:37+00:00","mainEntityOfPage":{"@id":"https:\/\/www.siqueiracastro.com.br\/noticias\/autoridade-nacional-de-protecao-de-dados-anpd-firmara-acordo-de-cooperacao-tecnica-com-a-senacon\/"},"wordCount":460,"commentCount":0,"publisher":{"@id":"https:\/\/www.siqueiracastro.com.br\/noticias\/#organization"},"keywords":["Rela\u00e7\u00f5es de consumo"],"articleSection":["Informativos"],"inLanguage":"pt-BR","potentialAction":[{"@type":"CommentAction","name":"Comment","target":["https:\/\/www.siqueiracastro.com.br\/noticias\/autoridade-nacional-de-protecao-de-dados-anpd-firmara-acordo-de-cooperacao-tecnica-com-a-senacon\/#respond"]}]},{"@type":"WebPage","@id":"https:\/\/www.siqueiracastro.com.br\/noticias\/autoridade-nacional-de-protecao-de-dados-anpd-firmara-acordo-de-cooperacao-tecnica-com-a-senacon\/","url":"https:\/\/www.siqueiracastro.com.br\/noticias\/autoridade-nacional-de-protecao-de-dados-anpd-firmara-acordo-de-cooperacao-tecnica-com-a-senacon\/","name":"Autoridade Nacional de Prote\u00e7\u00e3o de Dados (ANPD) firmar\u00e1 acordo de coopera\u00e7\u00e3o t\u00e9cnica com a Senacon - Not\u00edcias | Siqueira Castro","isPartOf":{"@id":"https:\/\/www.siqueiracastro.com.br\/noticias\/#website"},"datePublished":"2021-02-24T13:16:33+00:00","dateModified":"2021-02-24T13:16:37+00:00","breadcrumb":{"@id":"https:\/\/www.siqueiracastro.com.br\/noticias\/autoridade-nacional-de-protecao-de-dados-anpd-firmara-acordo-de-cooperacao-tecnica-com-a-senacon\/#breadcrumb"},"inLanguage":"pt-BR","potentialAction":[{"@type":"ReadAction","target":["https:\/\/www.siqueiracastro.com.br\/noticias\/autoridade-nacional-de-protecao-de-dados-anpd-firmara-acordo-de-cooperacao-tecnica-com-a-senacon\/"]}]},{"@type":"BreadcrumbList","@id":"https:\/\/www.siqueiracastro.com.br\/noticias\/autoridade-nacional-de-protecao-de-dados-anpd-firmara-acordo-de-cooperacao-tecnica-com-a-senacon\/#breadcrumb","itemListElement":[{"@type":"ListItem","position":1,"name":"In\u00edcio","item":"https:\/\/www.siqueiracastro.com.br\/noticias\/"},{"@type":"ListItem","position":2,"name":"Autoridade Nacional de Prote\u00e7\u00e3o de Dados (ANPD) firmar\u00e1 acordo de coopera\u00e7\u00e3o t\u00e9cnica com a Senacon"}]},{"@type":"WebSite","@id":"https:\/\/www.siqueiracastro.com.br\/noticias\/#website","url":"https:\/\/www.siqueiracastro.com.br\/noticias\/","name":"Not\u00edcias | Siqueira Castro","description":"Not\u00edcias Siqueira Castro","publisher":{"@id":"https:\/\/www.siqueiracastro.com.br\/noticias\/#organization"},"potentialAction":[{"@type":"SearchAction","target":{"@type":"EntryPoint","urlTemplate":"https:\/\/www.siqueiracastro.com.br\/noticias\/?s={search_term_string}"},"query-input":{"@type":"PropertyValueSpecification","valueRequired":true,"valueName":"search_term_string"}}],"inLanguage":"pt-BR"},{"@type":"Organization","@id":"https:\/\/www.siqueiracastro.com.br\/noticias\/#organization","name":"Not\u00edcias | Siqueira Castro","url":"https:\/\/www.siqueiracastro.com.br\/noticias\/","logo":{"@type":"ImageObject","inLanguage":"pt-BR","@id":"https:\/\/www.siqueiracastro.com.br\/noticias\/#\/schema\/logo\/image\/","url":"https:\/\/www.siqueiracastro.com.br\/noticias\/wp-content\/uploads\/04\/logo-sca-mobile.png","contentUrl":"https:\/\/www.siqueiracastro.com.br\/noticias\/wp-content\/uploads\/04\/logo-sca-mobile.png","width":286,"height":70,"caption":"Not\u00edcias | Siqueira Castro"},"image":{"@id":"https:\/\/www.siqueiracastro.com.br\/noticias\/#\/schema\/logo\/image\/"},"sameAs":["https:\/\/www.facebook.com\/siqueiracastro.advogados","https:\/\/x.com\/_SiqueiraCastro"]},{"@type":"Person","@id":"","url":"https:\/\/www.siqueiracastro.com.br\/noticias\/author\/"}]}},"_links":{"self":[{"href":"https:\/\/www.siqueiracastro.com.br\/noticias\/wp-json\/wp\/v2\/posts\/34493","targetHints":{"allow":["GET"]}}],"collection":[{"href":"https:\/\/www.siqueiracastro.com.br\/noticias\/wp-json\/wp\/v2\/posts"}],"about":[{"href":"https:\/\/www.siqueiracastro.com.br\/noticias\/wp-json\/wp\/v2\/types\/post"}],"author":[{"embeddable":true,"href":"https:\/\/www.siqueiracastro.com.br\/noticias\/wp-json\/wp\/v2\/users\/4"}],"replies":[{"embeddable":true,"href":"https:\/\/www.siqueiracastro.com.br\/noticias\/wp-json\/wp\/v2\/comments?post=34493"}],"version-history":[{"count":1,"href":"https:\/\/www.siqueiracastro.com.br\/noticias\/wp-json\/wp\/v2\/posts\/34493\/revisions"}],"predecessor-version":[{"id":34494,"href":"https:\/\/www.siqueiracastro.com.br\/noticias\/wp-json\/wp\/v2\/posts\/34493\/revisions\/34494"}],"wp:attachment":[{"href":"https:\/\/www.siqueiracastro.com.br\/noticias\/wp-json\/wp\/v2\/media?parent=34493"}],"wp:term":[{"taxonomy":"category","embeddable":true,"href":"https:\/\/www.siqueiracastro.com.br\/noticias\/wp-json\/wp\/v2\/categories?post=34493"},{"taxonomy":"post_tag","embeddable":true,"href":"https:\/\/www.siqueiracastro.com.br\/noticias\/wp-json\/wp\/v2\/tags?post=34493"}],"curies":[{"name":"wp","href":"https:\/\/api.w.org\/{rel}","templated":true}]}}