{"id":34495,"date":"2021-02-24T10:27:34","date_gmt":"2021-02-24T13:27:34","guid":{"rendered":"https:\/\/www.siqueiracastro.com.br\/noticias\/?p=34495"},"modified":"2021-02-25T09:12:24","modified_gmt":"2021-02-25T12:12:24","slug":"secretaria-nacional-de-defesa-do-consumidor-realiza-audiencia-publica-sobre-servico-de-atendimento-ao-consumidor-sac","status":"publish","type":"post","link":"https:\/\/www.siqueiracastro.com.br\/noticias\/secretaria-nacional-de-defesa-do-consumidor-realiza-audiencia-publica-sobre-servico-de-atendimento-ao-consumidor-sac\/","title":{"rendered":"Secretaria Nacional de Defesa do Consumidor realiza audi\u00eancia p\u00fablica sobre servi\u00e7o de atendimento ao consumidor (SAC)"},"content":{"rendered":"\n<p>Trata-se de a\u00e7\u00e3o realizada pelo Conselho Nacional de Defesa do Consumidor, visando fixar diretrizes e normas para os servi\u00e7os de atendimento ao consumidor que dever\u00e3o ser seguidos pelos fornecedores de servi\u00e7os regulados pelo Poder P\u00fablico Federal.&nbsp; A minuta do Decreto traz diversas diretrizes importantes, tais como:<\/p>\n\n\n\n<p>&#8211; disponibilidade do servi\u00e7o de atendimento durante 24hs, 7 dias na semana.<\/p>\n\n\n\n<p>&#8211; atendimento telef\u00f4nico obrigat\u00f3rio.<\/p>\n\n\n\n<p>&#8211; possibilidade de desenvolvimento de plataformas on line de SAC.<\/p>\n\n\n\n<p>&#8211; obrigatoriedade da acessibilidade nos canais de atendimento.<\/p>\n\n\n\n<p>&#8211; possibilidade de acompanhamento, pelo consumidor, de todas as suas demandas que lhe ser\u00e1 enviado toda a vez que solicitado.&nbsp;&nbsp;<\/p>\n\n\n\n<p>&#8211; prazo m\u00e1ximo de resposta de at\u00e9 07 (sete) dias corridos.<\/p>\n\n\n\n<p><a href=\"https:\/\/www.gov.br\/mj\/pt-br\/assuntos\/noticias\/secretaria-nacional-do-consumidor-realiza-audiencia-publica-sobre-servico-de-atendimento-ao-consumidor\">Leia<\/a><\/p>\n","protected":false},"excerpt":{"rendered":"<p>Trata-se de a\u00e7\u00e3o realizada pelo Conselho Nacional de Defesa do Consumidor, visando fixar diretrizes e normas para os servi\u00e7os de atendimento ao consumidor que dever\u00e3o ser seguidos pelos fornecedores de servi\u00e7os regulados pelo Poder P\u00fablico Federal.&nbsp; A minuta do Decreto traz diversas diretrizes importantes, tais como: &#8211; disponibilidade do servi\u00e7o de atendimento durante 24hs, 7 [&hellip;]<\/p>\n","protected":false},"author":4,"featured_media":0,"comment_status":"open","ping_status":"open","sticky":false,"template":"","format":"standard","meta":{"_acf_changed":false,"footnotes":""},"categories":[5],"tags":[147],"class_list":["post-34495","post","type-post","status-publish","format-standard","hentry","category-informativos","tag-relacoes-de-consumo"],"fields":{"_edit_lock":["1614255149:4"],"_last_editor_used_jetpack":["block-editor"],"tdc_icon_fonts":["a:0:{}"],"tdc_google_fonts":["a:0:{}"],"tdc_dirty_content":["1"],"_edit_last":["4"],"arquivo":[""],"_arquivo":["field_5cd093c67f0aa"],"subtitulo":[""],"_subtitulo":["field_5cc755a87dc0e"],"fonte":[""],"_fonte":["field_5cc73bceda287"],"_yoast_wpseo_primary_category":["5"],"td_post_theme_settings":["a:2:{s:16:\"td_post_template\";s:15:\"single_template\";s:14:\"td_primary_cat\";s:1:\"5\";}"],"_yoast_wpseo_content_score":["30"],"post_views_count":["902"]},"acf":[],"yoast_head":"<!-- This site is optimized with the Yoast SEO plugin v27.4 - https:\/\/yoast.com\/product\/yoast-seo-wordpress\/ -->\n<title>Secretaria Nacional de Defesa do Consumidor realiza audi\u00eancia p\u00fablica sobre servi\u00e7o de atendimento ao consumidor (SAC) - Not\u00edcias | Siqueira Castro<\/title>\n<meta name=\"robots\" content=\"index, follow, max-snippet:-1, max-image-preview:large, max-video-preview:-1\" \/>\n<link rel=\"canonical\" href=\"https:\/\/www.siqueiracastro.com.br\/noticias\/secretaria-nacional-de-defesa-do-consumidor-realiza-audiencia-publica-sobre-servico-de-atendimento-ao-consumidor-sac\/\" \/>\n<meta property=\"og:locale\" content=\"pt_BR\" \/>\n<meta property=\"og:type\" content=\"article\" \/>\n<meta property=\"og:title\" content=\"Secretaria Nacional de Defesa do Consumidor realiza audi\u00eancia p\u00fablica sobre servi\u00e7o de atendimento ao consumidor (SAC) - Not\u00edcias | Siqueira Castro\" \/>\n<meta property=\"og:description\" content=\"Trata-se de a\u00e7\u00e3o realizada pelo Conselho Nacional de Defesa do Consumidor, visando fixar diretrizes e normas para os servi\u00e7os de atendimento ao consumidor que dever\u00e3o ser seguidos pelos fornecedores de servi\u00e7os regulados pelo Poder P\u00fablico Federal.&nbsp; A minuta do Decreto traz diversas diretrizes importantes, tais como: &#8211; disponibilidade do servi\u00e7o de atendimento durante 24hs, 7 [&hellip;]\" \/>\n<meta property=\"og:url\" content=\"https:\/\/www.siqueiracastro.com.br\/noticias\/secretaria-nacional-de-defesa-do-consumidor-realiza-audiencia-publica-sobre-servico-de-atendimento-ao-consumidor-sac\/\" \/>\n<meta property=\"og:site_name\" content=\"Not\u00edcias | Siqueira Castro\" \/>\n<meta property=\"article:publisher\" content=\"https:\/\/www.facebook.com\/siqueiracastro.advogados\" \/>\n<meta property=\"article:published_time\" content=\"2021-02-24T13:27:34+00:00\" \/>\n<meta property=\"article:modified_time\" content=\"2021-02-25T12:12:24+00:00\" \/>\n<meta name=\"twitter:card\" content=\"summary_large_image\" \/>\n<meta name=\"twitter:creator\" content=\"@_SiqueiraCastro\" \/>\n<meta name=\"twitter:site\" content=\"@_SiqueiraCastro\" \/>\n<meta name=\"twitter:label1\" content=\"Escrito por\" \/>\n\t<meta name=\"twitter:data1\" content=\"\" \/>\n\t<meta name=\"twitter:label2\" content=\"Est. tempo de leitura\" \/>\n\t<meta name=\"twitter:data2\" content=\"1 minuto\" \/>\n<script type=\"application\/ld+json\" class=\"yoast-schema-graph\">{\"@context\":\"https:\\\/\\\/schema.org\",\"@graph\":[{\"@type\":\"Article\",\"@id\":\"https:\\\/\\\/www.siqueiracastro.com.br\\\/noticias\\\/secretaria-nacional-de-defesa-do-consumidor-realiza-audiencia-publica-sobre-servico-de-atendimento-ao-consumidor-sac\\\/#article\",\"isPartOf\":{\"@id\":\"https:\\\/\\\/www.siqueiracastro.com.br\\\/noticias\\\/secretaria-nacional-de-defesa-do-consumidor-realiza-audiencia-publica-sobre-servico-de-atendimento-ao-consumidor-sac\\\/\"},\"author\":{\"name\":\"\",\"@id\":\"\"},\"headline\":\"Secretaria Nacional de Defesa do Consumidor realiza audi\u00eancia p\u00fablica sobre servi\u00e7o de atendimento ao consumidor (SAC)\",\"datePublished\":\"2021-02-24T13:27:34+00:00\",\"dateModified\":\"2021-02-25T12:12:24+00:00\",\"mainEntityOfPage\":{\"@id\":\"https:\\\/\\\/www.siqueiracastro.com.br\\\/noticias\\\/secretaria-nacional-de-defesa-do-consumidor-realiza-audiencia-publica-sobre-servico-de-atendimento-ao-consumidor-sac\\\/\"},\"wordCount\":141,\"commentCount\":0,\"publisher\":{\"@id\":\"https:\\\/\\\/www.siqueiracastro.com.br\\\/noticias\\\/#organization\"},\"keywords\":[\"Rela\u00e7\u00f5es de consumo\"],\"articleSection\":[\"Informativos\"],\"inLanguage\":\"pt-BR\",\"potentialAction\":[{\"@type\":\"CommentAction\",\"name\":\"Comment\",\"target\":[\"https:\\\/\\\/www.siqueiracastro.com.br\\\/noticias\\\/secretaria-nacional-de-defesa-do-consumidor-realiza-audiencia-publica-sobre-servico-de-atendimento-ao-consumidor-sac\\\/#respond\"]}]},{\"@type\":\"WebPage\",\"@id\":\"https:\\\/\\\/www.siqueiracastro.com.br\\\/noticias\\\/secretaria-nacional-de-defesa-do-consumidor-realiza-audiencia-publica-sobre-servico-de-atendimento-ao-consumidor-sac\\\/\",\"url\":\"https:\\\/\\\/www.siqueiracastro.com.br\\\/noticias\\\/secretaria-nacional-de-defesa-do-consumidor-realiza-audiencia-publica-sobre-servico-de-atendimento-ao-consumidor-sac\\\/\",\"name\":\"Secretaria Nacional de Defesa do Consumidor realiza audi\u00eancia p\u00fablica sobre servi\u00e7o de atendimento ao consumidor (SAC) - Not\u00edcias | Siqueira Castro\",\"isPartOf\":{\"@id\":\"https:\\\/\\\/www.siqueiracastro.com.br\\\/noticias\\\/#website\"},\"datePublished\":\"2021-02-24T13:27:34+00:00\",\"dateModified\":\"2021-02-25T12:12:24+00:00\",\"breadcrumb\":{\"@id\":\"https:\\\/\\\/www.siqueiracastro.com.br\\\/noticias\\\/secretaria-nacional-de-defesa-do-consumidor-realiza-audiencia-publica-sobre-servico-de-atendimento-ao-consumidor-sac\\\/#breadcrumb\"},\"inLanguage\":\"pt-BR\",\"potentialAction\":[{\"@type\":\"ReadAction\",\"target\":[\"https:\\\/\\\/www.siqueiracastro.com.br\\\/noticias\\\/secretaria-nacional-de-defesa-do-consumidor-realiza-audiencia-publica-sobre-servico-de-atendimento-ao-consumidor-sac\\\/\"]}]},{\"@type\":\"BreadcrumbList\",\"@id\":\"https:\\\/\\\/www.siqueiracastro.com.br\\\/noticias\\\/secretaria-nacional-de-defesa-do-consumidor-realiza-audiencia-publica-sobre-servico-de-atendimento-ao-consumidor-sac\\\/#breadcrumb\",\"itemListElement\":[{\"@type\":\"ListItem\",\"position\":1,\"name\":\"In\u00edcio\",\"item\":\"https:\\\/\\\/www.siqueiracastro.com.br\\\/noticias\\\/\"},{\"@type\":\"ListItem\",\"position\":2,\"name\":\"Secretaria Nacional de Defesa do Consumidor realiza audi\u00eancia p\u00fablica sobre servi\u00e7o de atendimento ao consumidor (SAC)\"}]},{\"@type\":\"WebSite\",\"@id\":\"https:\\\/\\\/www.siqueiracastro.com.br\\\/noticias\\\/#website\",\"url\":\"https:\\\/\\\/www.siqueiracastro.com.br\\\/noticias\\\/\",\"name\":\"Not\u00edcias | Siqueira Castro\",\"description\":\"Not\u00edcias Siqueira Castro\",\"publisher\":{\"@id\":\"https:\\\/\\\/www.siqueiracastro.com.br\\\/noticias\\\/#organization\"},\"potentialAction\":[{\"@type\":\"SearchAction\",\"target\":{\"@type\":\"EntryPoint\",\"urlTemplate\":\"https:\\\/\\\/www.siqueiracastro.com.br\\\/noticias\\\/?s={search_term_string}\"},\"query-input\":{\"@type\":\"PropertyValueSpecification\",\"valueRequired\":true,\"valueName\":\"search_term_string\"}}],\"inLanguage\":\"pt-BR\"},{\"@type\":\"Organization\",\"@id\":\"https:\\\/\\\/www.siqueiracastro.com.br\\\/noticias\\\/#organization\",\"name\":\"Not\u00edcias | Siqueira Castro\",\"url\":\"https:\\\/\\\/www.siqueiracastro.com.br\\\/noticias\\\/\",\"logo\":{\"@type\":\"ImageObject\",\"inLanguage\":\"pt-BR\",\"@id\":\"https:\\\/\\\/www.siqueiracastro.com.br\\\/noticias\\\/#\\\/schema\\\/logo\\\/image\\\/\",\"url\":\"https:\\\/\\\/www.siqueiracastro.com.br\\\/noticias\\\/wp-content\\\/uploads\\\/04\\\/logo-sca-mobile.png\",\"contentUrl\":\"https:\\\/\\\/www.siqueiracastro.com.br\\\/noticias\\\/wp-content\\\/uploads\\\/04\\\/logo-sca-mobile.png\",\"width\":286,\"height\":70,\"caption\":\"Not\u00edcias | Siqueira Castro\"},\"image\":{\"@id\":\"https:\\\/\\\/www.siqueiracastro.com.br\\\/noticias\\\/#\\\/schema\\\/logo\\\/image\\\/\"},\"sameAs\":[\"https:\\\/\\\/www.facebook.com\\\/siqueiracastro.advogados\",\"https:\\\/\\\/x.com\\\/_SiqueiraCastro\"]},{\"@type\":\"Person\",\"@id\":\"\",\"url\":\"https:\\\/\\\/www.siqueiracastro.com.br\\\/noticias\\\/author\\\/\"}]}<\/script>\n<!-- \/ Yoast SEO plugin. -->","yoast_head_json":{"title":"Secretaria Nacional de Defesa do Consumidor realiza audi\u00eancia p\u00fablica sobre servi\u00e7o de atendimento ao consumidor (SAC) - Not\u00edcias | Siqueira Castro","robots":{"index":"index","follow":"follow","max-snippet":"max-snippet:-1","max-image-preview":"max-image-preview:large","max-video-preview":"max-video-preview:-1"},"canonical":"https:\/\/www.siqueiracastro.com.br\/noticias\/secretaria-nacional-de-defesa-do-consumidor-realiza-audiencia-publica-sobre-servico-de-atendimento-ao-consumidor-sac\/","og_locale":"pt_BR","og_type":"article","og_title":"Secretaria Nacional de Defesa do Consumidor realiza audi\u00eancia p\u00fablica sobre servi\u00e7o de atendimento ao consumidor (SAC) - Not\u00edcias | Siqueira Castro","og_description":"Trata-se de a\u00e7\u00e3o realizada pelo Conselho Nacional de Defesa do Consumidor, visando fixar diretrizes e normas para os servi\u00e7os de atendimento ao consumidor que dever\u00e3o ser seguidos pelos fornecedores de servi\u00e7os regulados pelo Poder P\u00fablico Federal.&nbsp; A minuta do Decreto traz diversas diretrizes importantes, tais como: &#8211; disponibilidade do servi\u00e7o de atendimento durante 24hs, 7 [&hellip;]","og_url":"https:\/\/www.siqueiracastro.com.br\/noticias\/secretaria-nacional-de-defesa-do-consumidor-realiza-audiencia-publica-sobre-servico-de-atendimento-ao-consumidor-sac\/","og_site_name":"Not\u00edcias | Siqueira Castro","article_publisher":"https:\/\/www.facebook.com\/siqueiracastro.advogados","article_published_time":"2021-02-24T13:27:34+00:00","article_modified_time":"2021-02-25T12:12:24+00:00","twitter_card":"summary_large_image","twitter_creator":"@_SiqueiraCastro","twitter_site":"@_SiqueiraCastro","twitter_misc":{"Escrito por":"","Est. tempo de leitura":"1 minuto"},"schema":{"@context":"https:\/\/schema.org","@graph":[{"@type":"Article","@id":"https:\/\/www.siqueiracastro.com.br\/noticias\/secretaria-nacional-de-defesa-do-consumidor-realiza-audiencia-publica-sobre-servico-de-atendimento-ao-consumidor-sac\/#article","isPartOf":{"@id":"https:\/\/www.siqueiracastro.com.br\/noticias\/secretaria-nacional-de-defesa-do-consumidor-realiza-audiencia-publica-sobre-servico-de-atendimento-ao-consumidor-sac\/"},"author":{"name":"","@id":""},"headline":"Secretaria Nacional de Defesa do Consumidor realiza audi\u00eancia p\u00fablica sobre servi\u00e7o de atendimento ao consumidor (SAC)","datePublished":"2021-02-24T13:27:34+00:00","dateModified":"2021-02-25T12:12:24+00:00","mainEntityOfPage":{"@id":"https:\/\/www.siqueiracastro.com.br\/noticias\/secretaria-nacional-de-defesa-do-consumidor-realiza-audiencia-publica-sobre-servico-de-atendimento-ao-consumidor-sac\/"},"wordCount":141,"commentCount":0,"publisher":{"@id":"https:\/\/www.siqueiracastro.com.br\/noticias\/#organization"},"keywords":["Rela\u00e7\u00f5es de consumo"],"articleSection":["Informativos"],"inLanguage":"pt-BR","potentialAction":[{"@type":"CommentAction","name":"Comment","target":["https:\/\/www.siqueiracastro.com.br\/noticias\/secretaria-nacional-de-defesa-do-consumidor-realiza-audiencia-publica-sobre-servico-de-atendimento-ao-consumidor-sac\/#respond"]}]},{"@type":"WebPage","@id":"https:\/\/www.siqueiracastro.com.br\/noticias\/secretaria-nacional-de-defesa-do-consumidor-realiza-audiencia-publica-sobre-servico-de-atendimento-ao-consumidor-sac\/","url":"https:\/\/www.siqueiracastro.com.br\/noticias\/secretaria-nacional-de-defesa-do-consumidor-realiza-audiencia-publica-sobre-servico-de-atendimento-ao-consumidor-sac\/","name":"Secretaria Nacional de Defesa do Consumidor realiza audi\u00eancia p\u00fablica sobre servi\u00e7o de atendimento ao consumidor (SAC) - Not\u00edcias | Siqueira Castro","isPartOf":{"@id":"https:\/\/www.siqueiracastro.com.br\/noticias\/#website"},"datePublished":"2021-02-24T13:27:34+00:00","dateModified":"2021-02-25T12:12:24+00:00","breadcrumb":{"@id":"https:\/\/www.siqueiracastro.com.br\/noticias\/secretaria-nacional-de-defesa-do-consumidor-realiza-audiencia-publica-sobre-servico-de-atendimento-ao-consumidor-sac\/#breadcrumb"},"inLanguage":"pt-BR","potentialAction":[{"@type":"ReadAction","target":["https:\/\/www.siqueiracastro.com.br\/noticias\/secretaria-nacional-de-defesa-do-consumidor-realiza-audiencia-publica-sobre-servico-de-atendimento-ao-consumidor-sac\/"]}]},{"@type":"BreadcrumbList","@id":"https:\/\/www.siqueiracastro.com.br\/noticias\/secretaria-nacional-de-defesa-do-consumidor-realiza-audiencia-publica-sobre-servico-de-atendimento-ao-consumidor-sac\/#breadcrumb","itemListElement":[{"@type":"ListItem","position":1,"name":"In\u00edcio","item":"https:\/\/www.siqueiracastro.com.br\/noticias\/"},{"@type":"ListItem","position":2,"name":"Secretaria Nacional de Defesa do Consumidor realiza audi\u00eancia p\u00fablica sobre servi\u00e7o de atendimento ao consumidor (SAC)"}]},{"@type":"WebSite","@id":"https:\/\/www.siqueiracastro.com.br\/noticias\/#website","url":"https:\/\/www.siqueiracastro.com.br\/noticias\/","name":"Not\u00edcias | Siqueira Castro","description":"Not\u00edcias Siqueira Castro","publisher":{"@id":"https:\/\/www.siqueiracastro.com.br\/noticias\/#organization"},"potentialAction":[{"@type":"SearchAction","target":{"@type":"EntryPoint","urlTemplate":"https:\/\/www.siqueiracastro.com.br\/noticias\/?s={search_term_string}"},"query-input":{"@type":"PropertyValueSpecification","valueRequired":true,"valueName":"search_term_string"}}],"inLanguage":"pt-BR"},{"@type":"Organization","@id":"https:\/\/www.siqueiracastro.com.br\/noticias\/#organization","name":"Not\u00edcias | Siqueira Castro","url":"https:\/\/www.siqueiracastro.com.br\/noticias\/","logo":{"@type":"ImageObject","inLanguage":"pt-BR","@id":"https:\/\/www.siqueiracastro.com.br\/noticias\/#\/schema\/logo\/image\/","url":"https:\/\/www.siqueiracastro.com.br\/noticias\/wp-content\/uploads\/04\/logo-sca-mobile.png","contentUrl":"https:\/\/www.siqueiracastro.com.br\/noticias\/wp-content\/uploads\/04\/logo-sca-mobile.png","width":286,"height":70,"caption":"Not\u00edcias | Siqueira Castro"},"image":{"@id":"https:\/\/www.siqueiracastro.com.br\/noticias\/#\/schema\/logo\/image\/"},"sameAs":["https:\/\/www.facebook.com\/siqueiracastro.advogados","https:\/\/x.com\/_SiqueiraCastro"]},{"@type":"Person","@id":"","url":"https:\/\/www.siqueiracastro.com.br\/noticias\/author\/"}]}},"_links":{"self":[{"href":"https:\/\/www.siqueiracastro.com.br\/noticias\/wp-json\/wp\/v2\/posts\/34495","targetHints":{"allow":["GET"]}}],"collection":[{"href":"https:\/\/www.siqueiracastro.com.br\/noticias\/wp-json\/wp\/v2\/posts"}],"about":[{"href":"https:\/\/www.siqueiracastro.com.br\/noticias\/wp-json\/wp\/v2\/types\/post"}],"author":[{"embeddable":true,"href":"https:\/\/www.siqueiracastro.com.br\/noticias\/wp-json\/wp\/v2\/users\/4"}],"replies":[{"embeddable":true,"href":"https:\/\/www.siqueiracastro.com.br\/noticias\/wp-json\/wp\/v2\/comments?post=34495"}],"version-history":[{"count":2,"href":"https:\/\/www.siqueiracastro.com.br\/noticias\/wp-json\/wp\/v2\/posts\/34495\/revisions"}],"predecessor-version":[{"id":34501,"href":"https:\/\/www.siqueiracastro.com.br\/noticias\/wp-json\/wp\/v2\/posts\/34495\/revisions\/34501"}],"wp:attachment":[{"href":"https:\/\/www.siqueiracastro.com.br\/noticias\/wp-json\/wp\/v2\/media?parent=34495"}],"wp:term":[{"taxonomy":"category","embeddable":true,"href":"https:\/\/www.siqueiracastro.com.br\/noticias\/wp-json\/wp\/v2\/categories?post=34495"},{"taxonomy":"post_tag","embeddable":true,"href":"https:\/\/www.siqueiracastro.com.br\/noticias\/wp-json\/wp\/v2\/tags?post=34495"}],"curies":[{"name":"wp","href":"https:\/\/api.w.org\/{rel}","templated":true}]}}