{"id":34711,"date":"2021-07-26T17:16:26","date_gmt":"2021-07-26T20:16:26","guid":{"rendered":"https:\/\/www.siqueiracastro.com.br\/noticias\/?p=34711"},"modified":"2021-07-26T17:16:28","modified_gmt":"2021-07-26T20:16:28","slug":"para-tjsp-membros-do-mp-possuem-foro-privilegiado-em-delitos-cometidos-fora-da-atuacao-funcional","status":"publish","type":"post","link":"https:\/\/www.siqueiracastro.com.br\/noticias\/para-tjsp-membros-do-mp-possuem-foro-privilegiado-em-delitos-cometidos-fora-da-atuacao-funcional\/","title":{"rendered":"Para TJSP, membros do MP possuem foro privilegiado em delitos cometidos fora da atua\u00e7\u00e3o funcional"},"content":{"rendered":"\n<p>O foro de prerrogativa de fun\u00e7\u00e3o se aplica aos promotores de Justi\u00e7a mesmo por delitos cometidos fora da sua atua\u00e7\u00e3o funcional. Assim entendeu o \u00d3rg\u00e3o especial do Tribunal de Justi\u00e7a de S\u00e3o Paulo para anular o termo circunstanciado assinado pelo delegado da Pol\u00edcia Civil durante a audi\u00eancia de concilia\u00e7\u00e3o que envolveu um Promotor de justi\u00e7a que atropelou uma idosa.<\/p>\n\n\n\n<p>De acordo com os autos, o promotor n\u00e3o se identificou como membro do MP no momento da audi\u00eancia de concilia\u00e7\u00e3o, e realizou acordo com a v\u00edtima. O delegado, no entanto, ao revisar os termos do compromisso, decidiu por encaminhar os autos \u00e0 Procuradoria Geral de Justi\u00e7a.&nbsp; Ent\u00e3o, por entender se tratar de caso em que existe prerrogativa de fun\u00e7\u00e3o, a PGJ encaminhou os autos ao \u00f3rg\u00e3o especial por e a maioria dos desembargadores do Tribunal de S\u00e3o Paulo tamb\u00e9m entendeu que a autoridade policial n\u00e3o poder instaurar inqu\u00e9rito, tampouco termo circunstanciado contra Magistrados e membros do MP.<\/p>\n\n\n\n<p>O relator, desembargador Torres de Carvalho, n\u00e3o vislumbrou qualquer ilegalidade no ato praticado pelo delegado da Pol\u00edcia Civil, por vislumbrar que o crime possui nenhuma liga\u00e7\u00e3o com a fun\u00e7\u00e3o p\u00fablica exercida pelo promotor, se pautando dos julgados do STF nas A\u00e7\u00f5es Penais n\u00ba 937 e 4.703.<\/p>\n\n\n\n<figure class=\"wp-block-image size-large\"><img loading=\"lazy\" decoding=\"async\" width=\"768\" height=\"512\" src=\"https:\/\/www.siqueiracastro.com.br\/noticias\/wp-content\/uploads\/07\/tjsp-3010.jpg\" alt=\"\" class=\"wp-image-34712\" srcset=\"https:\/\/www.siqueiracastro.com.br\/noticias\/wp-content\/uploads\/07\/tjsp-3010.jpg 768w, https:\/\/www.siqueiracastro.com.br\/noticias\/wp-content\/uploads\/07\/tjsp-3010-300x200.jpg 300w\" sizes=\"auto, (max-width: 768px) 100vw, 768px\" \/><figcaption>Imagem do TJSP. Cr\u00e9dito: Ant\u00f4nio Carreta\/TJSP<\/figcaption><\/figure>\n\n\n\n<p>Apesar das considera\u00e7\u00f5es do relator, o desembargador Dami\u00e3o Cogan entendeu pela aplica\u00e7\u00e3o do foro privilegiado mesmo em um crime de tr\u00e2nsito cometido por promotor de justi\u00e7a fora de servi\u00e7o.<\/p>\n\n\n\n<p>De acordo com Cogan, o foro privilegiado tem o intuito de proteger cargo eletivo ou o efetivo exerc\u00edcio por autoridade p\u00fablica, evitando desta forma poss\u00edveis constrangimentos no judici\u00e1rio. E acrescentou que os precedentes utilizados pelo desembargador Torres de Carvalho n\u00e3o tratam de situa\u00e7\u00e3o espec\u00edfica de magistrados e membros do MP, e que o STF ainda n\u00e3o possui uma posi\u00e7\u00e3o consolidada nos casos que tratem de membros do MP e magistrados.<\/p>\n\n\n\n<p>Deste modo, Cogan afirmou que o delegado n\u00e3o poderia ter conduzido a audi\u00eancia de concilia\u00e7\u00e3o entre o promotor e a v\u00edtima. Al\u00e9m disso, o magistrado confirmou que o promotor compareceu perante uma autoridade policial que n\u00e3o teria compet\u00eancia para promover a audi\u00eancia de concilia\u00e7\u00e3o, visto que essa audi\u00eancia de concilia\u00e7\u00e3o \u00e9 privativa do juiz de direito e n\u00e3o pode ser realizada por delegado.<\/p>\n\n\n\n<p>Portanto, por maioria dos votos, foi dado provimento ao requerimento feito pela PGJ para que seja designada nova audi\u00eancia para que se fa\u00e7a proposta de concilia\u00e7\u00e3o entre o promotor e a v\u00edtima, visto que a \u00faltima audi\u00eancia se deu perante autoridade sem jurisdi\u00e7\u00e3o, sendo nula de pleno direito, o que se justifica pela exist\u00eancia de foro especial por prerrogativa de fun\u00e7\u00e3o, e por esta raz\u00e3o n\u00e3o poder\u00e1 ser remetida ao Juizado Especial Criminal que n\u00e3o possui compet\u00eancia para julgar magistrados. <\/p>\n\n\n\n<p>Fonte: Autos n\u00ba 2055928-67.2021.8.26.0000<\/p>\n","protected":false},"excerpt":{"rendered":"<p>O foro de prerrogativa de fun\u00e7\u00e3o se aplica aos promotores de Justi\u00e7a mesmo por delitos cometidos fora da sua atua\u00e7\u00e3o funcional. Assim entendeu o \u00d3rg\u00e3o especial do Tribunal de Justi\u00e7a de S\u00e3o Paulo para anular o termo circunstanciado assinado pelo delegado da Pol\u00edcia Civil durante a audi\u00eancia de concilia\u00e7\u00e3o que envolveu um Promotor de justi\u00e7a [&hellip;]<\/p>\n","protected":false},"author":10,"featured_media":0,"comment_status":"open","ping_status":"open","sticky":false,"template":"","format":"standard","meta":{"_acf_changed":false,"footnotes":""},"categories":[5],"tags":[184],"class_list":["post-34711","post","type-post","status-publish","format-standard","hentry","category-informativos","tag-penal-empresarial"],"fields":{"_edit_lock":["1629142498:8"],"_edit_last":["8"],"arquivo":[""],"_arquivo":["field_5cd093c67f0aa"],"subtitulo":[""],"_subtitulo":["field_5cc755a87dc0e"],"fonte":[""],"_fonte":["field_5cc73bceda287"],"_wpb_vc_js_status":["false"],"td_post_theme_settings":["a:2:{s:16:\"td_post_template\";s:15:\"single_template\";s:14:\"td_primary_cat\";s:1:\"5\";}"],"_yoast_wpseo_primary_category":["5"],"_yoast_wpseo_content_score":["30"],"_yoast_wpseo_estimated-reading-time-minutes":["3"],"post_views_count":["3130"]},"acf":[],"yoast_head":"<!-- This site is optimized with the Yoast SEO plugin v27.4 - https:\/\/yoast.com\/product\/yoast-seo-wordpress\/ -->\n<title>Para TJSP, membros do MP possuem foro privilegiado em delitos cometidos fora da atua\u00e7\u00e3o funcional - Not\u00edcias | Siqueira Castro<\/title>\n<meta name=\"robots\" content=\"index, follow, max-snippet:-1, max-image-preview:large, max-video-preview:-1\" \/>\n<link rel=\"canonical\" href=\"https:\/\/www.siqueiracastro.com.br\/noticias\/para-tjsp-membros-do-mp-possuem-foro-privilegiado-em-delitos-cometidos-fora-da-atuacao-funcional\/\" \/>\n<meta property=\"og:locale\" content=\"pt_BR\" \/>\n<meta property=\"og:type\" content=\"article\" \/>\n<meta property=\"og:title\" content=\"Para TJSP, membros do MP possuem foro privilegiado em delitos cometidos fora da atua\u00e7\u00e3o funcional - Not\u00edcias | Siqueira Castro\" \/>\n<meta property=\"og:description\" content=\"O foro de prerrogativa de fun\u00e7\u00e3o se aplica aos promotores de Justi\u00e7a mesmo por delitos cometidos fora da sua atua\u00e7\u00e3o funcional. Assim entendeu o \u00d3rg\u00e3o especial do Tribunal de Justi\u00e7a de S\u00e3o Paulo para anular o termo circunstanciado assinado pelo delegado da Pol\u00edcia Civil durante a audi\u00eancia de concilia\u00e7\u00e3o que envolveu um Promotor de justi\u00e7a [&hellip;]\" \/>\n<meta property=\"og:url\" content=\"https:\/\/www.siqueiracastro.com.br\/noticias\/para-tjsp-membros-do-mp-possuem-foro-privilegiado-em-delitos-cometidos-fora-da-atuacao-funcional\/\" \/>\n<meta property=\"og:site_name\" content=\"Not\u00edcias | Siqueira Castro\" \/>\n<meta property=\"article:publisher\" content=\"https:\/\/www.facebook.com\/siqueiracastro.advogados\" \/>\n<meta property=\"article:published_time\" content=\"2021-07-26T20:16:26+00:00\" \/>\n<meta property=\"article:modified_time\" content=\"2021-07-26T20:16:28+00:00\" \/>\n<meta property=\"og:image\" content=\"https:\/\/www.siqueiracastro.com.br\/noticias\/wp-content\/uploads\/07\/tjsp-3010.jpg\" \/>\n<meta name=\"author\" content=\"webproducer\" \/>\n<meta name=\"twitter:card\" content=\"summary_large_image\" \/>\n<meta name=\"twitter:creator\" content=\"@_SiqueiraCastro\" \/>\n<meta name=\"twitter:site\" content=\"@_SiqueiraCastro\" \/>\n<meta name=\"twitter:label1\" content=\"Escrito por\" \/>\n\t<meta name=\"twitter:data1\" content=\"webproducer\" \/>\n\t<meta name=\"twitter:label2\" content=\"Est. tempo de leitura\" \/>\n\t<meta name=\"twitter:data2\" content=\"3 minutos\" \/>\n<script type=\"application\/ld+json\" class=\"yoast-schema-graph\">{\"@context\":\"https:\\\/\\\/schema.org\",\"@graph\":[{\"@type\":\"Article\",\"@id\":\"https:\\\/\\\/www.siqueiracastro.com.br\\\/noticias\\\/para-tjsp-membros-do-mp-possuem-foro-privilegiado-em-delitos-cometidos-fora-da-atuacao-funcional\\\/#article\",\"isPartOf\":{\"@id\":\"https:\\\/\\\/www.siqueiracastro.com.br\\\/noticias\\\/para-tjsp-membros-do-mp-possuem-foro-privilegiado-em-delitos-cometidos-fora-da-atuacao-funcional\\\/\"},\"author\":{\"name\":\"webproducer\",\"@id\":\"https:\\\/\\\/www.siqueiracastro.com.br\\\/noticias\\\/#\\\/schema\\\/person\\\/f8c998575bb62aec6365c239401358e6\"},\"headline\":\"Para TJSP, membros do MP possuem foro privilegiado em delitos cometidos fora da atua\u00e7\u00e3o funcional\",\"datePublished\":\"2021-07-26T20:16:26+00:00\",\"dateModified\":\"2021-07-26T20:16:28+00:00\",\"mainEntityOfPage\":{\"@id\":\"https:\\\/\\\/www.siqueiracastro.com.br\\\/noticias\\\/para-tjsp-membros-do-mp-possuem-foro-privilegiado-em-delitos-cometidos-fora-da-atuacao-funcional\\\/\"},\"wordCount\":537,\"commentCount\":0,\"publisher\":{\"@id\":\"https:\\\/\\\/www.siqueiracastro.com.br\\\/noticias\\\/#organization\"},\"image\":{\"@id\":\"https:\\\/\\\/www.siqueiracastro.com.br\\\/noticias\\\/para-tjsp-membros-do-mp-possuem-foro-privilegiado-em-delitos-cometidos-fora-da-atuacao-funcional\\\/#primaryimage\"},\"thumbnailUrl\":\"https:\\\/\\\/www.siqueiracastro.com.br\\\/noticias\\\/wp-content\\\/uploads\\\/07\\\/tjsp-3010.jpg\",\"keywords\":[\"Penal Empresarial\"],\"articleSection\":[\"Informativos\"],\"inLanguage\":\"pt-BR\",\"potentialAction\":[{\"@type\":\"CommentAction\",\"name\":\"Comment\",\"target\":[\"https:\\\/\\\/www.siqueiracastro.com.br\\\/noticias\\\/para-tjsp-membros-do-mp-possuem-foro-privilegiado-em-delitos-cometidos-fora-da-atuacao-funcional\\\/#respond\"]}]},{\"@type\":\"WebPage\",\"@id\":\"https:\\\/\\\/www.siqueiracastro.com.br\\\/noticias\\\/para-tjsp-membros-do-mp-possuem-foro-privilegiado-em-delitos-cometidos-fora-da-atuacao-funcional\\\/\",\"url\":\"https:\\\/\\\/www.siqueiracastro.com.br\\\/noticias\\\/para-tjsp-membros-do-mp-possuem-foro-privilegiado-em-delitos-cometidos-fora-da-atuacao-funcional\\\/\",\"name\":\"Para TJSP, membros do MP possuem foro privilegiado em delitos cometidos fora da atua\u00e7\u00e3o funcional - Not\u00edcias | Siqueira Castro\",\"isPartOf\":{\"@id\":\"https:\\\/\\\/www.siqueiracastro.com.br\\\/noticias\\\/#website\"},\"primaryImageOfPage\":{\"@id\":\"https:\\\/\\\/www.siqueiracastro.com.br\\\/noticias\\\/para-tjsp-membros-do-mp-possuem-foro-privilegiado-em-delitos-cometidos-fora-da-atuacao-funcional\\\/#primaryimage\"},\"image\":{\"@id\":\"https:\\\/\\\/www.siqueiracastro.com.br\\\/noticias\\\/para-tjsp-membros-do-mp-possuem-foro-privilegiado-em-delitos-cometidos-fora-da-atuacao-funcional\\\/#primaryimage\"},\"thumbnailUrl\":\"https:\\\/\\\/www.siqueiracastro.com.br\\\/noticias\\\/wp-content\\\/uploads\\\/07\\\/tjsp-3010.jpg\",\"datePublished\":\"2021-07-26T20:16:26+00:00\",\"dateModified\":\"2021-07-26T20:16:28+00:00\",\"breadcrumb\":{\"@id\":\"https:\\\/\\\/www.siqueiracastro.com.br\\\/noticias\\\/para-tjsp-membros-do-mp-possuem-foro-privilegiado-em-delitos-cometidos-fora-da-atuacao-funcional\\\/#breadcrumb\"},\"inLanguage\":\"pt-BR\",\"potentialAction\":[{\"@type\":\"ReadAction\",\"target\":[\"https:\\\/\\\/www.siqueiracastro.com.br\\\/noticias\\\/para-tjsp-membros-do-mp-possuem-foro-privilegiado-em-delitos-cometidos-fora-da-atuacao-funcional\\\/\"]}]},{\"@type\":\"ImageObject\",\"inLanguage\":\"pt-BR\",\"@id\":\"https:\\\/\\\/www.siqueiracastro.com.br\\\/noticias\\\/para-tjsp-membros-do-mp-possuem-foro-privilegiado-em-delitos-cometidos-fora-da-atuacao-funcional\\\/#primaryimage\",\"url\":\"https:\\\/\\\/www.siqueiracastro.com.br\\\/noticias\\\/wp-content\\\/uploads\\\/07\\\/tjsp-3010.jpg\",\"contentUrl\":\"https:\\\/\\\/www.siqueiracastro.com.br\\\/noticias\\\/wp-content\\\/uploads\\\/07\\\/tjsp-3010.jpg\",\"width\":768,\"height\":512},{\"@type\":\"BreadcrumbList\",\"@id\":\"https:\\\/\\\/www.siqueiracastro.com.br\\\/noticias\\\/para-tjsp-membros-do-mp-possuem-foro-privilegiado-em-delitos-cometidos-fora-da-atuacao-funcional\\\/#breadcrumb\",\"itemListElement\":[{\"@type\":\"ListItem\",\"position\":1,\"name\":\"In\u00edcio\",\"item\":\"https:\\\/\\\/www.siqueiracastro.com.br\\\/noticias\\\/\"},{\"@type\":\"ListItem\",\"position\":2,\"name\":\"Para TJSP, membros do MP possuem foro privilegiado em delitos cometidos fora da atua\u00e7\u00e3o funcional\"}]},{\"@type\":\"WebSite\",\"@id\":\"https:\\\/\\\/www.siqueiracastro.com.br\\\/noticias\\\/#website\",\"url\":\"https:\\\/\\\/www.siqueiracastro.com.br\\\/noticias\\\/\",\"name\":\"Not\u00edcias | Siqueira Castro\",\"description\":\"Not\u00edcias Siqueira Castro\",\"publisher\":{\"@id\":\"https:\\\/\\\/www.siqueiracastro.com.br\\\/noticias\\\/#organization\"},\"potentialAction\":[{\"@type\":\"SearchAction\",\"target\":{\"@type\":\"EntryPoint\",\"urlTemplate\":\"https:\\\/\\\/www.siqueiracastro.com.br\\\/noticias\\\/?s={search_term_string}\"},\"query-input\":{\"@type\":\"PropertyValueSpecification\",\"valueRequired\":true,\"valueName\":\"search_term_string\"}}],\"inLanguage\":\"pt-BR\"},{\"@type\":\"Organization\",\"@id\":\"https:\\\/\\\/www.siqueiracastro.com.br\\\/noticias\\\/#organization\",\"name\":\"Not\u00edcias | Siqueira Castro\",\"url\":\"https:\\\/\\\/www.siqueiracastro.com.br\\\/noticias\\\/\",\"logo\":{\"@type\":\"ImageObject\",\"inLanguage\":\"pt-BR\",\"@id\":\"https:\\\/\\\/www.siqueiracastro.com.br\\\/noticias\\\/#\\\/schema\\\/logo\\\/image\\\/\",\"url\":\"https:\\\/\\\/www.siqueiracastro.com.br\\\/noticias\\\/wp-content\\\/uploads\\\/04\\\/logo-sca-mobile.png\",\"contentUrl\":\"https:\\\/\\\/www.siqueiracastro.com.br\\\/noticias\\\/wp-content\\\/uploads\\\/04\\\/logo-sca-mobile.png\",\"width\":286,\"height\":70,\"caption\":\"Not\u00edcias | Siqueira Castro\"},\"image\":{\"@id\":\"https:\\\/\\\/www.siqueiracastro.com.br\\\/noticias\\\/#\\\/schema\\\/logo\\\/image\\\/\"},\"sameAs\":[\"https:\\\/\\\/www.facebook.com\\\/siqueiracastro.advogados\",\"https:\\\/\\\/x.com\\\/_SiqueiraCastro\"]},{\"@type\":\"Person\",\"@id\":\"https:\\\/\\\/www.siqueiracastro.com.br\\\/noticias\\\/#\\\/schema\\\/person\\\/f8c998575bb62aec6365c239401358e6\",\"name\":\"webproducer\",\"image\":{\"@type\":\"ImageObject\",\"inLanguage\":\"pt-BR\",\"@id\":\"https:\\\/\\\/www.siqueiracastro.com.br\\\/noticias\\\/wp-content\\\/litespeed\\\/avatar\\\/057b4509c97dd15582f1c57699364979.jpg?ver=1777569221\",\"url\":\"https:\\\/\\\/www.siqueiracastro.com.br\\\/noticias\\\/wp-content\\\/litespeed\\\/avatar\\\/057b4509c97dd15582f1c57699364979.jpg?ver=1777569221\",\"contentUrl\":\"https:\\\/\\\/www.siqueiracastro.com.br\\\/noticias\\\/wp-content\\\/litespeed\\\/avatar\\\/057b4509c97dd15582f1c57699364979.jpg?ver=1777569221\",\"caption\":\"webproducer\"},\"url\":\"https:\\\/\\\/www.siqueiracastro.com.br\\\/noticias\\\/author\\\/webproducer\\\/\"}]}<\/script>\n<!-- \/ Yoast SEO plugin. -->","yoast_head_json":{"title":"Para TJSP, membros do MP possuem foro privilegiado em delitos cometidos fora da atua\u00e7\u00e3o funcional - Not\u00edcias | Siqueira Castro","robots":{"index":"index","follow":"follow","max-snippet":"max-snippet:-1","max-image-preview":"max-image-preview:large","max-video-preview":"max-video-preview:-1"},"canonical":"https:\/\/www.siqueiracastro.com.br\/noticias\/para-tjsp-membros-do-mp-possuem-foro-privilegiado-em-delitos-cometidos-fora-da-atuacao-funcional\/","og_locale":"pt_BR","og_type":"article","og_title":"Para TJSP, membros do MP possuem foro privilegiado em delitos cometidos fora da atua\u00e7\u00e3o funcional - Not\u00edcias | Siqueira Castro","og_description":"O foro de prerrogativa de fun\u00e7\u00e3o se aplica aos promotores de Justi\u00e7a mesmo por delitos cometidos fora da sua atua\u00e7\u00e3o funcional. Assim entendeu o \u00d3rg\u00e3o especial do Tribunal de Justi\u00e7a de S\u00e3o Paulo para anular o termo circunstanciado assinado pelo delegado da Pol\u00edcia Civil durante a audi\u00eancia de concilia\u00e7\u00e3o que envolveu um Promotor de justi\u00e7a [&hellip;]","og_url":"https:\/\/www.siqueiracastro.com.br\/noticias\/para-tjsp-membros-do-mp-possuem-foro-privilegiado-em-delitos-cometidos-fora-da-atuacao-funcional\/","og_site_name":"Not\u00edcias | Siqueira Castro","article_publisher":"https:\/\/www.facebook.com\/siqueiracastro.advogados","article_published_time":"2021-07-26T20:16:26+00:00","article_modified_time":"2021-07-26T20:16:28+00:00","og_image":[{"url":"https:\/\/www.siqueiracastro.com.br\/noticias\/wp-content\/uploads\/07\/tjsp-3010.jpg","type":"","width":"","height":""}],"author":"webproducer","twitter_card":"summary_large_image","twitter_creator":"@_SiqueiraCastro","twitter_site":"@_SiqueiraCastro","twitter_misc":{"Escrito por":"webproducer","Est. tempo de leitura":"3 minutos"},"schema":{"@context":"https:\/\/schema.org","@graph":[{"@type":"Article","@id":"https:\/\/www.siqueiracastro.com.br\/noticias\/para-tjsp-membros-do-mp-possuem-foro-privilegiado-em-delitos-cometidos-fora-da-atuacao-funcional\/#article","isPartOf":{"@id":"https:\/\/www.siqueiracastro.com.br\/noticias\/para-tjsp-membros-do-mp-possuem-foro-privilegiado-em-delitos-cometidos-fora-da-atuacao-funcional\/"},"author":{"name":"webproducer","@id":"https:\/\/www.siqueiracastro.com.br\/noticias\/#\/schema\/person\/f8c998575bb62aec6365c239401358e6"},"headline":"Para TJSP, membros do MP possuem foro privilegiado em delitos cometidos fora da atua\u00e7\u00e3o funcional","datePublished":"2021-07-26T20:16:26+00:00","dateModified":"2021-07-26T20:16:28+00:00","mainEntityOfPage":{"@id":"https:\/\/www.siqueiracastro.com.br\/noticias\/para-tjsp-membros-do-mp-possuem-foro-privilegiado-em-delitos-cometidos-fora-da-atuacao-funcional\/"},"wordCount":537,"commentCount":0,"publisher":{"@id":"https:\/\/www.siqueiracastro.com.br\/noticias\/#organization"},"image":{"@id":"https:\/\/www.siqueiracastro.com.br\/noticias\/para-tjsp-membros-do-mp-possuem-foro-privilegiado-em-delitos-cometidos-fora-da-atuacao-funcional\/#primaryimage"},"thumbnailUrl":"https:\/\/www.siqueiracastro.com.br\/noticias\/wp-content\/uploads\/07\/tjsp-3010.jpg","keywords":["Penal Empresarial"],"articleSection":["Informativos"],"inLanguage":"pt-BR","potentialAction":[{"@type":"CommentAction","name":"Comment","target":["https:\/\/www.siqueiracastro.com.br\/noticias\/para-tjsp-membros-do-mp-possuem-foro-privilegiado-em-delitos-cometidos-fora-da-atuacao-funcional\/#respond"]}]},{"@type":"WebPage","@id":"https:\/\/www.siqueiracastro.com.br\/noticias\/para-tjsp-membros-do-mp-possuem-foro-privilegiado-em-delitos-cometidos-fora-da-atuacao-funcional\/","url":"https:\/\/www.siqueiracastro.com.br\/noticias\/para-tjsp-membros-do-mp-possuem-foro-privilegiado-em-delitos-cometidos-fora-da-atuacao-funcional\/","name":"Para TJSP, membros do MP possuem foro privilegiado em delitos cometidos fora da atua\u00e7\u00e3o funcional - Not\u00edcias | Siqueira Castro","isPartOf":{"@id":"https:\/\/www.siqueiracastro.com.br\/noticias\/#website"},"primaryImageOfPage":{"@id":"https:\/\/www.siqueiracastro.com.br\/noticias\/para-tjsp-membros-do-mp-possuem-foro-privilegiado-em-delitos-cometidos-fora-da-atuacao-funcional\/#primaryimage"},"image":{"@id":"https:\/\/www.siqueiracastro.com.br\/noticias\/para-tjsp-membros-do-mp-possuem-foro-privilegiado-em-delitos-cometidos-fora-da-atuacao-funcional\/#primaryimage"},"thumbnailUrl":"https:\/\/www.siqueiracastro.com.br\/noticias\/wp-content\/uploads\/07\/tjsp-3010.jpg","datePublished":"2021-07-26T20:16:26+00:00","dateModified":"2021-07-26T20:16:28+00:00","breadcrumb":{"@id":"https:\/\/www.siqueiracastro.com.br\/noticias\/para-tjsp-membros-do-mp-possuem-foro-privilegiado-em-delitos-cometidos-fora-da-atuacao-funcional\/#breadcrumb"},"inLanguage":"pt-BR","potentialAction":[{"@type":"ReadAction","target":["https:\/\/www.siqueiracastro.com.br\/noticias\/para-tjsp-membros-do-mp-possuem-foro-privilegiado-em-delitos-cometidos-fora-da-atuacao-funcional\/"]}]},{"@type":"ImageObject","inLanguage":"pt-BR","@id":"https:\/\/www.siqueiracastro.com.br\/noticias\/para-tjsp-membros-do-mp-possuem-foro-privilegiado-em-delitos-cometidos-fora-da-atuacao-funcional\/#primaryimage","url":"https:\/\/www.siqueiracastro.com.br\/noticias\/wp-content\/uploads\/07\/tjsp-3010.jpg","contentUrl":"https:\/\/www.siqueiracastro.com.br\/noticias\/wp-content\/uploads\/07\/tjsp-3010.jpg","width":768,"height":512},{"@type":"BreadcrumbList","@id":"https:\/\/www.siqueiracastro.com.br\/noticias\/para-tjsp-membros-do-mp-possuem-foro-privilegiado-em-delitos-cometidos-fora-da-atuacao-funcional\/#breadcrumb","itemListElement":[{"@type":"ListItem","position":1,"name":"In\u00edcio","item":"https:\/\/www.siqueiracastro.com.br\/noticias\/"},{"@type":"ListItem","position":2,"name":"Para TJSP, membros do MP possuem foro privilegiado em delitos cometidos fora da atua\u00e7\u00e3o funcional"}]},{"@type":"WebSite","@id":"https:\/\/www.siqueiracastro.com.br\/noticias\/#website","url":"https:\/\/www.siqueiracastro.com.br\/noticias\/","name":"Not\u00edcias | Siqueira Castro","description":"Not\u00edcias Siqueira Castro","publisher":{"@id":"https:\/\/www.siqueiracastro.com.br\/noticias\/#organization"},"potentialAction":[{"@type":"SearchAction","target":{"@type":"EntryPoint","urlTemplate":"https:\/\/www.siqueiracastro.com.br\/noticias\/?s={search_term_string}"},"query-input":{"@type":"PropertyValueSpecification","valueRequired":true,"valueName":"search_term_string"}}],"inLanguage":"pt-BR"},{"@type":"Organization","@id":"https:\/\/www.siqueiracastro.com.br\/noticias\/#organization","name":"Not\u00edcias | Siqueira Castro","url":"https:\/\/www.siqueiracastro.com.br\/noticias\/","logo":{"@type":"ImageObject","inLanguage":"pt-BR","@id":"https:\/\/www.siqueiracastro.com.br\/noticias\/#\/schema\/logo\/image\/","url":"https:\/\/www.siqueiracastro.com.br\/noticias\/wp-content\/uploads\/04\/logo-sca-mobile.png","contentUrl":"https:\/\/www.siqueiracastro.com.br\/noticias\/wp-content\/uploads\/04\/logo-sca-mobile.png","width":286,"height":70,"caption":"Not\u00edcias | Siqueira Castro"},"image":{"@id":"https:\/\/www.siqueiracastro.com.br\/noticias\/#\/schema\/logo\/image\/"},"sameAs":["https:\/\/www.facebook.com\/siqueiracastro.advogados","https:\/\/x.com\/_SiqueiraCastro"]},{"@type":"Person","@id":"https:\/\/www.siqueiracastro.com.br\/noticias\/#\/schema\/person\/f8c998575bb62aec6365c239401358e6","name":"webproducer","image":{"@type":"ImageObject","inLanguage":"pt-BR","@id":"https:\/\/www.siqueiracastro.com.br\/noticias\/wp-content\/litespeed\/avatar\/057b4509c97dd15582f1c57699364979.jpg?ver=1777569221","url":"https:\/\/www.siqueiracastro.com.br\/noticias\/wp-content\/litespeed\/avatar\/057b4509c97dd15582f1c57699364979.jpg?ver=1777569221","contentUrl":"https:\/\/www.siqueiracastro.com.br\/noticias\/wp-content\/litespeed\/avatar\/057b4509c97dd15582f1c57699364979.jpg?ver=1777569221","caption":"webproducer"},"url":"https:\/\/www.siqueiracastro.com.br\/noticias\/author\/webproducer\/"}]}},"_links":{"self":[{"href":"https:\/\/www.siqueiracastro.com.br\/noticias\/wp-json\/wp\/v2\/posts\/34711","targetHints":{"allow":["GET"]}}],"collection":[{"href":"https:\/\/www.siqueiracastro.com.br\/noticias\/wp-json\/wp\/v2\/posts"}],"about":[{"href":"https:\/\/www.siqueiracastro.com.br\/noticias\/wp-json\/wp\/v2\/types\/post"}],"author":[{"embeddable":true,"href":"https:\/\/www.siqueiracastro.com.br\/noticias\/wp-json\/wp\/v2\/users\/10"}],"replies":[{"embeddable":true,"href":"https:\/\/www.siqueiracastro.com.br\/noticias\/wp-json\/wp\/v2\/comments?post=34711"}],"version-history":[{"count":1,"href":"https:\/\/www.siqueiracastro.com.br\/noticias\/wp-json\/wp\/v2\/posts\/34711\/revisions"}],"predecessor-version":[{"id":34713,"href":"https:\/\/www.siqueiracastro.com.br\/noticias\/wp-json\/wp\/v2\/posts\/34711\/revisions\/34713"}],"wp:attachment":[{"href":"https:\/\/www.siqueiracastro.com.br\/noticias\/wp-json\/wp\/v2\/media?parent=34711"}],"wp:term":[{"taxonomy":"category","embeddable":true,"href":"https:\/\/www.siqueiracastro.com.br\/noticias\/wp-json\/wp\/v2\/categories?post=34711"},{"taxonomy":"post_tag","embeddable":true,"href":"https:\/\/www.siqueiracastro.com.br\/noticias\/wp-json\/wp\/v2\/tags?post=34711"}],"curies":[{"name":"wp","href":"https:\/\/api.w.org\/{rel}","templated":true}]}}