{"id":34987,"date":"2022-01-28T16:43:01","date_gmt":"2022-01-28T19:43:01","guid":{"rendered":"https:\/\/www.siqueiracastro.com.br\/noticias\/?p=34987"},"modified":"2022-01-28T16:43:05","modified_gmt":"2022-01-28T19:43:05","slug":"28-de-janeiro-dia-nacional-de-combate-ao-trabalho-escravo","status":"publish","type":"post","link":"https:\/\/www.siqueiracastro.com.br\/noticias\/28-de-janeiro-dia-nacional-de-combate-ao-trabalho-escravo\/","title":{"rendered":"28 de janeiro: Dia Nacional de Combate ao Trabalho Escravo"},"content":{"rendered":"\n<p>No \u00e2mbito do direito penal, reduzir algu\u00e9m \u00e0 condi\u00e7\u00e3o an\u00e1loga \u00e0 de&nbsp;escravo, que \u00e9 crime definido no art. 149 do C\u00f3digo Penal, significa submeter a pessoa&nbsp;<strong><em>&#8220;a&nbsp;trabalhos for\u00e7ados ou a jornada exaustiva, quer sujeitando-o a condi\u00e7\u00f5es degradantes de&nbsp;trabalho, quer restringindo, por qualquer meio, sua locomo\u00e7\u00e3o em raz\u00e3o de d\u00edvida contra\u00edda com o empregador ou preposto<\/em>\u201d<\/strong>.<\/p>\n\n\n\n<p>Mas qual \u00e9 a interpreta\u00e7\u00e3o atual do dispositivo, considerando todo o contexto atual em que a presen\u00e7a dos \u00f3rg\u00e3os de controle \u00e9 maior do que eram quando da promulga\u00e7\u00e3o do C\u00f3digo Penal?&nbsp;<\/p>\n\n\n\n<h2 class=\"wp-block-heading\"><strong>Julgamento de 2012<\/strong><\/h2>\n\n\n\n<p>H\u00e1 cerca de 10 anos, em mar\u00e7o de 2012, foi realizado um emblem\u00e1tico julgamento pelo plen\u00e1rio do Supremo Tribunal Federal, no qual ficou esclarecida uma quest\u00e3o de enorme relev\u00e2ncia para o combate ao&nbsp;trabalho&nbsp;escravo&nbsp;no pa\u00eds (STF. Plen\u00e1rio. Inq 3412, Rel. p\/ Ac\u00f3rd\u00e3o Min. Rosa Weber, julgado em 29\/03\/2012).<\/p>\n\n\n\n<p>Na ocasi\u00e3o, assentou-se que, para a configura\u00e7\u00e3o do crime do art. 149 do CP, <strong>n\u00e3o seria necess\u00e1ria a coa\u00e7\u00e3o f\u00edsica da liberdade de ir e vir ou mesmo o cerceamento da liberdade de locomo\u00e7\u00e3o<\/strong>. Isso porque, segundo a Corte, a escravid\u00e3o em tempos modernos \u00e9 mais s\u00fatil do que a do s\u00e9culo XIX e o cerceamento da liberdade pode decorrer de diversos constrangimentos econ\u00f4micos e n\u00e3o necessariamente f\u00edsicos.&nbsp;<br><br>O tratamento do trabalhador como \u201ccoisa\u201d e n\u00e3o como pessoa humana pode ser feito n\u00e3o s\u00f3 mediante coa\u00e7\u00e3o, mas tamb\u00e9m pela viola\u00e7\u00e3o intensa e persistente de seus direitos b\u00e1sicos, como \u00e9 o direito ao&nbsp;trabalho&nbsp;digno.&nbsp; Assim, o simples fato de n\u00e3o ter havido o cerceamento do direito de locomo\u00e7\u00e3o dos trabalhadores n\u00e3o denota aus\u00eancia de tipicidade.<\/p>\n\n\n\n<p>Deve ficar bastante claro, todavia, que n\u00e3o \u00e9 qualquer viola\u00e7\u00e3o dos direitos trabalhistas que configura&nbsp;trabalho&nbsp;escravo, mas somente aquelas que submetem os trabalhadores a:<br><br>(i)&nbsp;trabalhos for\u00e7ados;<br>(ii) jornadas exaustivas;<br>(iii) condi\u00e7\u00f5es degradantes de&nbsp;trabalho, nos termos do tipo penal tratado.<\/p>\n\n\n\n<p>Desde ent\u00e3o, o Superior Tribunal de Justi\u00e7a passou a replicar o entendimento, ressaltando que a restri\u00e7\u00e3o \u00e0 liberdade de locomo\u00e7\u00e3o do trabalhador \u00e9 apenas uma das formas de cometimento do delito, mas n\u00e3o a \u00fanica.<\/p>\n\n\n\n<h2 class=\"wp-block-heading\"><strong>Equ\u00edvocos<\/strong><\/h2>\n\n\n\n<p>Brasil a fora, ju\u00edzes e desembargadores, por vezes de forma anal\u00f3gica, ainda entendem que a caracteriza\u00e7\u00e3o do delito exige, de algum modo, a restri\u00e7\u00e3o da liberdade de locomo\u00e7\u00e3o. Por essa raz\u00e3o, esporadicamente, o tema retorna \u00e0 pauta dos Tribunais Superiores. De modo geral, as decis\u00f5es se baseiam no argumento de que o tipo penal est\u00e1 inserido no cap\u00edtulo VI do T\u00edtulo I do C\u00f3digo Penal, ou seja, \u201cDos crimes contra a liberdade pessoal\u201d, necessitando de algum meio \u2013 qualquer que seja \u2013 de cerceamento da liberdade.<\/p>\n\n\n\n<p>Nesse contexto, em 2020, o STJ novamente foi chamado a decidir a quest\u00e3o e, sem hesitar, reiterou a jurisprud\u00eancia acima mencionada para restabelecer a condena\u00e7\u00e3o de um fazendeiro que havia sido revertida pelo Tribunal Regional Federal da 1\u00aa Regi\u00e3o (TRF1) com base na imprescindibilidade da supress\u00e3o da liberdade da v\u00edtima para caracteriza\u00e7\u00e3o do tipo penal.<\/p>\n\n\n\n<p>Segundo o TRF1, diante da aus\u00eancia da restri\u00e7\u00e3o de liberdade da v\u00edtima, vislumbrava-se apenas a ocorr\u00eancia de viola\u00e7\u00f5es a normas trabalhistas as quais deveriam ser combatidas no \u00e2mbito da Justi\u00e7a do&nbsp;Trabalho, mas n\u00e3o reclamavam a interfer\u00eancia do Direito Penal.<\/p>\n\n\n\n<p>A tese, contudo, n\u00e3o prosperou. No RESP 1.843.150\/PA, sob relatoria do Min. Nefi Cordeiro, ficou sedimentado que a demonstra\u00e7\u00e3o de diversas irregularidades, como o n\u00e3o fornecimento de \u00e1gua pot\u00e1vel, p\u00e9ssimas condi\u00e7\u00f5es de conforto e higiene, aus\u00eancia de banheiros para os trabalhadores e alojamentos de palha e lona no meio da mata, sem qualquer prote\u00e7\u00e3o lateral, com exposi\u00e7\u00e3o a riscos, eram suficientes para caracterizar condi\u00e7\u00f5es degradantes de&nbsp;trabalho&nbsp;e, portanto, para estar configurada a pr\u00e1tica do crime (REsp 1843150\/PA, Rel. Ministro NEFI CORDEIRO, SEXTA TURMA, julgado em 26\/05\/2020, DJe 02\/06\/2020).<\/p>\n\n\n\n<p>Afinal, depreende-se da literalidade do tipo penal que o delito aqui analisado \u00e9 crime de a\u00e7\u00e3o m\u00faltipla ou tipo misto alternativo. Isso quer dizer que ao prever quatro condutas alternativas, o que se denota do uso da express\u00e3o \u201cquer\u201d (\u201c<em>quer submetendo-o a&nbsp;trabalhos for\u00e7ados ou a jornada exaustiva, quer sujeitando-o a condi\u00e7\u00f5es degradantes de&nbsp;trabalho, quer restringindo, por qualquer meio, sua locomo\u00e7\u00e3o em raz\u00e3o de d\u00edvida contra\u00edda com o empregador\u201d<\/em>), sejam elas realizadas de modo isolado ou cumulativo, caracteriza-se o crime de redu\u00e7\u00e3o \u00e0 condi\u00e7\u00e3o an\u00e1loga \u00e0 de&nbsp;escravo.<\/p>\n\n\n\n<p>Vale dizer que os Tribunais Superiores, quando fixaram a compet\u00eancia da Justi\u00e7a Federal para processar julgar o crime do art. 149 do CP, assentaram que a topografia do crime, ou seja, sua posi\u00e7\u00e3o no C\u00f3digo Penal, n\u00e3o \u00e9 fator preponderante, minando a fundamenta\u00e7\u00e3o geralmente empregada para exigir o requisito t\u00edpico da restri\u00e7\u00e3o da liberdade.&nbsp;<\/p>\n\n\n\n<p>Diante da recente reafirma\u00e7\u00e3o do entendimento pelo STJ, espera-se que ju\u00edzes e tribunais se ajustem \u00e0 solu\u00e7\u00e3o jur\u00eddica adotada, nitidamente mais adequada, tanto do ponto de vista t\u00e9cnico quanto sob a perspectiva do compromisso com a erradica\u00e7\u00e3o do\u00a0trabalho\u00a0em situa\u00e7\u00e3o an\u00e1loga \u00e0 escravid\u00e3o.\u00a0 <br><br>Artigo de L\u00edvia Fabbro Machado, advogada da \u00e1rea Penal Empresarial da SiqueiraCastro.<\/p>\n","protected":false},"excerpt":{"rendered":"<p>No \u00e2mbito do direito penal, reduzir algu\u00e9m \u00e0 condi\u00e7\u00e3o an\u00e1loga \u00e0 de&nbsp;escravo, que \u00e9 crime definido no art. 149 do C\u00f3digo Penal, significa submeter a pessoa&nbsp;&#8220;a&nbsp;trabalhos for\u00e7ados ou a jornada exaustiva, quer sujeitando-o a condi\u00e7\u00f5es degradantes de&nbsp;trabalho, quer restringindo, por qualquer meio, sua locomo\u00e7\u00e3o em raz\u00e3o de d\u00edvida contra\u00edda com o empregador ou preposto\u201d. Mas [&hellip;]<\/p>\n","protected":false},"author":13,"featured_media":0,"comment_status":"open","ping_status":"open","sticky":false,"template":"","format":"standard","meta":{"_acf_changed":false,"footnotes":""},"categories":[5],"tags":[184],"class_list":["post-34987","post","type-post","status-publish","format-standard","hentry","category-informativos","tag-penal-empresarial"],"fields":{"_edit_lock":["1643399235:8"],"_edit_last":["8"],"arquivo":[""],"_arquivo":["field_5cd093c67f0aa"],"subtitulo":[""],"_subtitulo":["field_5cc755a87dc0e"],"fonte":[""],"_fonte":["field_5cc73bceda287"],"td_post_theme_settings":["a:2:{s:16:\"td_post_template\";s:15:\"single_template\";s:14:\"td_primary_cat\";s:1:\"5\";}"],"_yoast_wpseo_primary_category":["5"],"_yoast_wpseo_content_score":["30"],"_yoast_wpseo_estimated-reading-time-minutes":["5"],"post_views_count":["831"]},"acf":[],"yoast_head":"<!-- This site is optimized with the Yoast SEO plugin v27.4 - https:\/\/yoast.com\/product\/yoast-seo-wordpress\/ -->\n<title>28 de janeiro: Dia Nacional de Combate ao Trabalho Escravo - Not\u00edcias | Siqueira Castro<\/title>\n<meta name=\"robots\" content=\"index, follow, max-snippet:-1, max-image-preview:large, max-video-preview:-1\" \/>\n<link rel=\"canonical\" href=\"https:\/\/www.siqueiracastro.com.br\/noticias\/28-de-janeiro-dia-nacional-de-combate-ao-trabalho-escravo\/\" \/>\n<meta property=\"og:locale\" content=\"pt_BR\" \/>\n<meta property=\"og:type\" content=\"article\" \/>\n<meta property=\"og:title\" content=\"28 de janeiro: Dia Nacional de Combate ao Trabalho Escravo - Not\u00edcias | Siqueira Castro\" \/>\n<meta property=\"og:description\" content=\"No \u00e2mbito do direito penal, reduzir algu\u00e9m \u00e0 condi\u00e7\u00e3o an\u00e1loga \u00e0 de&nbsp;escravo, que \u00e9 crime definido no art. 149 do C\u00f3digo Penal, significa submeter a pessoa&nbsp;&#8220;a&nbsp;trabalhos for\u00e7ados ou a jornada exaustiva, quer sujeitando-o a condi\u00e7\u00f5es degradantes de&nbsp;trabalho, quer restringindo, por qualquer meio, sua locomo\u00e7\u00e3o em raz\u00e3o de d\u00edvida contra\u00edda com o empregador ou preposto\u201d. Mas [&hellip;]\" \/>\n<meta property=\"og:url\" content=\"https:\/\/www.siqueiracastro.com.br\/noticias\/28-de-janeiro-dia-nacional-de-combate-ao-trabalho-escravo\/\" \/>\n<meta property=\"og:site_name\" content=\"Not\u00edcias | Siqueira Castro\" \/>\n<meta property=\"article:publisher\" content=\"https:\/\/www.facebook.com\/siqueiracastro.advogados\" \/>\n<meta property=\"article:published_time\" content=\"2022-01-28T19:43:01+00:00\" \/>\n<meta property=\"article:modified_time\" content=\"2022-01-28T19:43:05+00:00\" \/>\n<meta name=\"author\" content=\"Annie Pereira Andrade\" \/>\n<meta name=\"twitter:card\" content=\"summary_large_image\" \/>\n<meta name=\"twitter:creator\" content=\"@_SiqueiraCastro\" \/>\n<meta name=\"twitter:site\" content=\"@_SiqueiraCastro\" \/>\n<meta name=\"twitter:label1\" content=\"Escrito por\" \/>\n\t<meta name=\"twitter:data1\" content=\"Annie Pereira Andrade\" \/>\n\t<meta name=\"twitter:label2\" content=\"Est. tempo de leitura\" \/>\n\t<meta name=\"twitter:data2\" content=\"5 minutos\" \/>\n<script type=\"application\/ld+json\" class=\"yoast-schema-graph\">{\"@context\":\"https:\\\/\\\/schema.org\",\"@graph\":[{\"@type\":\"Article\",\"@id\":\"https:\\\/\\\/www.siqueiracastro.com.br\\\/noticias\\\/28-de-janeiro-dia-nacional-de-combate-ao-trabalho-escravo\\\/#article\",\"isPartOf\":{\"@id\":\"https:\\\/\\\/www.siqueiracastro.com.br\\\/noticias\\\/28-de-janeiro-dia-nacional-de-combate-ao-trabalho-escravo\\\/\"},\"author\":{\"name\":\"Annie Pereira Andrade\",\"@id\":\"https:\\\/\\\/www.siqueiracastro.com.br\\\/noticias\\\/#\\\/schema\\\/person\\\/b3ad81cd2d679684cb660d7048070c31\"},\"headline\":\"28 de janeiro: Dia Nacional de Combate ao Trabalho Escravo\",\"datePublished\":\"2022-01-28T19:43:01+00:00\",\"dateModified\":\"2022-01-28T19:43:05+00:00\",\"mainEntityOfPage\":{\"@id\":\"https:\\\/\\\/www.siqueiracastro.com.br\\\/noticias\\\/28-de-janeiro-dia-nacional-de-combate-ao-trabalho-escravo\\\/\"},\"wordCount\":939,\"commentCount\":0,\"publisher\":{\"@id\":\"https:\\\/\\\/www.siqueiracastro.com.br\\\/noticias\\\/#organization\"},\"keywords\":[\"Penal Empresarial\"],\"articleSection\":[\"Informativos\"],\"inLanguage\":\"pt-BR\",\"potentialAction\":[{\"@type\":\"CommentAction\",\"name\":\"Comment\",\"target\":[\"https:\\\/\\\/www.siqueiracastro.com.br\\\/noticias\\\/28-de-janeiro-dia-nacional-de-combate-ao-trabalho-escravo\\\/#respond\"]}]},{\"@type\":\"WebPage\",\"@id\":\"https:\\\/\\\/www.siqueiracastro.com.br\\\/noticias\\\/28-de-janeiro-dia-nacional-de-combate-ao-trabalho-escravo\\\/\",\"url\":\"https:\\\/\\\/www.siqueiracastro.com.br\\\/noticias\\\/28-de-janeiro-dia-nacional-de-combate-ao-trabalho-escravo\\\/\",\"name\":\"28 de janeiro: Dia Nacional de Combate ao Trabalho Escravo - Not\u00edcias | Siqueira Castro\",\"isPartOf\":{\"@id\":\"https:\\\/\\\/www.siqueiracastro.com.br\\\/noticias\\\/#website\"},\"datePublished\":\"2022-01-28T19:43:01+00:00\",\"dateModified\":\"2022-01-28T19:43:05+00:00\",\"breadcrumb\":{\"@id\":\"https:\\\/\\\/www.siqueiracastro.com.br\\\/noticias\\\/28-de-janeiro-dia-nacional-de-combate-ao-trabalho-escravo\\\/#breadcrumb\"},\"inLanguage\":\"pt-BR\",\"potentialAction\":[{\"@type\":\"ReadAction\",\"target\":[\"https:\\\/\\\/www.siqueiracastro.com.br\\\/noticias\\\/28-de-janeiro-dia-nacional-de-combate-ao-trabalho-escravo\\\/\"]}]},{\"@type\":\"BreadcrumbList\",\"@id\":\"https:\\\/\\\/www.siqueiracastro.com.br\\\/noticias\\\/28-de-janeiro-dia-nacional-de-combate-ao-trabalho-escravo\\\/#breadcrumb\",\"itemListElement\":[{\"@type\":\"ListItem\",\"position\":1,\"name\":\"In\u00edcio\",\"item\":\"https:\\\/\\\/www.siqueiracastro.com.br\\\/noticias\\\/\"},{\"@type\":\"ListItem\",\"position\":2,\"name\":\"28 de janeiro: Dia Nacional de Combate ao Trabalho Escravo\"}]},{\"@type\":\"WebSite\",\"@id\":\"https:\\\/\\\/www.siqueiracastro.com.br\\\/noticias\\\/#website\",\"url\":\"https:\\\/\\\/www.siqueiracastro.com.br\\\/noticias\\\/\",\"name\":\"Not\u00edcias | Siqueira Castro\",\"description\":\"Not\u00edcias Siqueira Castro\",\"publisher\":{\"@id\":\"https:\\\/\\\/www.siqueiracastro.com.br\\\/noticias\\\/#organization\"},\"potentialAction\":[{\"@type\":\"SearchAction\",\"target\":{\"@type\":\"EntryPoint\",\"urlTemplate\":\"https:\\\/\\\/www.siqueiracastro.com.br\\\/noticias\\\/?s={search_term_string}\"},\"query-input\":{\"@type\":\"PropertyValueSpecification\",\"valueRequired\":true,\"valueName\":\"search_term_string\"}}],\"inLanguage\":\"pt-BR\"},{\"@type\":\"Organization\",\"@id\":\"https:\\\/\\\/www.siqueiracastro.com.br\\\/noticias\\\/#organization\",\"name\":\"Not\u00edcias | Siqueira Castro\",\"url\":\"https:\\\/\\\/www.siqueiracastro.com.br\\\/noticias\\\/\",\"logo\":{\"@type\":\"ImageObject\",\"inLanguage\":\"pt-BR\",\"@id\":\"https:\\\/\\\/www.siqueiracastro.com.br\\\/noticias\\\/#\\\/schema\\\/logo\\\/image\\\/\",\"url\":\"https:\\\/\\\/www.siqueiracastro.com.br\\\/noticias\\\/wp-content\\\/uploads\\\/04\\\/logo-sca-mobile.png\",\"contentUrl\":\"https:\\\/\\\/www.siqueiracastro.com.br\\\/noticias\\\/wp-content\\\/uploads\\\/04\\\/logo-sca-mobile.png\",\"width\":286,\"height\":70,\"caption\":\"Not\u00edcias | Siqueira Castro\"},\"image\":{\"@id\":\"https:\\\/\\\/www.siqueiracastro.com.br\\\/noticias\\\/#\\\/schema\\\/logo\\\/image\\\/\"},\"sameAs\":[\"https:\\\/\\\/www.facebook.com\\\/siqueiracastro.advogados\",\"https:\\\/\\\/x.com\\\/_SiqueiraCastro\"]},{\"@type\":\"Person\",\"@id\":\"https:\\\/\\\/www.siqueiracastro.com.br\\\/noticias\\\/#\\\/schema\\\/person\\\/b3ad81cd2d679684cb660d7048070c31\",\"name\":\"Annie Pereira Andrade\",\"image\":{\"@type\":\"ImageObject\",\"inLanguage\":\"pt-BR\",\"@id\":\"https:\\\/\\\/www.siqueiracastro.com.br\\\/noticias\\\/wp-content\\\/litespeed\\\/avatar\\\/ea8ff2f7d87cd5ad3a1cb5e87cd025b6.jpg?ver=1776956466\",\"url\":\"https:\\\/\\\/www.siqueiracastro.com.br\\\/noticias\\\/wp-content\\\/litespeed\\\/avatar\\\/ea8ff2f7d87cd5ad3a1cb5e87cd025b6.jpg?ver=1776956466\",\"contentUrl\":\"https:\\\/\\\/www.siqueiracastro.com.br\\\/noticias\\\/wp-content\\\/litespeed\\\/avatar\\\/ea8ff2f7d87cd5ad3a1cb5e87cd025b6.jpg?ver=1776956466\",\"caption\":\"Annie Pereira Andrade\"},\"url\":\"https:\\\/\\\/www.siqueiracastro.com.br\\\/noticias\\\/author\\\/annie\\\/\"}]}<\/script>\n<!-- \/ Yoast SEO plugin. -->","yoast_head_json":{"title":"28 de janeiro: Dia Nacional de Combate ao Trabalho Escravo - Not\u00edcias | Siqueira Castro","robots":{"index":"index","follow":"follow","max-snippet":"max-snippet:-1","max-image-preview":"max-image-preview:large","max-video-preview":"max-video-preview:-1"},"canonical":"https:\/\/www.siqueiracastro.com.br\/noticias\/28-de-janeiro-dia-nacional-de-combate-ao-trabalho-escravo\/","og_locale":"pt_BR","og_type":"article","og_title":"28 de janeiro: Dia Nacional de Combate ao Trabalho Escravo - Not\u00edcias | Siqueira Castro","og_description":"No \u00e2mbito do direito penal, reduzir algu\u00e9m \u00e0 condi\u00e7\u00e3o an\u00e1loga \u00e0 de&nbsp;escravo, que \u00e9 crime definido no art. 149 do C\u00f3digo Penal, significa submeter a pessoa&nbsp;&#8220;a&nbsp;trabalhos for\u00e7ados ou a jornada exaustiva, quer sujeitando-o a condi\u00e7\u00f5es degradantes de&nbsp;trabalho, quer restringindo, por qualquer meio, sua locomo\u00e7\u00e3o em raz\u00e3o de d\u00edvida contra\u00edda com o empregador ou preposto\u201d. Mas [&hellip;]","og_url":"https:\/\/www.siqueiracastro.com.br\/noticias\/28-de-janeiro-dia-nacional-de-combate-ao-trabalho-escravo\/","og_site_name":"Not\u00edcias | Siqueira Castro","article_publisher":"https:\/\/www.facebook.com\/siqueiracastro.advogados","article_published_time":"2022-01-28T19:43:01+00:00","article_modified_time":"2022-01-28T19:43:05+00:00","author":"Annie Pereira Andrade","twitter_card":"summary_large_image","twitter_creator":"@_SiqueiraCastro","twitter_site":"@_SiqueiraCastro","twitter_misc":{"Escrito por":"Annie Pereira Andrade","Est. tempo de leitura":"5 minutos"},"schema":{"@context":"https:\/\/schema.org","@graph":[{"@type":"Article","@id":"https:\/\/www.siqueiracastro.com.br\/noticias\/28-de-janeiro-dia-nacional-de-combate-ao-trabalho-escravo\/#article","isPartOf":{"@id":"https:\/\/www.siqueiracastro.com.br\/noticias\/28-de-janeiro-dia-nacional-de-combate-ao-trabalho-escravo\/"},"author":{"name":"Annie Pereira Andrade","@id":"https:\/\/www.siqueiracastro.com.br\/noticias\/#\/schema\/person\/b3ad81cd2d679684cb660d7048070c31"},"headline":"28 de janeiro: Dia Nacional de Combate ao Trabalho Escravo","datePublished":"2022-01-28T19:43:01+00:00","dateModified":"2022-01-28T19:43:05+00:00","mainEntityOfPage":{"@id":"https:\/\/www.siqueiracastro.com.br\/noticias\/28-de-janeiro-dia-nacional-de-combate-ao-trabalho-escravo\/"},"wordCount":939,"commentCount":0,"publisher":{"@id":"https:\/\/www.siqueiracastro.com.br\/noticias\/#organization"},"keywords":["Penal Empresarial"],"articleSection":["Informativos"],"inLanguage":"pt-BR","potentialAction":[{"@type":"CommentAction","name":"Comment","target":["https:\/\/www.siqueiracastro.com.br\/noticias\/28-de-janeiro-dia-nacional-de-combate-ao-trabalho-escravo\/#respond"]}]},{"@type":"WebPage","@id":"https:\/\/www.siqueiracastro.com.br\/noticias\/28-de-janeiro-dia-nacional-de-combate-ao-trabalho-escravo\/","url":"https:\/\/www.siqueiracastro.com.br\/noticias\/28-de-janeiro-dia-nacional-de-combate-ao-trabalho-escravo\/","name":"28 de janeiro: Dia Nacional de Combate ao Trabalho Escravo - Not\u00edcias | Siqueira Castro","isPartOf":{"@id":"https:\/\/www.siqueiracastro.com.br\/noticias\/#website"},"datePublished":"2022-01-28T19:43:01+00:00","dateModified":"2022-01-28T19:43:05+00:00","breadcrumb":{"@id":"https:\/\/www.siqueiracastro.com.br\/noticias\/28-de-janeiro-dia-nacional-de-combate-ao-trabalho-escravo\/#breadcrumb"},"inLanguage":"pt-BR","potentialAction":[{"@type":"ReadAction","target":["https:\/\/www.siqueiracastro.com.br\/noticias\/28-de-janeiro-dia-nacional-de-combate-ao-trabalho-escravo\/"]}]},{"@type":"BreadcrumbList","@id":"https:\/\/www.siqueiracastro.com.br\/noticias\/28-de-janeiro-dia-nacional-de-combate-ao-trabalho-escravo\/#breadcrumb","itemListElement":[{"@type":"ListItem","position":1,"name":"In\u00edcio","item":"https:\/\/www.siqueiracastro.com.br\/noticias\/"},{"@type":"ListItem","position":2,"name":"28 de janeiro: Dia Nacional de Combate ao Trabalho Escravo"}]},{"@type":"WebSite","@id":"https:\/\/www.siqueiracastro.com.br\/noticias\/#website","url":"https:\/\/www.siqueiracastro.com.br\/noticias\/","name":"Not\u00edcias | Siqueira Castro","description":"Not\u00edcias Siqueira Castro","publisher":{"@id":"https:\/\/www.siqueiracastro.com.br\/noticias\/#organization"},"potentialAction":[{"@type":"SearchAction","target":{"@type":"EntryPoint","urlTemplate":"https:\/\/www.siqueiracastro.com.br\/noticias\/?s={search_term_string}"},"query-input":{"@type":"PropertyValueSpecification","valueRequired":true,"valueName":"search_term_string"}}],"inLanguage":"pt-BR"},{"@type":"Organization","@id":"https:\/\/www.siqueiracastro.com.br\/noticias\/#organization","name":"Not\u00edcias | Siqueira Castro","url":"https:\/\/www.siqueiracastro.com.br\/noticias\/","logo":{"@type":"ImageObject","inLanguage":"pt-BR","@id":"https:\/\/www.siqueiracastro.com.br\/noticias\/#\/schema\/logo\/image\/","url":"https:\/\/www.siqueiracastro.com.br\/noticias\/wp-content\/uploads\/04\/logo-sca-mobile.png","contentUrl":"https:\/\/www.siqueiracastro.com.br\/noticias\/wp-content\/uploads\/04\/logo-sca-mobile.png","width":286,"height":70,"caption":"Not\u00edcias | Siqueira Castro"},"image":{"@id":"https:\/\/www.siqueiracastro.com.br\/noticias\/#\/schema\/logo\/image\/"},"sameAs":["https:\/\/www.facebook.com\/siqueiracastro.advogados","https:\/\/x.com\/_SiqueiraCastro"]},{"@type":"Person","@id":"https:\/\/www.siqueiracastro.com.br\/noticias\/#\/schema\/person\/b3ad81cd2d679684cb660d7048070c31","name":"Annie Pereira Andrade","image":{"@type":"ImageObject","inLanguage":"pt-BR","@id":"https:\/\/www.siqueiracastro.com.br\/noticias\/wp-content\/litespeed\/avatar\/ea8ff2f7d87cd5ad3a1cb5e87cd025b6.jpg?ver=1776956466","url":"https:\/\/www.siqueiracastro.com.br\/noticias\/wp-content\/litespeed\/avatar\/ea8ff2f7d87cd5ad3a1cb5e87cd025b6.jpg?ver=1776956466","contentUrl":"https:\/\/www.siqueiracastro.com.br\/noticias\/wp-content\/litespeed\/avatar\/ea8ff2f7d87cd5ad3a1cb5e87cd025b6.jpg?ver=1776956466","caption":"Annie Pereira Andrade"},"url":"https:\/\/www.siqueiracastro.com.br\/noticias\/author\/annie\/"}]}},"_links":{"self":[{"href":"https:\/\/www.siqueiracastro.com.br\/noticias\/wp-json\/wp\/v2\/posts\/34987","targetHints":{"allow":["GET"]}}],"collection":[{"href":"https:\/\/www.siqueiracastro.com.br\/noticias\/wp-json\/wp\/v2\/posts"}],"about":[{"href":"https:\/\/www.siqueiracastro.com.br\/noticias\/wp-json\/wp\/v2\/types\/post"}],"author":[{"embeddable":true,"href":"https:\/\/www.siqueiracastro.com.br\/noticias\/wp-json\/wp\/v2\/users\/13"}],"replies":[{"embeddable":true,"href":"https:\/\/www.siqueiracastro.com.br\/noticias\/wp-json\/wp\/v2\/comments?post=34987"}],"version-history":[{"count":1,"href":"https:\/\/www.siqueiracastro.com.br\/noticias\/wp-json\/wp\/v2\/posts\/34987\/revisions"}],"predecessor-version":[{"id":34988,"href":"https:\/\/www.siqueiracastro.com.br\/noticias\/wp-json\/wp\/v2\/posts\/34987\/revisions\/34988"}],"wp:attachment":[{"href":"https:\/\/www.siqueiracastro.com.br\/noticias\/wp-json\/wp\/v2\/media?parent=34987"}],"wp:term":[{"taxonomy":"category","embeddable":true,"href":"https:\/\/www.siqueiracastro.com.br\/noticias\/wp-json\/wp\/v2\/categories?post=34987"},{"taxonomy":"post_tag","embeddable":true,"href":"https:\/\/www.siqueiracastro.com.br\/noticias\/wp-json\/wp\/v2\/tags?post=34987"}],"curies":[{"name":"wp","href":"https:\/\/api.w.org\/{rel}","templated":true}]}}