{"id":35418,"date":"2022-05-04T18:01:12","date_gmt":"2022-05-04T21:01:12","guid":{"rendered":"https:\/\/www.siqueiracastro.com.br\/noticias\/?p=35418"},"modified":"2022-05-04T18:01:17","modified_gmt":"2022-05-04T21:01:17","slug":"estado-do-rio-de-janeiro-regulamenta-procedimento-de-autocomposicao-de-controversias-envolvendo-a-administracao-publica-estadual-direta-e-indireta","status":"publish","type":"post","link":"https:\/\/www.siqueiracastro.com.br\/noticias\/estado-do-rio-de-janeiro-regulamenta-procedimento-de-autocomposicao-de-controversias-envolvendo-a-administracao-publica-estadual-direta-e-indireta\/","title":{"rendered":"Estado do Rio de Janeiro regulamenta procedimento de autocomposi\u00e7\u00e3o de controv\u00e9rsias envolvendo a administra\u00e7\u00e3o p\u00fablica estadual direta e indireta"},"content":{"rendered":"\n<p>O Estado do Rio de Janeiro editou a Resolu\u00e7\u00e3o PGE n\u00ba 4.827, de 16 de mar\u00e7o de 2022, que regulamenta, no \u00e2mbito da Procuradoria Geral do Estado do Rio de Janeiro, o procedimento de autocomposi\u00e7\u00e3o de controv\u00e9rsias envolvendo a Administra\u00e7\u00e3o P\u00fablica Estadual.<\/p>\n\n\n\n<p>Nos termos da mencionada Resolu\u00e7\u00e3o, a Procuradora do Estado do Rio de Janeiro poder\u00e1 firmar termo de autocomposi\u00e7\u00e3o, de modo a resolver conflitos de interesses, mediante negocia\u00e7\u00e3o preventiva, assim entendida como aquela utilizada para preven\u00e7\u00e3o de lit\u00edgios ainda n\u00e3o judicializados, bem como por acordo judicial, que poder\u00e1 ocorrer, inclusive, ap\u00f3s o tr\u00e2nsito em julgado da senten\u00e7a proferida na fase de conhecimento.<\/p>\n\n\n\n<p>Com rela\u00e7\u00e3o a esse \u00faltimo aspecto, consta, ainda, da Resolu\u00e7\u00e3o em quest\u00e3o que o acordo judicial realizado ap\u00f3s o tr\u00e2nsito em julgado, que preveja o cumprimento de obriga\u00e7\u00e3o pecuni\u00e1ria, dever\u00e1 se submeter ao regime dos precat\u00f3rios, ou da requisi\u00e7\u00e3o de pequeno valor.<\/p>\n\n\n\n<figure class=\"wp-block-image size-large\"><img loading=\"lazy\" decoding=\"async\" width=\"1024\" height=\"683\" src=\"https:\/\/www.siqueiracastro.com.br\/noticias\/wp-content\/uploads\/05\/ESTADO-DO-RIO-DE-JANEIRO-REGULAMENTA-PROCEDIMENTO-DE-AUTOCOMPOSICAO-DE-CONTROVERSIAS-ENVOLVENDO-A-ADMINISTRACAO-PUBLICA-ESTADUAL-DIRETA-E-INDIRE-1024x683.jpg\" alt=\"\" class=\"wp-image-35419\" srcset=\"https:\/\/www.siqueiracastro.com.br\/noticias\/wp-content\/uploads\/05\/ESTADO-DO-RIO-DE-JANEIRO-REGULAMENTA-PROCEDIMENTO-DE-AUTOCOMPOSICAO-DE-CONTROVERSIAS-ENVOLVENDO-A-ADMINISTRACAO-PUBLICA-ESTADUAL-DIRETA-E-INDIRE-1024x683.jpg 1024w, https:\/\/www.siqueiracastro.com.br\/noticias\/wp-content\/uploads\/05\/ESTADO-DO-RIO-DE-JANEIRO-REGULAMENTA-PROCEDIMENTO-DE-AUTOCOMPOSICAO-DE-CONTROVERSIAS-ENVOLVENDO-A-ADMINISTRACAO-PUBLICA-ESTADUAL-DIRETA-E-INDIRE-300x200.jpg 300w, https:\/\/www.siqueiracastro.com.br\/noticias\/wp-content\/uploads\/05\/ESTADO-DO-RIO-DE-JANEIRO-REGULAMENTA-PROCEDIMENTO-DE-AUTOCOMPOSICAO-DE-CONTROVERSIAS-ENVOLVENDO-A-ADMINISTRACAO-PUBLICA-ESTADUAL-DIRETA-E-INDIRE-768x512.jpg 768w, https:\/\/www.siqueiracastro.com.br\/noticias\/wp-content\/uploads\/05\/ESTADO-DO-RIO-DE-JANEIRO-REGULAMENTA-PROCEDIMENTO-DE-AUTOCOMPOSICAO-DE-CONTROVERSIAS-ENVOLVENDO-A-ADMINISTRACAO-PUBLICA-ESTADUAL-DIRETA-E-INDIRE-1536x1024.jpg 1536w, https:\/\/www.siqueiracastro.com.br\/noticias\/wp-content\/uploads\/05\/ESTADO-DO-RIO-DE-JANEIRO-REGULAMENTA-PROCEDIMENTO-DE-AUTOCOMPOSICAO-DE-CONTROVERSIAS-ENVOLVENDO-A-ADMINISTRACAO-PUBLICA-ESTADUAL-DIRETA-E-INDIRE-2048x1365.jpg 2048w\" sizes=\"auto, (max-width: 1024px) 100vw, 1024px\" \/><figcaption>Cr\u00e9dito: divulga\u00e7\u00e3o<\/figcaption><\/figure>\n\n\n\n<p>De acordo com a Resolu\u00e7\u00e3o PGE n\u00ba 4.827\/22, devem ser observadas as seguintes etapas, para que seja instaurado o procedimento de autocomposi\u00e7\u00e3o perante a C\u00e2mara Administrativa de Resolu\u00e7\u00e3o de Controv\u00e9rsias &#8211; CASC e seja formalizado o termo de autocomposi\u00e7\u00e3o, que constituir\u00e1 t\u00edtulo executivo:<\/p>\n\n\n\n<ul class=\"wp-block-list\"><li>exame de probabilidade de \u00eaxito das teses defendidas pelas partes;<\/li><li>an\u00e1lise de viabilidade jur\u00eddica do acordo, inclusive, no caso de lit\u00edgios judicializados, com a verifica\u00e7\u00e3o da etapa em que o processo se encontra;<\/li><li>exame jur\u00eddico de economicidade do acordo para o Estado do Rio de Janeiro;<\/li><li>autoriza\u00e7\u00e3o, quando necess\u00e1rio, na forma da legisla\u00e7\u00e3o aplic\u00e1vel;<\/li><li>homologa\u00e7\u00e3o em ju\u00edzo, quando necess\u00e1rio;<\/li><li>ju\u00edzo positivo por parte do Procurador do Estado respons\u00e1vel pelo feito acerca das etapas anteriores e anu\u00eancia do Procurador-Chefe da Procuradoria Especializada;&nbsp;<\/li><li>concord\u00e2ncia do Gabinete do Procurador-Geral do Estado com as an\u00e1lises feitas nas etapas anteriores; e<\/li><li>homologa\u00e7\u00e3o da autocomposi\u00e7\u00e3o pelo Procurador-Geral do Estado ou por quem este delegar.<\/li><\/ul>\n\n\n\n<p>Os \u00a7\u00a7 8\u00ba e 9\u00ba do artigo 4\u00ba, da Resolu\u00e7\u00e3o PGE n\u00ba 4.827\/22, preveem que a recomenda\u00e7\u00e3o de autocomposi\u00e7\u00e3o exarada em determinado caso poder\u00e1 ser realizada pela Procuradoria para casos similares, com as mesmas condi\u00e7\u00f5es e exig\u00eancias, ressalvadas as adapta\u00e7\u00f5es relacionadas a cada caso concreto.<\/p>\n\n\n\n<p>Some-se a isso que foram institu\u00eddos, por meio da aludida Resolu\u00e7\u00e3o, os Planos de Negocia\u00e7\u00e3o, que ser\u00e3o elaborados pela Procuradoria de M\u00e9todos Adequados de Solu\u00e7\u00e3o de Controv\u00e9rsias e Direitos Humanos, para a padroniza\u00e7\u00e3o de propostas de acordo a respeito de determinada mat\u00e9ria litigiosa.<\/p>\n\n\n\n<p>As negocia\u00e7\u00f5es embasadas em Planos de Negocia\u00e7\u00e3o ter\u00e3o um rito mais c\u00e9lere do que o descrito anteriormente, pois dispensar\u00e3o a produ\u00e7\u00e3o de manifesta\u00e7\u00e3o escrita quanto ao exame de probabilidade de \u00eaxito, \u00e0 an\u00e1lise de viabilidade jur\u00eddica do acordo e ao exame de economicidade do acordo para o Estado, salvo nos casos de a\u00e7\u00f5es coletivas.<\/p>\n\n\n\n<p>Vale ressaltar que, na esteira do \u00a7 2\u00ba, do artigo 1\u00ba da Resolu\u00e7\u00e3o em voga, <em>\u201cA formaliza\u00e7\u00e3o do acordo n\u00e3o implica o reconhecimento do direito discutido no lit\u00edgio, nem acarreta a desist\u00eancia da tese defendida pelo Estado em casos semelhantes\u201d.<\/em> <\/p>\n\n\n\n<p>Leia tamb\u00e9m: <a href=\"https:\/\/www.siqueiracastro.com.br\/noticias\/stj-julgara-se-arrematante-de-imovel-em-hasta-publica-deve-pagar-divida-tributaria-anterior\/\" target=\"_blank\" rel=\"noreferrer noopener\">STJ julgar\u00e1 se arrematante de im\u00f3vel em hasta p\u00fablica deve pagar d\u00edvida tribut\u00e1ria anterior<\/a><\/p>\n\n\n\n<p>A Resolu\u00e7\u00e3o PGE n\u00ba 4.827\/2022, somadas a outras regras criadas pelo Estado do Rio de Janeiro, tais como, a institui\u00e7\u00e3o da C\u00e2mara Administrativa de Solu\u00e7\u00e3o de Lit\u00edgios \u2013 CASC pelo Decreto Estadual n\u00ba 46.522\/2018, a cria\u00e7\u00e3o do N\u00facleo de Autocomposi\u00e7\u00e3o da Procuradoria Geral do Estado &#8211; NAC\/PGE pela Resolu\u00e7\u00e3o PGE n\u00ba 4710\/2021 e a cria\u00e7\u00e3o da Procuradoria de M\u00e9todos Adequados de Solu\u00e7\u00e3o de Controv\u00e9rsias e Direitos Humanos pela Resolu\u00e7\u00e3o PGE n\u00ba 4780\/2021, evidenciam um grande avan\u00e7o na ado\u00e7\u00e3o de medidas alternativas de resolu\u00e7\u00e3o de conflitos no \u00e2mbito da Administra\u00e7\u00e3o P\u00fablica Estadual, que, certamente, ter\u00e3o o cond\u00e3o de conferir maior economia e celeridade no \u00e2mbito do Poder Judici\u00e1rio, que, segundo dados disponibilizados pelo CNJ para o ano de 2020, contou com 75,4 milh\u00f5es de processos judiciais em curso e com uma despesa total da ordem de R$ 100,06 bilh\u00f5es de reais.<\/p>\n","protected":false},"excerpt":{"rendered":"<p>O Estado do Rio de Janeiro editou a Resolu\u00e7\u00e3o PGE n\u00ba 4.827, de 16 de mar\u00e7o de 2022, que regulamenta, no \u00e2mbito da Procuradoria Geral do Estado do Rio de Janeiro, o procedimento de autocomposi\u00e7\u00e3o de controv\u00e9rsias envolvendo a Administra\u00e7\u00e3o P\u00fablica Estadual. Nos termos da mencionada Resolu\u00e7\u00e3o, a Procuradora do Estado do Rio de Janeiro [&hellip;]<\/p>\n","protected":false},"author":13,"featured_media":0,"comment_status":"open","ping_status":"open","sticky":false,"template":"","format":"standard","meta":{"_acf_changed":false,"footnotes":""},"categories":[5],"tags":[261],"class_list":["post-35418","post","type-post","status-publish","format-standard","hentry","category-informativos","tag-contencioso-estrategico-e-arbitragem"],"fields":{"_edit_lock":["1651698339:8"],"_edit_last":["8"],"arquivo":[""],"_arquivo":["field_5cd093c67f0aa"],"subtitulo":[""],"_subtitulo":["field_5cc755a87dc0e"],"fonte":[""],"_fonte":["field_5cc73bceda287"],"td_post_theme_settings":["a:2:{s:16:\"td_post_template\";s:15:\"single_template\";s:14:\"td_primary_cat\";s:1:\"5\";}"],"_yoast_wpseo_primary_category":["5"],"_yoast_wpseo_content_score":["30"],"_yoast_wpseo_estimated-reading-time-minutes":["4"],"post_views_count":["885"]},"acf":[],"yoast_head":"<!-- This site is optimized with the Yoast SEO plugin v27.4 - https:\/\/yoast.com\/product\/yoast-seo-wordpress\/ -->\n<title>Estado do Rio de Janeiro regulamenta procedimento de autocomposi\u00e7\u00e3o de controv\u00e9rsias envolvendo a administra\u00e7\u00e3o p\u00fablica estadual direta e indireta - Not\u00edcias | Siqueira Castro<\/title>\n<meta name=\"robots\" content=\"index, follow, max-snippet:-1, max-image-preview:large, max-video-preview:-1\" \/>\n<link rel=\"canonical\" href=\"https:\/\/www.siqueiracastro.com.br\/noticias\/estado-do-rio-de-janeiro-regulamenta-procedimento-de-autocomposicao-de-controversias-envolvendo-a-administracao-publica-estadual-direta-e-indireta\/\" \/>\n<meta property=\"og:locale\" content=\"pt_BR\" \/>\n<meta property=\"og:type\" content=\"article\" \/>\n<meta property=\"og:title\" content=\"Estado do Rio de Janeiro regulamenta procedimento de autocomposi\u00e7\u00e3o de controv\u00e9rsias envolvendo a administra\u00e7\u00e3o p\u00fablica estadual direta e indireta - Not\u00edcias | Siqueira Castro\" \/>\n<meta property=\"og:description\" content=\"O Estado do Rio de Janeiro editou a Resolu\u00e7\u00e3o PGE n\u00ba 4.827, de 16 de mar\u00e7o de 2022, que regulamenta, no \u00e2mbito da Procuradoria Geral do Estado do Rio de Janeiro, o procedimento de autocomposi\u00e7\u00e3o de controv\u00e9rsias envolvendo a Administra\u00e7\u00e3o P\u00fablica Estadual. Nos termos da mencionada Resolu\u00e7\u00e3o, a Procuradora do Estado do Rio de Janeiro [&hellip;]\" \/>\n<meta property=\"og:url\" content=\"https:\/\/www.siqueiracastro.com.br\/noticias\/estado-do-rio-de-janeiro-regulamenta-procedimento-de-autocomposicao-de-controversias-envolvendo-a-administracao-publica-estadual-direta-e-indireta\/\" \/>\n<meta property=\"og:site_name\" content=\"Not\u00edcias | Siqueira Castro\" \/>\n<meta property=\"article:publisher\" content=\"https:\/\/www.facebook.com\/siqueiracastro.advogados\" \/>\n<meta property=\"article:published_time\" content=\"2022-05-04T21:01:12+00:00\" \/>\n<meta property=\"article:modified_time\" content=\"2022-05-04T21:01:17+00:00\" \/>\n<meta property=\"og:image\" content=\"https:\/\/www.siqueiracastro.com.br\/noticias\/wp-content\/uploads\/05\/ESTADO-DO-RIO-DE-JANEIRO-REGULAMENTA-PROCEDIMENTO-DE-AUTOCOMPOSICAO-DE-CONTROVERSIAS-ENVOLVENDO-A-ADMINISTRACAO-PUBLICA-ESTADUAL-DIRETA-E-INDIRE-1024x683.jpg\" \/>\n<meta name=\"author\" content=\"Annie Pereira Andrade\" \/>\n<meta name=\"twitter:card\" content=\"summary_large_image\" \/>\n<meta name=\"twitter:creator\" content=\"@_SiqueiraCastro\" \/>\n<meta name=\"twitter:site\" content=\"@_SiqueiraCastro\" \/>\n<meta name=\"twitter:label1\" content=\"Escrito por\" \/>\n\t<meta name=\"twitter:data1\" content=\"Annie Pereira Andrade\" \/>\n\t<meta name=\"twitter:label2\" content=\"Est. tempo de leitura\" \/>\n\t<meta name=\"twitter:data2\" content=\"4 minutos\" \/>\n<script type=\"application\/ld+json\" class=\"yoast-schema-graph\">{\"@context\":\"https:\\\/\\\/schema.org\",\"@graph\":[{\"@type\":\"Article\",\"@id\":\"https:\\\/\\\/www.siqueiracastro.com.br\\\/noticias\\\/estado-do-rio-de-janeiro-regulamenta-procedimento-de-autocomposicao-de-controversias-envolvendo-a-administracao-publica-estadual-direta-e-indireta\\\/#article\",\"isPartOf\":{\"@id\":\"https:\\\/\\\/www.siqueiracastro.com.br\\\/noticias\\\/estado-do-rio-de-janeiro-regulamenta-procedimento-de-autocomposicao-de-controversias-envolvendo-a-administracao-publica-estadual-direta-e-indireta\\\/\"},\"author\":{\"name\":\"Annie Pereira Andrade\",\"@id\":\"https:\\\/\\\/www.siqueiracastro.com.br\\\/noticias\\\/#\\\/schema\\\/person\\\/b3ad81cd2d679684cb660d7048070c31\"},\"headline\":\"Estado do Rio de Janeiro regulamenta procedimento de autocomposi\u00e7\u00e3o de controv\u00e9rsias envolvendo a administra\u00e7\u00e3o p\u00fablica estadual direta e indireta\",\"datePublished\":\"2022-05-04T21:01:12+00:00\",\"dateModified\":\"2022-05-04T21:01:17+00:00\",\"mainEntityOfPage\":{\"@id\":\"https:\\\/\\\/www.siqueiracastro.com.br\\\/noticias\\\/estado-do-rio-de-janeiro-regulamenta-procedimento-de-autocomposicao-de-controversias-envolvendo-a-administracao-publica-estadual-direta-e-indireta\\\/\"},\"wordCount\":751,\"commentCount\":0,\"publisher\":{\"@id\":\"https:\\\/\\\/www.siqueiracastro.com.br\\\/noticias\\\/#organization\"},\"image\":{\"@id\":\"https:\\\/\\\/www.siqueiracastro.com.br\\\/noticias\\\/estado-do-rio-de-janeiro-regulamenta-procedimento-de-autocomposicao-de-controversias-envolvendo-a-administracao-publica-estadual-direta-e-indireta\\\/#primaryimage\"},\"thumbnailUrl\":\"https:\\\/\\\/www.siqueiracastro.com.br\\\/noticias\\\/wp-content\\\/uploads\\\/05\\\/ESTADO-DO-RIO-DE-JANEIRO-REGULAMENTA-PROCEDIMENTO-DE-AUTOCOMPOSICAO-DE-CONTROVERSIAS-ENVOLVENDO-A-ADMINISTRACAO-PUBLICA-ESTADUAL-DIRETA-E-INDIRE-1024x683.jpg\",\"keywords\":[\"Contencioso estrat\u00e9gico e arbitragem\"],\"articleSection\":[\"Informativos\"],\"inLanguage\":\"pt-BR\",\"potentialAction\":[{\"@type\":\"CommentAction\",\"name\":\"Comment\",\"target\":[\"https:\\\/\\\/www.siqueiracastro.com.br\\\/noticias\\\/estado-do-rio-de-janeiro-regulamenta-procedimento-de-autocomposicao-de-controversias-envolvendo-a-administracao-publica-estadual-direta-e-indireta\\\/#respond\"]}]},{\"@type\":\"WebPage\",\"@id\":\"https:\\\/\\\/www.siqueiracastro.com.br\\\/noticias\\\/estado-do-rio-de-janeiro-regulamenta-procedimento-de-autocomposicao-de-controversias-envolvendo-a-administracao-publica-estadual-direta-e-indireta\\\/\",\"url\":\"https:\\\/\\\/www.siqueiracastro.com.br\\\/noticias\\\/estado-do-rio-de-janeiro-regulamenta-procedimento-de-autocomposicao-de-controversias-envolvendo-a-administracao-publica-estadual-direta-e-indireta\\\/\",\"name\":\"Estado do Rio de Janeiro regulamenta procedimento de autocomposi\u00e7\u00e3o de controv\u00e9rsias envolvendo a administra\u00e7\u00e3o p\u00fablica estadual direta e indireta - Not\u00edcias | Siqueira Castro\",\"isPartOf\":{\"@id\":\"https:\\\/\\\/www.siqueiracastro.com.br\\\/noticias\\\/#website\"},\"primaryImageOfPage\":{\"@id\":\"https:\\\/\\\/www.siqueiracastro.com.br\\\/noticias\\\/estado-do-rio-de-janeiro-regulamenta-procedimento-de-autocomposicao-de-controversias-envolvendo-a-administracao-publica-estadual-direta-e-indireta\\\/#primaryimage\"},\"image\":{\"@id\":\"https:\\\/\\\/www.siqueiracastro.com.br\\\/noticias\\\/estado-do-rio-de-janeiro-regulamenta-procedimento-de-autocomposicao-de-controversias-envolvendo-a-administracao-publica-estadual-direta-e-indireta\\\/#primaryimage\"},\"thumbnailUrl\":\"https:\\\/\\\/www.siqueiracastro.com.br\\\/noticias\\\/wp-content\\\/uploads\\\/05\\\/ESTADO-DO-RIO-DE-JANEIRO-REGULAMENTA-PROCEDIMENTO-DE-AUTOCOMPOSICAO-DE-CONTROVERSIAS-ENVOLVENDO-A-ADMINISTRACAO-PUBLICA-ESTADUAL-DIRETA-E-INDIRE-1024x683.jpg\",\"datePublished\":\"2022-05-04T21:01:12+00:00\",\"dateModified\":\"2022-05-04T21:01:17+00:00\",\"breadcrumb\":{\"@id\":\"https:\\\/\\\/www.siqueiracastro.com.br\\\/noticias\\\/estado-do-rio-de-janeiro-regulamenta-procedimento-de-autocomposicao-de-controversias-envolvendo-a-administracao-publica-estadual-direta-e-indireta\\\/#breadcrumb\"},\"inLanguage\":\"pt-BR\",\"potentialAction\":[{\"@type\":\"ReadAction\",\"target\":[\"https:\\\/\\\/www.siqueiracastro.com.br\\\/noticias\\\/estado-do-rio-de-janeiro-regulamenta-procedimento-de-autocomposicao-de-controversias-envolvendo-a-administracao-publica-estadual-direta-e-indireta\\\/\"]}]},{\"@type\":\"ImageObject\",\"inLanguage\":\"pt-BR\",\"@id\":\"https:\\\/\\\/www.siqueiracastro.com.br\\\/noticias\\\/estado-do-rio-de-janeiro-regulamenta-procedimento-de-autocomposicao-de-controversias-envolvendo-a-administracao-publica-estadual-direta-e-indireta\\\/#primaryimage\",\"url\":\"https:\\\/\\\/www.siqueiracastro.com.br\\\/noticias\\\/wp-content\\\/uploads\\\/05\\\/ESTADO-DO-RIO-DE-JANEIRO-REGULAMENTA-PROCEDIMENTO-DE-AUTOCOMPOSICAO-DE-CONTROVERSIAS-ENVOLVENDO-A-ADMINISTRACAO-PUBLICA-ESTADUAL-DIRETA-E-INDIRE-1024x683.jpg\",\"contentUrl\":\"https:\\\/\\\/www.siqueiracastro.com.br\\\/noticias\\\/wp-content\\\/uploads\\\/05\\\/ESTADO-DO-RIO-DE-JANEIRO-REGULAMENTA-PROCEDIMENTO-DE-AUTOCOMPOSICAO-DE-CONTROVERSIAS-ENVOLVENDO-A-ADMINISTRACAO-PUBLICA-ESTADUAL-DIRETA-E-INDIRE-1024x683.jpg\"},{\"@type\":\"BreadcrumbList\",\"@id\":\"https:\\\/\\\/www.siqueiracastro.com.br\\\/noticias\\\/estado-do-rio-de-janeiro-regulamenta-procedimento-de-autocomposicao-de-controversias-envolvendo-a-administracao-publica-estadual-direta-e-indireta\\\/#breadcrumb\",\"itemListElement\":[{\"@type\":\"ListItem\",\"position\":1,\"name\":\"In\u00edcio\",\"item\":\"https:\\\/\\\/www.siqueiracastro.com.br\\\/noticias\\\/\"},{\"@type\":\"ListItem\",\"position\":2,\"name\":\"Estado do Rio de Janeiro regulamenta procedimento de autocomposi\u00e7\u00e3o de controv\u00e9rsias envolvendo a administra\u00e7\u00e3o p\u00fablica estadual direta e indireta\"}]},{\"@type\":\"WebSite\",\"@id\":\"https:\\\/\\\/www.siqueiracastro.com.br\\\/noticias\\\/#website\",\"url\":\"https:\\\/\\\/www.siqueiracastro.com.br\\\/noticias\\\/\",\"name\":\"Not\u00edcias | Siqueira Castro\",\"description\":\"Not\u00edcias Siqueira Castro\",\"publisher\":{\"@id\":\"https:\\\/\\\/www.siqueiracastro.com.br\\\/noticias\\\/#organization\"},\"potentialAction\":[{\"@type\":\"SearchAction\",\"target\":{\"@type\":\"EntryPoint\",\"urlTemplate\":\"https:\\\/\\\/www.siqueiracastro.com.br\\\/noticias\\\/?s={search_term_string}\"},\"query-input\":{\"@type\":\"PropertyValueSpecification\",\"valueRequired\":true,\"valueName\":\"search_term_string\"}}],\"inLanguage\":\"pt-BR\"},{\"@type\":\"Organization\",\"@id\":\"https:\\\/\\\/www.siqueiracastro.com.br\\\/noticias\\\/#organization\",\"name\":\"Not\u00edcias | Siqueira Castro\",\"url\":\"https:\\\/\\\/www.siqueiracastro.com.br\\\/noticias\\\/\",\"logo\":{\"@type\":\"ImageObject\",\"inLanguage\":\"pt-BR\",\"@id\":\"https:\\\/\\\/www.siqueiracastro.com.br\\\/noticias\\\/#\\\/schema\\\/logo\\\/image\\\/\",\"url\":\"https:\\\/\\\/www.siqueiracastro.com.br\\\/noticias\\\/wp-content\\\/uploads\\\/04\\\/logo-sca-mobile.png\",\"contentUrl\":\"https:\\\/\\\/www.siqueiracastro.com.br\\\/noticias\\\/wp-content\\\/uploads\\\/04\\\/logo-sca-mobile.png\",\"width\":286,\"height\":70,\"caption\":\"Not\u00edcias | Siqueira Castro\"},\"image\":{\"@id\":\"https:\\\/\\\/www.siqueiracastro.com.br\\\/noticias\\\/#\\\/schema\\\/logo\\\/image\\\/\"},\"sameAs\":[\"https:\\\/\\\/www.facebook.com\\\/siqueiracastro.advogados\",\"https:\\\/\\\/x.com\\\/_SiqueiraCastro\"]},{\"@type\":\"Person\",\"@id\":\"https:\\\/\\\/www.siqueiracastro.com.br\\\/noticias\\\/#\\\/schema\\\/person\\\/b3ad81cd2d679684cb660d7048070c31\",\"name\":\"Annie Pereira Andrade\",\"image\":{\"@type\":\"ImageObject\",\"inLanguage\":\"pt-BR\",\"@id\":\"https:\\\/\\\/www.siqueiracastro.com.br\\\/noticias\\\/wp-content\\\/litespeed\\\/avatar\\\/ea8ff2f7d87cd5ad3a1cb5e87cd025b6.jpg?ver=1776956466\",\"url\":\"https:\\\/\\\/www.siqueiracastro.com.br\\\/noticias\\\/wp-content\\\/litespeed\\\/avatar\\\/ea8ff2f7d87cd5ad3a1cb5e87cd025b6.jpg?ver=1776956466\",\"contentUrl\":\"https:\\\/\\\/www.siqueiracastro.com.br\\\/noticias\\\/wp-content\\\/litespeed\\\/avatar\\\/ea8ff2f7d87cd5ad3a1cb5e87cd025b6.jpg?ver=1776956466\",\"caption\":\"Annie Pereira Andrade\"},\"url\":\"https:\\\/\\\/www.siqueiracastro.com.br\\\/noticias\\\/author\\\/annie\\\/\"}]}<\/script>\n<!-- \/ Yoast SEO plugin. -->","yoast_head_json":{"title":"Estado do Rio de Janeiro regulamenta procedimento de autocomposi\u00e7\u00e3o de controv\u00e9rsias envolvendo a administra\u00e7\u00e3o p\u00fablica estadual direta e indireta - Not\u00edcias | Siqueira Castro","robots":{"index":"index","follow":"follow","max-snippet":"max-snippet:-1","max-image-preview":"max-image-preview:large","max-video-preview":"max-video-preview:-1"},"canonical":"https:\/\/www.siqueiracastro.com.br\/noticias\/estado-do-rio-de-janeiro-regulamenta-procedimento-de-autocomposicao-de-controversias-envolvendo-a-administracao-publica-estadual-direta-e-indireta\/","og_locale":"pt_BR","og_type":"article","og_title":"Estado do Rio de Janeiro regulamenta procedimento de autocomposi\u00e7\u00e3o de controv\u00e9rsias envolvendo a administra\u00e7\u00e3o p\u00fablica estadual direta e indireta - Not\u00edcias | Siqueira Castro","og_description":"O Estado do Rio de Janeiro editou a Resolu\u00e7\u00e3o PGE n\u00ba 4.827, de 16 de mar\u00e7o de 2022, que regulamenta, no \u00e2mbito da Procuradoria Geral do Estado do Rio de Janeiro, o procedimento de autocomposi\u00e7\u00e3o de controv\u00e9rsias envolvendo a Administra\u00e7\u00e3o P\u00fablica Estadual. Nos termos da mencionada Resolu\u00e7\u00e3o, a Procuradora do Estado do Rio de Janeiro [&hellip;]","og_url":"https:\/\/www.siqueiracastro.com.br\/noticias\/estado-do-rio-de-janeiro-regulamenta-procedimento-de-autocomposicao-de-controversias-envolvendo-a-administracao-publica-estadual-direta-e-indireta\/","og_site_name":"Not\u00edcias | Siqueira Castro","article_publisher":"https:\/\/www.facebook.com\/siqueiracastro.advogados","article_published_time":"2022-05-04T21:01:12+00:00","article_modified_time":"2022-05-04T21:01:17+00:00","og_image":[{"url":"https:\/\/www.siqueiracastro.com.br\/noticias\/wp-content\/uploads\/05\/ESTADO-DO-RIO-DE-JANEIRO-REGULAMENTA-PROCEDIMENTO-DE-AUTOCOMPOSICAO-DE-CONTROVERSIAS-ENVOLVENDO-A-ADMINISTRACAO-PUBLICA-ESTADUAL-DIRETA-E-INDIRE-1024x683.jpg","type":"","width":"","height":""}],"author":"Annie Pereira Andrade","twitter_card":"summary_large_image","twitter_creator":"@_SiqueiraCastro","twitter_site":"@_SiqueiraCastro","twitter_misc":{"Escrito por":"Annie Pereira Andrade","Est. tempo de leitura":"4 minutos"},"schema":{"@context":"https:\/\/schema.org","@graph":[{"@type":"Article","@id":"https:\/\/www.siqueiracastro.com.br\/noticias\/estado-do-rio-de-janeiro-regulamenta-procedimento-de-autocomposicao-de-controversias-envolvendo-a-administracao-publica-estadual-direta-e-indireta\/#article","isPartOf":{"@id":"https:\/\/www.siqueiracastro.com.br\/noticias\/estado-do-rio-de-janeiro-regulamenta-procedimento-de-autocomposicao-de-controversias-envolvendo-a-administracao-publica-estadual-direta-e-indireta\/"},"author":{"name":"Annie Pereira Andrade","@id":"https:\/\/www.siqueiracastro.com.br\/noticias\/#\/schema\/person\/b3ad81cd2d679684cb660d7048070c31"},"headline":"Estado do Rio de Janeiro regulamenta procedimento de autocomposi\u00e7\u00e3o de controv\u00e9rsias envolvendo a administra\u00e7\u00e3o p\u00fablica estadual direta e indireta","datePublished":"2022-05-04T21:01:12+00:00","dateModified":"2022-05-04T21:01:17+00:00","mainEntityOfPage":{"@id":"https:\/\/www.siqueiracastro.com.br\/noticias\/estado-do-rio-de-janeiro-regulamenta-procedimento-de-autocomposicao-de-controversias-envolvendo-a-administracao-publica-estadual-direta-e-indireta\/"},"wordCount":751,"commentCount":0,"publisher":{"@id":"https:\/\/www.siqueiracastro.com.br\/noticias\/#organization"},"image":{"@id":"https:\/\/www.siqueiracastro.com.br\/noticias\/estado-do-rio-de-janeiro-regulamenta-procedimento-de-autocomposicao-de-controversias-envolvendo-a-administracao-publica-estadual-direta-e-indireta\/#primaryimage"},"thumbnailUrl":"https:\/\/www.siqueiracastro.com.br\/noticias\/wp-content\/uploads\/05\/ESTADO-DO-RIO-DE-JANEIRO-REGULAMENTA-PROCEDIMENTO-DE-AUTOCOMPOSICAO-DE-CONTROVERSIAS-ENVOLVENDO-A-ADMINISTRACAO-PUBLICA-ESTADUAL-DIRETA-E-INDIRE-1024x683.jpg","keywords":["Contencioso estrat\u00e9gico e arbitragem"],"articleSection":["Informativos"],"inLanguage":"pt-BR","potentialAction":[{"@type":"CommentAction","name":"Comment","target":["https:\/\/www.siqueiracastro.com.br\/noticias\/estado-do-rio-de-janeiro-regulamenta-procedimento-de-autocomposicao-de-controversias-envolvendo-a-administracao-publica-estadual-direta-e-indireta\/#respond"]}]},{"@type":"WebPage","@id":"https:\/\/www.siqueiracastro.com.br\/noticias\/estado-do-rio-de-janeiro-regulamenta-procedimento-de-autocomposicao-de-controversias-envolvendo-a-administracao-publica-estadual-direta-e-indireta\/","url":"https:\/\/www.siqueiracastro.com.br\/noticias\/estado-do-rio-de-janeiro-regulamenta-procedimento-de-autocomposicao-de-controversias-envolvendo-a-administracao-publica-estadual-direta-e-indireta\/","name":"Estado do Rio de Janeiro regulamenta procedimento de autocomposi\u00e7\u00e3o de controv\u00e9rsias envolvendo a administra\u00e7\u00e3o p\u00fablica estadual direta e indireta - Not\u00edcias | Siqueira Castro","isPartOf":{"@id":"https:\/\/www.siqueiracastro.com.br\/noticias\/#website"},"primaryImageOfPage":{"@id":"https:\/\/www.siqueiracastro.com.br\/noticias\/estado-do-rio-de-janeiro-regulamenta-procedimento-de-autocomposicao-de-controversias-envolvendo-a-administracao-publica-estadual-direta-e-indireta\/#primaryimage"},"image":{"@id":"https:\/\/www.siqueiracastro.com.br\/noticias\/estado-do-rio-de-janeiro-regulamenta-procedimento-de-autocomposicao-de-controversias-envolvendo-a-administracao-publica-estadual-direta-e-indireta\/#primaryimage"},"thumbnailUrl":"https:\/\/www.siqueiracastro.com.br\/noticias\/wp-content\/uploads\/05\/ESTADO-DO-RIO-DE-JANEIRO-REGULAMENTA-PROCEDIMENTO-DE-AUTOCOMPOSICAO-DE-CONTROVERSIAS-ENVOLVENDO-A-ADMINISTRACAO-PUBLICA-ESTADUAL-DIRETA-E-INDIRE-1024x683.jpg","datePublished":"2022-05-04T21:01:12+00:00","dateModified":"2022-05-04T21:01:17+00:00","breadcrumb":{"@id":"https:\/\/www.siqueiracastro.com.br\/noticias\/estado-do-rio-de-janeiro-regulamenta-procedimento-de-autocomposicao-de-controversias-envolvendo-a-administracao-publica-estadual-direta-e-indireta\/#breadcrumb"},"inLanguage":"pt-BR","potentialAction":[{"@type":"ReadAction","target":["https:\/\/www.siqueiracastro.com.br\/noticias\/estado-do-rio-de-janeiro-regulamenta-procedimento-de-autocomposicao-de-controversias-envolvendo-a-administracao-publica-estadual-direta-e-indireta\/"]}]},{"@type":"ImageObject","inLanguage":"pt-BR","@id":"https:\/\/www.siqueiracastro.com.br\/noticias\/estado-do-rio-de-janeiro-regulamenta-procedimento-de-autocomposicao-de-controversias-envolvendo-a-administracao-publica-estadual-direta-e-indireta\/#primaryimage","url":"https:\/\/www.siqueiracastro.com.br\/noticias\/wp-content\/uploads\/05\/ESTADO-DO-RIO-DE-JANEIRO-REGULAMENTA-PROCEDIMENTO-DE-AUTOCOMPOSICAO-DE-CONTROVERSIAS-ENVOLVENDO-A-ADMINISTRACAO-PUBLICA-ESTADUAL-DIRETA-E-INDIRE-1024x683.jpg","contentUrl":"https:\/\/www.siqueiracastro.com.br\/noticias\/wp-content\/uploads\/05\/ESTADO-DO-RIO-DE-JANEIRO-REGULAMENTA-PROCEDIMENTO-DE-AUTOCOMPOSICAO-DE-CONTROVERSIAS-ENVOLVENDO-A-ADMINISTRACAO-PUBLICA-ESTADUAL-DIRETA-E-INDIRE-1024x683.jpg"},{"@type":"BreadcrumbList","@id":"https:\/\/www.siqueiracastro.com.br\/noticias\/estado-do-rio-de-janeiro-regulamenta-procedimento-de-autocomposicao-de-controversias-envolvendo-a-administracao-publica-estadual-direta-e-indireta\/#breadcrumb","itemListElement":[{"@type":"ListItem","position":1,"name":"In\u00edcio","item":"https:\/\/www.siqueiracastro.com.br\/noticias\/"},{"@type":"ListItem","position":2,"name":"Estado do Rio de Janeiro regulamenta procedimento de autocomposi\u00e7\u00e3o de controv\u00e9rsias envolvendo a administra\u00e7\u00e3o p\u00fablica estadual direta e indireta"}]},{"@type":"WebSite","@id":"https:\/\/www.siqueiracastro.com.br\/noticias\/#website","url":"https:\/\/www.siqueiracastro.com.br\/noticias\/","name":"Not\u00edcias | Siqueira Castro","description":"Not\u00edcias Siqueira Castro","publisher":{"@id":"https:\/\/www.siqueiracastro.com.br\/noticias\/#organization"},"potentialAction":[{"@type":"SearchAction","target":{"@type":"EntryPoint","urlTemplate":"https:\/\/www.siqueiracastro.com.br\/noticias\/?s={search_term_string}"},"query-input":{"@type":"PropertyValueSpecification","valueRequired":true,"valueName":"search_term_string"}}],"inLanguage":"pt-BR"},{"@type":"Organization","@id":"https:\/\/www.siqueiracastro.com.br\/noticias\/#organization","name":"Not\u00edcias | Siqueira Castro","url":"https:\/\/www.siqueiracastro.com.br\/noticias\/","logo":{"@type":"ImageObject","inLanguage":"pt-BR","@id":"https:\/\/www.siqueiracastro.com.br\/noticias\/#\/schema\/logo\/image\/","url":"https:\/\/www.siqueiracastro.com.br\/noticias\/wp-content\/uploads\/04\/logo-sca-mobile.png","contentUrl":"https:\/\/www.siqueiracastro.com.br\/noticias\/wp-content\/uploads\/04\/logo-sca-mobile.png","width":286,"height":70,"caption":"Not\u00edcias | Siqueira Castro"},"image":{"@id":"https:\/\/www.siqueiracastro.com.br\/noticias\/#\/schema\/logo\/image\/"},"sameAs":["https:\/\/www.facebook.com\/siqueiracastro.advogados","https:\/\/x.com\/_SiqueiraCastro"]},{"@type":"Person","@id":"https:\/\/www.siqueiracastro.com.br\/noticias\/#\/schema\/person\/b3ad81cd2d679684cb660d7048070c31","name":"Annie Pereira Andrade","image":{"@type":"ImageObject","inLanguage":"pt-BR","@id":"https:\/\/www.siqueiracastro.com.br\/noticias\/wp-content\/litespeed\/avatar\/ea8ff2f7d87cd5ad3a1cb5e87cd025b6.jpg?ver=1776956466","url":"https:\/\/www.siqueiracastro.com.br\/noticias\/wp-content\/litespeed\/avatar\/ea8ff2f7d87cd5ad3a1cb5e87cd025b6.jpg?ver=1776956466","contentUrl":"https:\/\/www.siqueiracastro.com.br\/noticias\/wp-content\/litespeed\/avatar\/ea8ff2f7d87cd5ad3a1cb5e87cd025b6.jpg?ver=1776956466","caption":"Annie Pereira Andrade"},"url":"https:\/\/www.siqueiracastro.com.br\/noticias\/author\/annie\/"}]}},"_links":{"self":[{"href":"https:\/\/www.siqueiracastro.com.br\/noticias\/wp-json\/wp\/v2\/posts\/35418","targetHints":{"allow":["GET"]}}],"collection":[{"href":"https:\/\/www.siqueiracastro.com.br\/noticias\/wp-json\/wp\/v2\/posts"}],"about":[{"href":"https:\/\/www.siqueiracastro.com.br\/noticias\/wp-json\/wp\/v2\/types\/post"}],"author":[{"embeddable":true,"href":"https:\/\/www.siqueiracastro.com.br\/noticias\/wp-json\/wp\/v2\/users\/13"}],"replies":[{"embeddable":true,"href":"https:\/\/www.siqueiracastro.com.br\/noticias\/wp-json\/wp\/v2\/comments?post=35418"}],"version-history":[{"count":1,"href":"https:\/\/www.siqueiracastro.com.br\/noticias\/wp-json\/wp\/v2\/posts\/35418\/revisions"}],"predecessor-version":[{"id":35420,"href":"https:\/\/www.siqueiracastro.com.br\/noticias\/wp-json\/wp\/v2\/posts\/35418\/revisions\/35420"}],"wp:attachment":[{"href":"https:\/\/www.siqueiracastro.com.br\/noticias\/wp-json\/wp\/v2\/media?parent=35418"}],"wp:term":[{"taxonomy":"category","embeddable":true,"href":"https:\/\/www.siqueiracastro.com.br\/noticias\/wp-json\/wp\/v2\/categories?post=35418"},{"taxonomy":"post_tag","embeddable":true,"href":"https:\/\/www.siqueiracastro.com.br\/noticias\/wp-json\/wp\/v2\/tags?post=35418"}],"curies":[{"name":"wp","href":"https:\/\/api.w.org\/{rel}","templated":true}]}}