{"id":35507,"date":"2022-06-06T16:04:01","date_gmt":"2022-06-06T19:04:01","guid":{"rendered":"https:\/\/www.siqueiracastro.com.br\/noticias\/?p=35507"},"modified":"2022-06-06T16:04:05","modified_gmt":"2022-06-06T19:04:05","slug":"tst-tramite-empresas","status":"publish","type":"post","link":"https:\/\/www.siqueiracastro.com.br\/noticias\/tst-tramite-empresas\/","title":{"rendered":"Vice-presid\u00eancia do TST suspende tr\u00e2mite de recursos extraordin\u00e1rios sobre execu\u00e7\u00e3o de empresas que n\u00e3o participaram do processo de conhecimento"},"content":{"rendered":"\n<p>A Vice-Presid\u00eancia do TST determinou a suspens\u00e3o do tr\u00e2mite de recursos extraordin\u00e1rios que versem sobre a inclus\u00e3o de empresas que n\u00e3o tenham participado do processo de conhecimento, sob fundamento na exist\u00eancia de grupo econ\u00f4mico.<\/p>\n\n\n\n<p>O autor havia ingressado com a\u00e7\u00e3o em face de v\u00e1rias empresas do mesmo grupo econ\u00f4mico, obtendo decis\u00e3o favor\u00e1vel ao seu pleito com condena\u00e7\u00e3o solid\u00e1ria das r\u00e9s. Na fase de execu\u00e7\u00e3o, ap\u00f3s a homologa\u00e7\u00e3o dos valores devidos, informou ao ju\u00edzo que a r\u00e9 era a propriet\u00e1ria de mais de 1560 quil\u00f4metros de rodovias em regime de concess\u00e3o, dentre elas a Concession\u00e1ria Rodovias das Colinas S.A, sendo deferido pelo ju\u00edzo a inclus\u00e3o desta como devedora, o que foi mantido pelo Tribunal Regional.<\/p>\n\n\n\n<figure class=\"wp-block-image size-large\"><img loading=\"lazy\" decoding=\"async\" width=\"1024\" height=\"683\" src=\"https:\/\/www.siqueiracastro.com.br\/noticias\/wp-content\/uploads\/06\/Vice-presidencia-do-TST-suspende-tramite-de-recursos-extraordinarios-sobre-execucao-de-empresas-que-nao-participaram-do-processo-de-conhecimento-1024x683.jpg\" alt=\"\" class=\"wp-image-35508\" srcset=\"https:\/\/www.siqueiracastro.com.br\/noticias\/wp-content\/uploads\/06\/Vice-presidencia-do-TST-suspende-tramite-de-recursos-extraordinarios-sobre-execucao-de-empresas-que-nao-participaram-do-processo-de-conhecimento-1024x683.jpg 1024w, https:\/\/www.siqueiracastro.com.br\/noticias\/wp-content\/uploads\/06\/Vice-presidencia-do-TST-suspende-tramite-de-recursos-extraordinarios-sobre-execucao-de-empresas-que-nao-participaram-do-processo-de-conhecimento-300x200.jpg 300w, https:\/\/www.siqueiracastro.com.br\/noticias\/wp-content\/uploads\/06\/Vice-presidencia-do-TST-suspende-tramite-de-recursos-extraordinarios-sobre-execucao-de-empresas-que-nao-participaram-do-processo-de-conhecimento-768x512.jpg 768w, https:\/\/www.siqueiracastro.com.br\/noticias\/wp-content\/uploads\/06\/Vice-presidencia-do-TST-suspende-tramite-de-recursos-extraordinarios-sobre-execucao-de-empresas-que-nao-participaram-do-processo-de-conhecimento-1536x1024.jpg 1536w, https:\/\/www.siqueiracastro.com.br\/noticias\/wp-content\/uploads\/06\/Vice-presidencia-do-TST-suspende-tramite-de-recursos-extraordinarios-sobre-execucao-de-empresas-que-nao-participaram-do-processo-de-conhecimento-2048x1365.jpg 2048w\" sizes=\"auto, (max-width: 1024px) 100vw, 1024px\" \/><figcaption>Ministra Dora Maria da Costa<\/figcaption><\/figure>\n\n\n\n<p>Chegando o caso no TST, entendeu a Vice-Presidente, Ministra Dora Maria da Costa disp\u00f4s que a configura\u00e7\u00e3o de grupo econ\u00f4mico e a possibilidade de inclus\u00e3o de empresa integrante na execu\u00e7\u00e3o \u00e9 mat\u00e9ria de grande controv\u00e9rsia, sendo respons\u00e1vel por in\u00fameros processos junto a Vice \u2013presid\u00eancia, informou tamb\u00e9m a exist\u00eancia de a\u00e7\u00e3o de Argui\u00e7\u00e3o de Descumprimento de Preceito Fundamental (ADPF) 488 pendentes de julgamento pelo STF sob a \u00f3tica dos preceitos constitucionais da ampla defesa, devido processo legal, contradit\u00f3rio e igualdade, decidindo a Ministra pelo envio de processos ao STF.<\/p>\n\n\n\n<p>Leia tamb\u00e9m: <a href=\"https:\/\/www.siqueiracastro.com.br\/noticias\/clt-tst-normas\/\" target=\"_blank\" rel=\"noreferrer noopener\">TST declara inconstitucionais normas da CLT que disp\u00f5em sobre altera\u00e7\u00e3o de jurisprud\u00eancia<\/a><\/p>\n\n\n\n<p>Para a Ministra, o envio dos processos <a href=\"https:\/\/consultaprocessual.tst.jus.br\/consultaProcessual\/consultaTstNumUnica.do?consulta=Consultar&amp;conscsjt=&amp;numeroTst=10023&amp;digitoTst=24&amp;anoTst=2015&amp;orgaoTst=5&amp;tribunalTst=03&amp;varaTst=0146&amp;submit=Consultar\" target=\"_blank\" rel=\"noreferrer noopener\">AIRR-10023-24.2015.5.03.0146<\/a> e Ag-ED-AIRR-10252-81.2015.5.03.0146 \u00a0de maneira representativa, se justifica para que o tema possa ser enfrentado pelo STF, ficando assim suspensos todos os demais Recursos Extraordin\u00e1rios pendentes de exame pela Vice-presid\u00eancia.<\/p>\n\n\n\n<p><a href=\"https:\/\/www.tst.jus.br\/web\/guest\/-\/vice-presid%C3%AAncia-suspende-tr%C3%A2mite-de-recursos-extraordin%C3%A1rios-sobre-execu%C3%A7%C3%A3o-de-empresas-que-n%C3%A3o-participaram-do-processo-de-conhecimento%C2%A0\" target=\"_blank\" rel=\"noreferrer noopener\">Fonte<\/a><\/p>\n","protected":false},"excerpt":{"rendered":"<p>A Vice-Presid\u00eancia do TST determinou a suspens\u00e3o do tr\u00e2mite de recursos extraordin\u00e1rios que versem sobre a inclus\u00e3o de empresas que n\u00e3o tenham participado do processo de conhecimento, sob fundamento na exist\u00eancia de grupo econ\u00f4mico. O autor havia ingressado com a\u00e7\u00e3o em face de v\u00e1rias empresas do mesmo grupo econ\u00f4mico, obtendo decis\u00e3o favor\u00e1vel ao seu pleito [&hellip;]<\/p>\n","protected":false},"author":13,"featured_media":0,"comment_status":"open","ping_status":"open","sticky":false,"template":"","format":"standard","meta":{"_acf_changed":false,"footnotes":""},"categories":[5],"tags":[112],"class_list":["post-35507","post","type-post","status-publish","format-standard","hentry","category-informativos","tag-direito-do-trabalho"],"fields":{"_edit_lock":["1654542694:8"],"_edit_last":["8"],"arquivo":[""],"_arquivo":["field_5cd093c67f0aa"],"subtitulo":[""],"_subtitulo":["field_5cc755a87dc0e"],"fonte":[""],"_fonte":["field_5cc73bceda287"],"td_post_theme_settings":["a:2:{s:16:\"td_post_template\";s:15:\"single_template\";s:14:\"td_primary_cat\";s:1:\"5\";}"],"_yoast_wpseo_primary_category":["5"],"_yoast_wpseo_focuskw":["tr\u00e2mite"],"_yoast_wpseo_metadesc":["TST determina suspens\u00e3o do tr\u00e2mite de recursos que versem sobre a inclus\u00e3o de empresas que n\u00e3o participaram do processo de conhecimento"],"_yoast_wpseo_linkdex":["69"],"_yoast_wpseo_content_score":["30"],"_yoast_wpseo_estimated-reading-time-minutes":["2"],"post_views_count":["597"]},"acf":[],"yoast_head":"<!-- This site is optimized with the Yoast SEO plugin v27.4 - https:\/\/yoast.com\/product\/yoast-seo-wordpress\/ -->\n<title>Vice-presid\u00eancia do TST suspende tr\u00e2mite de recursos extraordin\u00e1rios sobre execu\u00e7\u00e3o de empresas que n\u00e3o participaram do processo de conhecimento - Not\u00edcias | Siqueira Castro<\/title>\n<meta name=\"description\" content=\"TST determina suspens\u00e3o do tr\u00e2mite de recursos que versem sobre a inclus\u00e3o de empresas que n\u00e3o participaram do processo de conhecimento\" \/>\n<meta name=\"robots\" content=\"index, follow, max-snippet:-1, max-image-preview:large, max-video-preview:-1\" \/>\n<link rel=\"canonical\" href=\"https:\/\/www.siqueiracastro.com.br\/noticias\/tst-tramite-empresas\/\" \/>\n<meta property=\"og:locale\" content=\"pt_BR\" \/>\n<meta property=\"og:type\" content=\"article\" \/>\n<meta property=\"og:title\" content=\"Vice-presid\u00eancia do TST suspende tr\u00e2mite de recursos extraordin\u00e1rios sobre execu\u00e7\u00e3o de empresas que n\u00e3o participaram do processo de conhecimento - Not\u00edcias | Siqueira Castro\" \/>\n<meta property=\"og:description\" content=\"TST determina suspens\u00e3o do tr\u00e2mite de recursos que versem sobre a inclus\u00e3o de empresas que n\u00e3o participaram do processo de conhecimento\" \/>\n<meta property=\"og:url\" content=\"https:\/\/www.siqueiracastro.com.br\/noticias\/tst-tramite-empresas\/\" \/>\n<meta property=\"og:site_name\" content=\"Not\u00edcias | Siqueira Castro\" \/>\n<meta property=\"article:publisher\" content=\"https:\/\/www.facebook.com\/siqueiracastro.advogados\" \/>\n<meta property=\"article:published_time\" content=\"2022-06-06T19:04:01+00:00\" \/>\n<meta property=\"article:modified_time\" content=\"2022-06-06T19:04:05+00:00\" \/>\n<meta property=\"og:image\" content=\"https:\/\/www.siqueiracastro.com.br\/noticias\/wp-content\/uploads\/06\/Vice-presidencia-do-TST-suspende-tramite-de-recursos-extraordinarios-sobre-execucao-de-empresas-que-nao-participaram-do-processo-de-conhecimento-1024x683.jpg\" \/>\n<meta name=\"author\" content=\"Annie Pereira Andrade\" \/>\n<meta name=\"twitter:card\" content=\"summary_large_image\" \/>\n<meta name=\"twitter:creator\" content=\"@_SiqueiraCastro\" \/>\n<meta name=\"twitter:site\" content=\"@_SiqueiraCastro\" \/>\n<meta name=\"twitter:label1\" content=\"Escrito por\" \/>\n\t<meta name=\"twitter:data1\" content=\"Annie Pereira Andrade\" \/>\n\t<meta name=\"twitter:label2\" content=\"Est. tempo de leitura\" \/>\n\t<meta name=\"twitter:data2\" content=\"2 minutos\" \/>\n<script type=\"application\/ld+json\" class=\"yoast-schema-graph\">{\"@context\":\"https:\\\/\\\/schema.org\",\"@graph\":[{\"@type\":\"Article\",\"@id\":\"https:\\\/\\\/www.siqueiracastro.com.br\\\/noticias\\\/tst-tramite-empresas\\\/#article\",\"isPartOf\":{\"@id\":\"https:\\\/\\\/www.siqueiracastro.com.br\\\/noticias\\\/tst-tramite-empresas\\\/\"},\"author\":{\"name\":\"Annie Pereira Andrade\",\"@id\":\"https:\\\/\\\/www.siqueiracastro.com.br\\\/noticias\\\/#\\\/schema\\\/person\\\/b3ad81cd2d679684cb660d7048070c31\"},\"headline\":\"Vice-presid\u00eancia do TST suspende tr\u00e2mite de recursos extraordin\u00e1rios sobre execu\u00e7\u00e3o de empresas que n\u00e3o participaram do processo de conhecimento\",\"datePublished\":\"2022-06-06T19:04:01+00:00\",\"dateModified\":\"2022-06-06T19:04:05+00:00\",\"mainEntityOfPage\":{\"@id\":\"https:\\\/\\\/www.siqueiracastro.com.br\\\/noticias\\\/tst-tramite-empresas\\\/\"},\"wordCount\":330,\"commentCount\":0,\"publisher\":{\"@id\":\"https:\\\/\\\/www.siqueiracastro.com.br\\\/noticias\\\/#organization\"},\"image\":{\"@id\":\"https:\\\/\\\/www.siqueiracastro.com.br\\\/noticias\\\/tst-tramite-empresas\\\/#primaryimage\"},\"thumbnailUrl\":\"https:\\\/\\\/www.siqueiracastro.com.br\\\/noticias\\\/wp-content\\\/uploads\\\/06\\\/Vice-presidencia-do-TST-suspende-tramite-de-recursos-extraordinarios-sobre-execucao-de-empresas-que-nao-participaram-do-processo-de-conhecimento-1024x683.jpg\",\"keywords\":[\"Direito do Trabalho\"],\"articleSection\":[\"Informativos\"],\"inLanguage\":\"pt-BR\",\"potentialAction\":[{\"@type\":\"CommentAction\",\"name\":\"Comment\",\"target\":[\"https:\\\/\\\/www.siqueiracastro.com.br\\\/noticias\\\/tst-tramite-empresas\\\/#respond\"]}]},{\"@type\":\"WebPage\",\"@id\":\"https:\\\/\\\/www.siqueiracastro.com.br\\\/noticias\\\/tst-tramite-empresas\\\/\",\"url\":\"https:\\\/\\\/www.siqueiracastro.com.br\\\/noticias\\\/tst-tramite-empresas\\\/\",\"name\":\"Vice-presid\u00eancia do TST suspende tr\u00e2mite de recursos extraordin\u00e1rios sobre execu\u00e7\u00e3o de empresas que n\u00e3o participaram do processo de conhecimento - Not\u00edcias | Siqueira Castro\",\"isPartOf\":{\"@id\":\"https:\\\/\\\/www.siqueiracastro.com.br\\\/noticias\\\/#website\"},\"primaryImageOfPage\":{\"@id\":\"https:\\\/\\\/www.siqueiracastro.com.br\\\/noticias\\\/tst-tramite-empresas\\\/#primaryimage\"},\"image\":{\"@id\":\"https:\\\/\\\/www.siqueiracastro.com.br\\\/noticias\\\/tst-tramite-empresas\\\/#primaryimage\"},\"thumbnailUrl\":\"https:\\\/\\\/www.siqueiracastro.com.br\\\/noticias\\\/wp-content\\\/uploads\\\/06\\\/Vice-presidencia-do-TST-suspende-tramite-de-recursos-extraordinarios-sobre-execucao-de-empresas-que-nao-participaram-do-processo-de-conhecimento-1024x683.jpg\",\"datePublished\":\"2022-06-06T19:04:01+00:00\",\"dateModified\":\"2022-06-06T19:04:05+00:00\",\"description\":\"TST determina suspens\u00e3o do tr\u00e2mite de recursos que versem sobre a inclus\u00e3o de empresas que n\u00e3o participaram do processo de conhecimento\",\"breadcrumb\":{\"@id\":\"https:\\\/\\\/www.siqueiracastro.com.br\\\/noticias\\\/tst-tramite-empresas\\\/#breadcrumb\"},\"inLanguage\":\"pt-BR\",\"potentialAction\":[{\"@type\":\"ReadAction\",\"target\":[\"https:\\\/\\\/www.siqueiracastro.com.br\\\/noticias\\\/tst-tramite-empresas\\\/\"]}]},{\"@type\":\"ImageObject\",\"inLanguage\":\"pt-BR\",\"@id\":\"https:\\\/\\\/www.siqueiracastro.com.br\\\/noticias\\\/tst-tramite-empresas\\\/#primaryimage\",\"url\":\"https:\\\/\\\/www.siqueiracastro.com.br\\\/noticias\\\/wp-content\\\/uploads\\\/06\\\/Vice-presidencia-do-TST-suspende-tramite-de-recursos-extraordinarios-sobre-execucao-de-empresas-que-nao-participaram-do-processo-de-conhecimento-1024x683.jpg\",\"contentUrl\":\"https:\\\/\\\/www.siqueiracastro.com.br\\\/noticias\\\/wp-content\\\/uploads\\\/06\\\/Vice-presidencia-do-TST-suspende-tramite-de-recursos-extraordinarios-sobre-execucao-de-empresas-que-nao-participaram-do-processo-de-conhecimento-1024x683.jpg\"},{\"@type\":\"BreadcrumbList\",\"@id\":\"https:\\\/\\\/www.siqueiracastro.com.br\\\/noticias\\\/tst-tramite-empresas\\\/#breadcrumb\",\"itemListElement\":[{\"@type\":\"ListItem\",\"position\":1,\"name\":\"In\u00edcio\",\"item\":\"https:\\\/\\\/www.siqueiracastro.com.br\\\/noticias\\\/\"},{\"@type\":\"ListItem\",\"position\":2,\"name\":\"Vice-presid\u00eancia do TST suspende tr\u00e2mite de recursos extraordin\u00e1rios sobre execu\u00e7\u00e3o de empresas que n\u00e3o participaram do processo de conhecimento\"}]},{\"@type\":\"WebSite\",\"@id\":\"https:\\\/\\\/www.siqueiracastro.com.br\\\/noticias\\\/#website\",\"url\":\"https:\\\/\\\/www.siqueiracastro.com.br\\\/noticias\\\/\",\"name\":\"Not\u00edcias | Siqueira Castro\",\"description\":\"Not\u00edcias Siqueira Castro\",\"publisher\":{\"@id\":\"https:\\\/\\\/www.siqueiracastro.com.br\\\/noticias\\\/#organization\"},\"potentialAction\":[{\"@type\":\"SearchAction\",\"target\":{\"@type\":\"EntryPoint\",\"urlTemplate\":\"https:\\\/\\\/www.siqueiracastro.com.br\\\/noticias\\\/?s={search_term_string}\"},\"query-input\":{\"@type\":\"PropertyValueSpecification\",\"valueRequired\":true,\"valueName\":\"search_term_string\"}}],\"inLanguage\":\"pt-BR\"},{\"@type\":\"Organization\",\"@id\":\"https:\\\/\\\/www.siqueiracastro.com.br\\\/noticias\\\/#organization\",\"name\":\"Not\u00edcias | Siqueira Castro\",\"url\":\"https:\\\/\\\/www.siqueiracastro.com.br\\\/noticias\\\/\",\"logo\":{\"@type\":\"ImageObject\",\"inLanguage\":\"pt-BR\",\"@id\":\"https:\\\/\\\/www.siqueiracastro.com.br\\\/noticias\\\/#\\\/schema\\\/logo\\\/image\\\/\",\"url\":\"https:\\\/\\\/www.siqueiracastro.com.br\\\/noticias\\\/wp-content\\\/uploads\\\/04\\\/logo-sca-mobile.png\",\"contentUrl\":\"https:\\\/\\\/www.siqueiracastro.com.br\\\/noticias\\\/wp-content\\\/uploads\\\/04\\\/logo-sca-mobile.png\",\"width\":286,\"height\":70,\"caption\":\"Not\u00edcias | Siqueira Castro\"},\"image\":{\"@id\":\"https:\\\/\\\/www.siqueiracastro.com.br\\\/noticias\\\/#\\\/schema\\\/logo\\\/image\\\/\"},\"sameAs\":[\"https:\\\/\\\/www.facebook.com\\\/siqueiracastro.advogados\",\"https:\\\/\\\/x.com\\\/_SiqueiraCastro\"]},{\"@type\":\"Person\",\"@id\":\"https:\\\/\\\/www.siqueiracastro.com.br\\\/noticias\\\/#\\\/schema\\\/person\\\/b3ad81cd2d679684cb660d7048070c31\",\"name\":\"Annie Pereira Andrade\",\"image\":{\"@type\":\"ImageObject\",\"inLanguage\":\"pt-BR\",\"@id\":\"https:\\\/\\\/www.siqueiracastro.com.br\\\/noticias\\\/wp-content\\\/litespeed\\\/avatar\\\/ea8ff2f7d87cd5ad3a1cb5e87cd025b6.jpg?ver=1776956466\",\"url\":\"https:\\\/\\\/www.siqueiracastro.com.br\\\/noticias\\\/wp-content\\\/litespeed\\\/avatar\\\/ea8ff2f7d87cd5ad3a1cb5e87cd025b6.jpg?ver=1776956466\",\"contentUrl\":\"https:\\\/\\\/www.siqueiracastro.com.br\\\/noticias\\\/wp-content\\\/litespeed\\\/avatar\\\/ea8ff2f7d87cd5ad3a1cb5e87cd025b6.jpg?ver=1776956466\",\"caption\":\"Annie Pereira Andrade\"},\"url\":\"https:\\\/\\\/www.siqueiracastro.com.br\\\/noticias\\\/author\\\/annie\\\/\"}]}<\/script>\n<!-- \/ Yoast SEO plugin. -->","yoast_head_json":{"title":"Vice-presid\u00eancia do TST suspende tr\u00e2mite de recursos extraordin\u00e1rios sobre execu\u00e7\u00e3o de empresas que n\u00e3o participaram do processo de conhecimento - Not\u00edcias | Siqueira Castro","description":"TST determina suspens\u00e3o do tr\u00e2mite de recursos que versem sobre a inclus\u00e3o de empresas que n\u00e3o participaram do processo de conhecimento","robots":{"index":"index","follow":"follow","max-snippet":"max-snippet:-1","max-image-preview":"max-image-preview:large","max-video-preview":"max-video-preview:-1"},"canonical":"https:\/\/www.siqueiracastro.com.br\/noticias\/tst-tramite-empresas\/","og_locale":"pt_BR","og_type":"article","og_title":"Vice-presid\u00eancia do TST suspende tr\u00e2mite de recursos extraordin\u00e1rios sobre execu\u00e7\u00e3o de empresas que n\u00e3o participaram do processo de conhecimento - Not\u00edcias | Siqueira Castro","og_description":"TST determina suspens\u00e3o do tr\u00e2mite de recursos que versem sobre a inclus\u00e3o de empresas que n\u00e3o participaram do processo de conhecimento","og_url":"https:\/\/www.siqueiracastro.com.br\/noticias\/tst-tramite-empresas\/","og_site_name":"Not\u00edcias | Siqueira Castro","article_publisher":"https:\/\/www.facebook.com\/siqueiracastro.advogados","article_published_time":"2022-06-06T19:04:01+00:00","article_modified_time":"2022-06-06T19:04:05+00:00","og_image":[{"url":"https:\/\/www.siqueiracastro.com.br\/noticias\/wp-content\/uploads\/06\/Vice-presidencia-do-TST-suspende-tramite-de-recursos-extraordinarios-sobre-execucao-de-empresas-que-nao-participaram-do-processo-de-conhecimento-1024x683.jpg","type":"","width":"","height":""}],"author":"Annie Pereira Andrade","twitter_card":"summary_large_image","twitter_creator":"@_SiqueiraCastro","twitter_site":"@_SiqueiraCastro","twitter_misc":{"Escrito por":"Annie Pereira Andrade","Est. tempo de leitura":"2 minutos"},"schema":{"@context":"https:\/\/schema.org","@graph":[{"@type":"Article","@id":"https:\/\/www.siqueiracastro.com.br\/noticias\/tst-tramite-empresas\/#article","isPartOf":{"@id":"https:\/\/www.siqueiracastro.com.br\/noticias\/tst-tramite-empresas\/"},"author":{"name":"Annie Pereira Andrade","@id":"https:\/\/www.siqueiracastro.com.br\/noticias\/#\/schema\/person\/b3ad81cd2d679684cb660d7048070c31"},"headline":"Vice-presid\u00eancia do TST suspende tr\u00e2mite de recursos extraordin\u00e1rios sobre execu\u00e7\u00e3o de empresas que n\u00e3o participaram do processo de conhecimento","datePublished":"2022-06-06T19:04:01+00:00","dateModified":"2022-06-06T19:04:05+00:00","mainEntityOfPage":{"@id":"https:\/\/www.siqueiracastro.com.br\/noticias\/tst-tramite-empresas\/"},"wordCount":330,"commentCount":0,"publisher":{"@id":"https:\/\/www.siqueiracastro.com.br\/noticias\/#organization"},"image":{"@id":"https:\/\/www.siqueiracastro.com.br\/noticias\/tst-tramite-empresas\/#primaryimage"},"thumbnailUrl":"https:\/\/www.siqueiracastro.com.br\/noticias\/wp-content\/uploads\/06\/Vice-presidencia-do-TST-suspende-tramite-de-recursos-extraordinarios-sobre-execucao-de-empresas-que-nao-participaram-do-processo-de-conhecimento-1024x683.jpg","keywords":["Direito do Trabalho"],"articleSection":["Informativos"],"inLanguage":"pt-BR","potentialAction":[{"@type":"CommentAction","name":"Comment","target":["https:\/\/www.siqueiracastro.com.br\/noticias\/tst-tramite-empresas\/#respond"]}]},{"@type":"WebPage","@id":"https:\/\/www.siqueiracastro.com.br\/noticias\/tst-tramite-empresas\/","url":"https:\/\/www.siqueiracastro.com.br\/noticias\/tst-tramite-empresas\/","name":"Vice-presid\u00eancia do TST suspende tr\u00e2mite de recursos extraordin\u00e1rios sobre execu\u00e7\u00e3o de empresas que n\u00e3o participaram do processo de conhecimento - Not\u00edcias | Siqueira Castro","isPartOf":{"@id":"https:\/\/www.siqueiracastro.com.br\/noticias\/#website"},"primaryImageOfPage":{"@id":"https:\/\/www.siqueiracastro.com.br\/noticias\/tst-tramite-empresas\/#primaryimage"},"image":{"@id":"https:\/\/www.siqueiracastro.com.br\/noticias\/tst-tramite-empresas\/#primaryimage"},"thumbnailUrl":"https:\/\/www.siqueiracastro.com.br\/noticias\/wp-content\/uploads\/06\/Vice-presidencia-do-TST-suspende-tramite-de-recursos-extraordinarios-sobre-execucao-de-empresas-que-nao-participaram-do-processo-de-conhecimento-1024x683.jpg","datePublished":"2022-06-06T19:04:01+00:00","dateModified":"2022-06-06T19:04:05+00:00","description":"TST determina suspens\u00e3o do tr\u00e2mite de recursos que versem sobre a inclus\u00e3o de empresas que n\u00e3o participaram do processo de conhecimento","breadcrumb":{"@id":"https:\/\/www.siqueiracastro.com.br\/noticias\/tst-tramite-empresas\/#breadcrumb"},"inLanguage":"pt-BR","potentialAction":[{"@type":"ReadAction","target":["https:\/\/www.siqueiracastro.com.br\/noticias\/tst-tramite-empresas\/"]}]},{"@type":"ImageObject","inLanguage":"pt-BR","@id":"https:\/\/www.siqueiracastro.com.br\/noticias\/tst-tramite-empresas\/#primaryimage","url":"https:\/\/www.siqueiracastro.com.br\/noticias\/wp-content\/uploads\/06\/Vice-presidencia-do-TST-suspende-tramite-de-recursos-extraordinarios-sobre-execucao-de-empresas-que-nao-participaram-do-processo-de-conhecimento-1024x683.jpg","contentUrl":"https:\/\/www.siqueiracastro.com.br\/noticias\/wp-content\/uploads\/06\/Vice-presidencia-do-TST-suspende-tramite-de-recursos-extraordinarios-sobre-execucao-de-empresas-que-nao-participaram-do-processo-de-conhecimento-1024x683.jpg"},{"@type":"BreadcrumbList","@id":"https:\/\/www.siqueiracastro.com.br\/noticias\/tst-tramite-empresas\/#breadcrumb","itemListElement":[{"@type":"ListItem","position":1,"name":"In\u00edcio","item":"https:\/\/www.siqueiracastro.com.br\/noticias\/"},{"@type":"ListItem","position":2,"name":"Vice-presid\u00eancia do TST suspende tr\u00e2mite de recursos extraordin\u00e1rios sobre execu\u00e7\u00e3o de empresas que n\u00e3o participaram do processo de conhecimento"}]},{"@type":"WebSite","@id":"https:\/\/www.siqueiracastro.com.br\/noticias\/#website","url":"https:\/\/www.siqueiracastro.com.br\/noticias\/","name":"Not\u00edcias | Siqueira Castro","description":"Not\u00edcias Siqueira Castro","publisher":{"@id":"https:\/\/www.siqueiracastro.com.br\/noticias\/#organization"},"potentialAction":[{"@type":"SearchAction","target":{"@type":"EntryPoint","urlTemplate":"https:\/\/www.siqueiracastro.com.br\/noticias\/?s={search_term_string}"},"query-input":{"@type":"PropertyValueSpecification","valueRequired":true,"valueName":"search_term_string"}}],"inLanguage":"pt-BR"},{"@type":"Organization","@id":"https:\/\/www.siqueiracastro.com.br\/noticias\/#organization","name":"Not\u00edcias | Siqueira Castro","url":"https:\/\/www.siqueiracastro.com.br\/noticias\/","logo":{"@type":"ImageObject","inLanguage":"pt-BR","@id":"https:\/\/www.siqueiracastro.com.br\/noticias\/#\/schema\/logo\/image\/","url":"https:\/\/www.siqueiracastro.com.br\/noticias\/wp-content\/uploads\/04\/logo-sca-mobile.png","contentUrl":"https:\/\/www.siqueiracastro.com.br\/noticias\/wp-content\/uploads\/04\/logo-sca-mobile.png","width":286,"height":70,"caption":"Not\u00edcias | Siqueira Castro"},"image":{"@id":"https:\/\/www.siqueiracastro.com.br\/noticias\/#\/schema\/logo\/image\/"},"sameAs":["https:\/\/www.facebook.com\/siqueiracastro.advogados","https:\/\/x.com\/_SiqueiraCastro"]},{"@type":"Person","@id":"https:\/\/www.siqueiracastro.com.br\/noticias\/#\/schema\/person\/b3ad81cd2d679684cb660d7048070c31","name":"Annie Pereira Andrade","image":{"@type":"ImageObject","inLanguage":"pt-BR","@id":"https:\/\/www.siqueiracastro.com.br\/noticias\/wp-content\/litespeed\/avatar\/ea8ff2f7d87cd5ad3a1cb5e87cd025b6.jpg?ver=1776956466","url":"https:\/\/www.siqueiracastro.com.br\/noticias\/wp-content\/litespeed\/avatar\/ea8ff2f7d87cd5ad3a1cb5e87cd025b6.jpg?ver=1776956466","contentUrl":"https:\/\/www.siqueiracastro.com.br\/noticias\/wp-content\/litespeed\/avatar\/ea8ff2f7d87cd5ad3a1cb5e87cd025b6.jpg?ver=1776956466","caption":"Annie Pereira Andrade"},"url":"https:\/\/www.siqueiracastro.com.br\/noticias\/author\/annie\/"}]}},"_links":{"self":[{"href":"https:\/\/www.siqueiracastro.com.br\/noticias\/wp-json\/wp\/v2\/posts\/35507","targetHints":{"allow":["GET"]}}],"collection":[{"href":"https:\/\/www.siqueiracastro.com.br\/noticias\/wp-json\/wp\/v2\/posts"}],"about":[{"href":"https:\/\/www.siqueiracastro.com.br\/noticias\/wp-json\/wp\/v2\/types\/post"}],"author":[{"embeddable":true,"href":"https:\/\/www.siqueiracastro.com.br\/noticias\/wp-json\/wp\/v2\/users\/13"}],"replies":[{"embeddable":true,"href":"https:\/\/www.siqueiracastro.com.br\/noticias\/wp-json\/wp\/v2\/comments?post=35507"}],"version-history":[{"count":1,"href":"https:\/\/www.siqueiracastro.com.br\/noticias\/wp-json\/wp\/v2\/posts\/35507\/revisions"}],"predecessor-version":[{"id":35509,"href":"https:\/\/www.siqueiracastro.com.br\/noticias\/wp-json\/wp\/v2\/posts\/35507\/revisions\/35509"}],"wp:attachment":[{"href":"https:\/\/www.siqueiracastro.com.br\/noticias\/wp-json\/wp\/v2\/media?parent=35507"}],"wp:term":[{"taxonomy":"category","embeddable":true,"href":"https:\/\/www.siqueiracastro.com.br\/noticias\/wp-json\/wp\/v2\/categories?post=35507"},{"taxonomy":"post_tag","embeddable":true,"href":"https:\/\/www.siqueiracastro.com.br\/noticias\/wp-json\/wp\/v2\/tags?post=35507"}],"curies":[{"name":"wp","href":"https:\/\/api.w.org\/{rel}","templated":true}]}}