{"id":35531,"date":"2022-06-06T17:41:23","date_gmt":"2022-06-06T20:41:23","guid":{"rendered":"https:\/\/www.siqueiracastro.com.br\/noticias\/?p=35531"},"modified":"2022-06-06T17:42:23","modified_gmt":"2022-06-06T20:42:23","slug":"facebook-demissao-justa-causa","status":"publish","type":"post","link":"https:\/\/www.siqueiracastro.com.br\/noticias\/facebook-demissao-justa-causa\/","title":{"rendered":"Mantida justa causa de trabalhadora que pediu afastamento m\u00e9dico, mas publicou fotos no Facebook em eventos de SP"},"content":{"rendered":"\n<p>O Quarta Turma do Tribunal Regional do Trabalho da Terceira Regi\u00e3o manteve a dispensa por justa causa de uma ex-empregada de uma empresa de telemarketing de Belo Horizonte, que pediu licen\u00e7a m\u00e9dica alegando depress\u00e3o, mas postou em sua rede social, no Facebook, uma s\u00e9rie de fotos de eventos do qual participou em S\u00e3o Paulo.<\/p>\n\n\n\n<p>Na a\u00e7\u00e3o trabalhista, a parte autora alegou desconhecimento da justa causa aplicada, tendo em vista estar em frui\u00e7\u00e3o de licen\u00e7a m\u00e9dica e ainda possuir estabilidade provis\u00f3ria por ser l\u00edder sindical. Por sua vez a r\u00e9 alegou que a dispensa seria justificada, motivada por incontin\u00eancia de conduta e mau procedimento.<\/p>\n\n\n\n<figure class=\"wp-block-image size-large\"><img loading=\"lazy\" decoding=\"async\" width=\"1024\" height=\"683\" src=\"https:\/\/www.siqueiracastro.com.br\/noticias\/wp-content\/uploads\/06\/Mantida-justa-causa-de-trabalhadora-que-pediu-afastamento-medico-mas-publicou-fotos-no-Facebook-em-eventos-de-SP-1024x683.jpg\" alt=\"\" class=\"wp-image-35532\" srcset=\"https:\/\/www.siqueiracastro.com.br\/noticias\/wp-content\/uploads\/06\/Mantida-justa-causa-de-trabalhadora-que-pediu-afastamento-medico-mas-publicou-fotos-no-Facebook-em-eventos-de-SP-1024x683.jpg 1024w, https:\/\/www.siqueiracastro.com.br\/noticias\/wp-content\/uploads\/06\/Mantida-justa-causa-de-trabalhadora-que-pediu-afastamento-medico-mas-publicou-fotos-no-Facebook-em-eventos-de-SP-300x200.jpg 300w, https:\/\/www.siqueiracastro.com.br\/noticias\/wp-content\/uploads\/06\/Mantida-justa-causa-de-trabalhadora-que-pediu-afastamento-medico-mas-publicou-fotos-no-Facebook-em-eventos-de-SP-768x512.jpg 768w, https:\/\/www.siqueiracastro.com.br\/noticias\/wp-content\/uploads\/06\/Mantida-justa-causa-de-trabalhadora-que-pediu-afastamento-medico-mas-publicou-fotos-no-Facebook-em-eventos-de-SP-1536x1024.jpg 1536w, https:\/\/www.siqueiracastro.com.br\/noticias\/wp-content\/uploads\/06\/Mantida-justa-causa-de-trabalhadora-que-pediu-afastamento-medico-mas-publicou-fotos-no-Facebook-em-eventos-de-SP-2048x1365.jpg 2048w\" sizes=\"auto, (max-width: 1024px) 100vw, 1024px\" \/><\/figure>\n\n\n\n<p>No entendimento do Regional, a falta grave restou configurada. A relatora informou em seu voto condutor que a ex-funcion\u00e1ria apesar de ter apresentado atestados m\u00e9dicos em decorr\u00eancia de aparente estado depressivo, encontrava-se no mesmo per\u00edodo, presente em diversos eventos em S\u00e3o Paulo conforme fotos no Facebook, destacando ainda que \u201d ao rev\u00e9s do afirmado no apelo, as fotos n\u00e3o revelam estado abatido da trabalhadora\u201d.<\/p>\n\n\n\n<p>Leia tamb\u00e9m: <a href=\"https:\/\/www.siqueiracastro.com.br\/noticias\/funcionario-indenizacao-ts\/\" target=\"_blank\" rel=\"noreferrer noopener\">Funcion\u00e1rio ser\u00e1 indenizado por uso n\u00e3o autorizado de imagem em site da empresa<\/a><\/p>\n\n\n\n<p>Assim, entendeu a Relatora que houve quebra da fid\u00facia necess\u00e1ria nas rela\u00e7\u00f5es de trabalho, ocorrendo viola\u00e7\u00e3o \u00e0 obriga\u00e7\u00e3o contratual por parte da ex-empregada, concluindo que \u201cNestes casos, n\u00e3o h\u00e1 que se cogitar medidas pedag\u00f3gicas, nem tampouco importa o per\u00edodo anterior de presta\u00e7\u00e3o de servi\u00e7o do empregado. A ocorr\u00eancia de uma \u00fanica falta dessa gravidade \u00e9 bastante para ensejar a dispensa por justa causa, grave o suficiente para romper a fid\u00facia, essencial \u00e0 manuten\u00e7\u00e3o do v\u00ednculo empregat\u00edcio\u201d. <\/p>\n\n\n\n<p>N\u00e3o houve recurso pela parte autora, sendo arquivado os autos.<\/p>\n\n\n\n<p><a href=\"https:\/\/portal.trt3.jus.br\/internet\/conheca-o-trt\/comunicacao\/noticias-juridicas\/mantida-justa-causa-de-trabalhadora-que-pediu-afastamento-medico-mas-publicou-fotos-no-facebook-em-eventos-de-sp\" target=\"_blank\" rel=\"noreferrer noopener\">Fonte<\/a><\/p>\n","protected":false},"excerpt":{"rendered":"<p>O Quarta Turma do Tribunal Regional do Trabalho da Terceira Regi\u00e3o manteve a dispensa por justa causa de uma ex-empregada de uma empresa de telemarketing de Belo Horizonte, que pediu licen\u00e7a m\u00e9dica alegando depress\u00e3o, mas postou em sua rede social, no Facebook, uma s\u00e9rie de fotos de eventos do qual participou em S\u00e3o Paulo. Na [&hellip;]<\/p>\n","protected":false},"author":13,"featured_media":0,"comment_status":"open","ping_status":"open","sticky":false,"template":"","format":"standard","meta":{"_acf_changed":false,"footnotes":""},"categories":[5],"tags":[112],"class_list":["post-35531","post","type-post","status-publish","format-standard","hentry","category-informativos","tag-direito-do-trabalho"],"fields":{"_edit_lock":["1654548146:8"],"_edit_last":["8"],"arquivo":[""],"_arquivo":["field_5cd093c67f0aa"],"subtitulo":[""],"_subtitulo":["field_5cc755a87dc0e"],"fonte":[""],"_fonte":["field_5cc73bceda287"],"td_post_theme_settings":["a:2:{s:16:\"td_post_template\";s:15:\"single_template\";s:14:\"td_primary_cat\";s:1:\"5\";}"],"_yoast_wpseo_primary_category":["5"],"_yoast_wpseo_focuskw":["Facebook"],"_yoast_wpseo_metadesc":["TST manteve dispensa por justa causa de ex-empregada que pediu licen\u00e7a m\u00e9dica, mas postou fotos de evento no Facebook"],"_yoast_wpseo_linkdex":["73"],"_yoast_wpseo_content_score":["30"],"_yoast_wpseo_estimated-reading-time-minutes":["2"],"post_views_count":["623"]},"acf":[],"yoast_head":"<!-- This site is optimized with the Yoast SEO plugin v27.4 - https:\/\/yoast.com\/product\/yoast-seo-wordpress\/ -->\n<title>Mantida justa causa de trabalhadora que pediu afastamento m\u00e9dico, mas publicou fotos no Facebook em eventos de SP - Not\u00edcias | Siqueira Castro<\/title>\n<meta name=\"description\" content=\"TST manteve dispensa por justa causa de ex-empregada que pediu licen\u00e7a m\u00e9dica, mas postou fotos de evento no Facebook\" \/>\n<meta name=\"robots\" content=\"index, follow, max-snippet:-1, max-image-preview:large, max-video-preview:-1\" \/>\n<link rel=\"canonical\" href=\"https:\/\/www.siqueiracastro.com.br\/noticias\/facebook-demissao-justa-causa\/\" \/>\n<meta property=\"og:locale\" content=\"pt_BR\" \/>\n<meta property=\"og:type\" content=\"article\" \/>\n<meta property=\"og:title\" content=\"Mantida justa causa de trabalhadora que pediu afastamento m\u00e9dico, mas publicou fotos no Facebook em eventos de SP - Not\u00edcias | Siqueira Castro\" \/>\n<meta property=\"og:description\" content=\"TST manteve dispensa por justa causa de ex-empregada que pediu licen\u00e7a m\u00e9dica, mas postou fotos de evento no Facebook\" \/>\n<meta property=\"og:url\" content=\"https:\/\/www.siqueiracastro.com.br\/noticias\/facebook-demissao-justa-causa\/\" \/>\n<meta property=\"og:site_name\" content=\"Not\u00edcias | Siqueira Castro\" \/>\n<meta property=\"article:publisher\" content=\"https:\/\/www.facebook.com\/siqueiracastro.advogados\" \/>\n<meta property=\"article:published_time\" content=\"2022-06-06T20:41:23+00:00\" \/>\n<meta property=\"article:modified_time\" content=\"2022-06-06T20:42:23+00:00\" \/>\n<meta property=\"og:image\" content=\"https:\/\/www.siqueiracastro.com.br\/noticias\/wp-content\/uploads\/06\/Mantida-justa-causa-de-trabalhadora-que-pediu-afastamento-medico-mas-publicou-fotos-no-Facebook-em-eventos-de-SP-1024x683.jpg\" \/>\n<meta name=\"author\" content=\"Annie Pereira Andrade\" \/>\n<meta name=\"twitter:card\" content=\"summary_large_image\" \/>\n<meta name=\"twitter:creator\" content=\"@_SiqueiraCastro\" \/>\n<meta name=\"twitter:site\" content=\"@_SiqueiraCastro\" \/>\n<meta name=\"twitter:label1\" content=\"Escrito por\" \/>\n\t<meta name=\"twitter:data1\" content=\"Annie Pereira Andrade\" \/>\n\t<meta name=\"twitter:label2\" content=\"Est. tempo de leitura\" \/>\n\t<meta name=\"twitter:data2\" content=\"2 minutos\" \/>\n<script type=\"application\/ld+json\" class=\"yoast-schema-graph\">{\"@context\":\"https:\\\/\\\/schema.org\",\"@graph\":[{\"@type\":\"Article\",\"@id\":\"https:\\\/\\\/www.siqueiracastro.com.br\\\/noticias\\\/facebook-demissao-justa-causa\\\/#article\",\"isPartOf\":{\"@id\":\"https:\\\/\\\/www.siqueiracastro.com.br\\\/noticias\\\/facebook-demissao-justa-causa\\\/\"},\"author\":{\"name\":\"Annie Pereira Andrade\",\"@id\":\"https:\\\/\\\/www.siqueiracastro.com.br\\\/noticias\\\/#\\\/schema\\\/person\\\/b3ad81cd2d679684cb660d7048070c31\"},\"headline\":\"Mantida justa causa de trabalhadora que pediu afastamento m\u00e9dico, mas publicou fotos no Facebook em eventos de SP\",\"datePublished\":\"2022-06-06T20:41:23+00:00\",\"dateModified\":\"2022-06-06T20:42:23+00:00\",\"mainEntityOfPage\":{\"@id\":\"https:\\\/\\\/www.siqueiracastro.com.br\\\/noticias\\\/facebook-demissao-justa-causa\\\/\"},\"wordCount\":323,\"commentCount\":0,\"publisher\":{\"@id\":\"https:\\\/\\\/www.siqueiracastro.com.br\\\/noticias\\\/#organization\"},\"image\":{\"@id\":\"https:\\\/\\\/www.siqueiracastro.com.br\\\/noticias\\\/facebook-demissao-justa-causa\\\/#primaryimage\"},\"thumbnailUrl\":\"https:\\\/\\\/www.siqueiracastro.com.br\\\/noticias\\\/wp-content\\\/uploads\\\/06\\\/Mantida-justa-causa-de-trabalhadora-que-pediu-afastamento-medico-mas-publicou-fotos-no-Facebook-em-eventos-de-SP-1024x683.jpg\",\"keywords\":[\"Direito do Trabalho\"],\"articleSection\":[\"Informativos\"],\"inLanguage\":\"pt-BR\",\"potentialAction\":[{\"@type\":\"CommentAction\",\"name\":\"Comment\",\"target\":[\"https:\\\/\\\/www.siqueiracastro.com.br\\\/noticias\\\/facebook-demissao-justa-causa\\\/#respond\"]}]},{\"@type\":\"WebPage\",\"@id\":\"https:\\\/\\\/www.siqueiracastro.com.br\\\/noticias\\\/facebook-demissao-justa-causa\\\/\",\"url\":\"https:\\\/\\\/www.siqueiracastro.com.br\\\/noticias\\\/facebook-demissao-justa-causa\\\/\",\"name\":\"Mantida justa causa de trabalhadora que pediu afastamento m\u00e9dico, mas publicou fotos no Facebook em eventos de SP - Not\u00edcias | Siqueira Castro\",\"isPartOf\":{\"@id\":\"https:\\\/\\\/www.siqueiracastro.com.br\\\/noticias\\\/#website\"},\"primaryImageOfPage\":{\"@id\":\"https:\\\/\\\/www.siqueiracastro.com.br\\\/noticias\\\/facebook-demissao-justa-causa\\\/#primaryimage\"},\"image\":{\"@id\":\"https:\\\/\\\/www.siqueiracastro.com.br\\\/noticias\\\/facebook-demissao-justa-causa\\\/#primaryimage\"},\"thumbnailUrl\":\"https:\\\/\\\/www.siqueiracastro.com.br\\\/noticias\\\/wp-content\\\/uploads\\\/06\\\/Mantida-justa-causa-de-trabalhadora-que-pediu-afastamento-medico-mas-publicou-fotos-no-Facebook-em-eventos-de-SP-1024x683.jpg\",\"datePublished\":\"2022-06-06T20:41:23+00:00\",\"dateModified\":\"2022-06-06T20:42:23+00:00\",\"description\":\"TST manteve dispensa por justa causa de ex-empregada que pediu licen\u00e7a m\u00e9dica, mas postou fotos de evento no Facebook\",\"breadcrumb\":{\"@id\":\"https:\\\/\\\/www.siqueiracastro.com.br\\\/noticias\\\/facebook-demissao-justa-causa\\\/#breadcrumb\"},\"inLanguage\":\"pt-BR\",\"potentialAction\":[{\"@type\":\"ReadAction\",\"target\":[\"https:\\\/\\\/www.siqueiracastro.com.br\\\/noticias\\\/facebook-demissao-justa-causa\\\/\"]}]},{\"@type\":\"ImageObject\",\"inLanguage\":\"pt-BR\",\"@id\":\"https:\\\/\\\/www.siqueiracastro.com.br\\\/noticias\\\/facebook-demissao-justa-causa\\\/#primaryimage\",\"url\":\"https:\\\/\\\/www.siqueiracastro.com.br\\\/noticias\\\/wp-content\\\/uploads\\\/06\\\/Mantida-justa-causa-de-trabalhadora-que-pediu-afastamento-medico-mas-publicou-fotos-no-Facebook-em-eventos-de-SP-1024x683.jpg\",\"contentUrl\":\"https:\\\/\\\/www.siqueiracastro.com.br\\\/noticias\\\/wp-content\\\/uploads\\\/06\\\/Mantida-justa-causa-de-trabalhadora-que-pediu-afastamento-medico-mas-publicou-fotos-no-Facebook-em-eventos-de-SP-1024x683.jpg\"},{\"@type\":\"BreadcrumbList\",\"@id\":\"https:\\\/\\\/www.siqueiracastro.com.br\\\/noticias\\\/facebook-demissao-justa-causa\\\/#breadcrumb\",\"itemListElement\":[{\"@type\":\"ListItem\",\"position\":1,\"name\":\"In\u00edcio\",\"item\":\"https:\\\/\\\/www.siqueiracastro.com.br\\\/noticias\\\/\"},{\"@type\":\"ListItem\",\"position\":2,\"name\":\"Mantida justa causa de trabalhadora que pediu afastamento m\u00e9dico, mas publicou fotos no Facebook em eventos de SP\"}]},{\"@type\":\"WebSite\",\"@id\":\"https:\\\/\\\/www.siqueiracastro.com.br\\\/noticias\\\/#website\",\"url\":\"https:\\\/\\\/www.siqueiracastro.com.br\\\/noticias\\\/\",\"name\":\"Not\u00edcias | Siqueira Castro\",\"description\":\"Not\u00edcias Siqueira Castro\",\"publisher\":{\"@id\":\"https:\\\/\\\/www.siqueiracastro.com.br\\\/noticias\\\/#organization\"},\"potentialAction\":[{\"@type\":\"SearchAction\",\"target\":{\"@type\":\"EntryPoint\",\"urlTemplate\":\"https:\\\/\\\/www.siqueiracastro.com.br\\\/noticias\\\/?s={search_term_string}\"},\"query-input\":{\"@type\":\"PropertyValueSpecification\",\"valueRequired\":true,\"valueName\":\"search_term_string\"}}],\"inLanguage\":\"pt-BR\"},{\"@type\":\"Organization\",\"@id\":\"https:\\\/\\\/www.siqueiracastro.com.br\\\/noticias\\\/#organization\",\"name\":\"Not\u00edcias | Siqueira Castro\",\"url\":\"https:\\\/\\\/www.siqueiracastro.com.br\\\/noticias\\\/\",\"logo\":{\"@type\":\"ImageObject\",\"inLanguage\":\"pt-BR\",\"@id\":\"https:\\\/\\\/www.siqueiracastro.com.br\\\/noticias\\\/#\\\/schema\\\/logo\\\/image\\\/\",\"url\":\"https:\\\/\\\/www.siqueiracastro.com.br\\\/noticias\\\/wp-content\\\/uploads\\\/04\\\/logo-sca-mobile.png\",\"contentUrl\":\"https:\\\/\\\/www.siqueiracastro.com.br\\\/noticias\\\/wp-content\\\/uploads\\\/04\\\/logo-sca-mobile.png\",\"width\":286,\"height\":70,\"caption\":\"Not\u00edcias | Siqueira Castro\"},\"image\":{\"@id\":\"https:\\\/\\\/www.siqueiracastro.com.br\\\/noticias\\\/#\\\/schema\\\/logo\\\/image\\\/\"},\"sameAs\":[\"https:\\\/\\\/www.facebook.com\\\/siqueiracastro.advogados\",\"https:\\\/\\\/x.com\\\/_SiqueiraCastro\"]},{\"@type\":\"Person\",\"@id\":\"https:\\\/\\\/www.siqueiracastro.com.br\\\/noticias\\\/#\\\/schema\\\/person\\\/b3ad81cd2d679684cb660d7048070c31\",\"name\":\"Annie Pereira Andrade\",\"image\":{\"@type\":\"ImageObject\",\"inLanguage\":\"pt-BR\",\"@id\":\"https:\\\/\\\/www.siqueiracastro.com.br\\\/noticias\\\/wp-content\\\/litespeed\\\/avatar\\\/ea8ff2f7d87cd5ad3a1cb5e87cd025b6.jpg?ver=1776956466\",\"url\":\"https:\\\/\\\/www.siqueiracastro.com.br\\\/noticias\\\/wp-content\\\/litespeed\\\/avatar\\\/ea8ff2f7d87cd5ad3a1cb5e87cd025b6.jpg?ver=1776956466\",\"contentUrl\":\"https:\\\/\\\/www.siqueiracastro.com.br\\\/noticias\\\/wp-content\\\/litespeed\\\/avatar\\\/ea8ff2f7d87cd5ad3a1cb5e87cd025b6.jpg?ver=1776956466\",\"caption\":\"Annie Pereira Andrade\"},\"url\":\"https:\\\/\\\/www.siqueiracastro.com.br\\\/noticias\\\/author\\\/annie\\\/\"}]}<\/script>\n<!-- \/ Yoast SEO plugin. -->","yoast_head_json":{"title":"Mantida justa causa de trabalhadora que pediu afastamento m\u00e9dico, mas publicou fotos no Facebook em eventos de SP - Not\u00edcias | Siqueira Castro","description":"TST manteve dispensa por justa causa de ex-empregada que pediu licen\u00e7a m\u00e9dica, mas postou fotos de evento no Facebook","robots":{"index":"index","follow":"follow","max-snippet":"max-snippet:-1","max-image-preview":"max-image-preview:large","max-video-preview":"max-video-preview:-1"},"canonical":"https:\/\/www.siqueiracastro.com.br\/noticias\/facebook-demissao-justa-causa\/","og_locale":"pt_BR","og_type":"article","og_title":"Mantida justa causa de trabalhadora que pediu afastamento m\u00e9dico, mas publicou fotos no Facebook em eventos de SP - Not\u00edcias | Siqueira Castro","og_description":"TST manteve dispensa por justa causa de ex-empregada que pediu licen\u00e7a m\u00e9dica, mas postou fotos de evento no Facebook","og_url":"https:\/\/www.siqueiracastro.com.br\/noticias\/facebook-demissao-justa-causa\/","og_site_name":"Not\u00edcias | Siqueira Castro","article_publisher":"https:\/\/www.facebook.com\/siqueiracastro.advogados","article_published_time":"2022-06-06T20:41:23+00:00","article_modified_time":"2022-06-06T20:42:23+00:00","og_image":[{"url":"https:\/\/www.siqueiracastro.com.br\/noticias\/wp-content\/uploads\/06\/Mantida-justa-causa-de-trabalhadora-que-pediu-afastamento-medico-mas-publicou-fotos-no-Facebook-em-eventos-de-SP-1024x683.jpg","type":"","width":"","height":""}],"author":"Annie Pereira Andrade","twitter_card":"summary_large_image","twitter_creator":"@_SiqueiraCastro","twitter_site":"@_SiqueiraCastro","twitter_misc":{"Escrito por":"Annie Pereira Andrade","Est. tempo de leitura":"2 minutos"},"schema":{"@context":"https:\/\/schema.org","@graph":[{"@type":"Article","@id":"https:\/\/www.siqueiracastro.com.br\/noticias\/facebook-demissao-justa-causa\/#article","isPartOf":{"@id":"https:\/\/www.siqueiracastro.com.br\/noticias\/facebook-demissao-justa-causa\/"},"author":{"name":"Annie Pereira Andrade","@id":"https:\/\/www.siqueiracastro.com.br\/noticias\/#\/schema\/person\/b3ad81cd2d679684cb660d7048070c31"},"headline":"Mantida justa causa de trabalhadora que pediu afastamento m\u00e9dico, mas publicou fotos no Facebook em eventos de SP","datePublished":"2022-06-06T20:41:23+00:00","dateModified":"2022-06-06T20:42:23+00:00","mainEntityOfPage":{"@id":"https:\/\/www.siqueiracastro.com.br\/noticias\/facebook-demissao-justa-causa\/"},"wordCount":323,"commentCount":0,"publisher":{"@id":"https:\/\/www.siqueiracastro.com.br\/noticias\/#organization"},"image":{"@id":"https:\/\/www.siqueiracastro.com.br\/noticias\/facebook-demissao-justa-causa\/#primaryimage"},"thumbnailUrl":"https:\/\/www.siqueiracastro.com.br\/noticias\/wp-content\/uploads\/06\/Mantida-justa-causa-de-trabalhadora-que-pediu-afastamento-medico-mas-publicou-fotos-no-Facebook-em-eventos-de-SP-1024x683.jpg","keywords":["Direito do Trabalho"],"articleSection":["Informativos"],"inLanguage":"pt-BR","potentialAction":[{"@type":"CommentAction","name":"Comment","target":["https:\/\/www.siqueiracastro.com.br\/noticias\/facebook-demissao-justa-causa\/#respond"]}]},{"@type":"WebPage","@id":"https:\/\/www.siqueiracastro.com.br\/noticias\/facebook-demissao-justa-causa\/","url":"https:\/\/www.siqueiracastro.com.br\/noticias\/facebook-demissao-justa-causa\/","name":"Mantida justa causa de trabalhadora que pediu afastamento m\u00e9dico, mas publicou fotos no Facebook em eventos de SP - Not\u00edcias | Siqueira Castro","isPartOf":{"@id":"https:\/\/www.siqueiracastro.com.br\/noticias\/#website"},"primaryImageOfPage":{"@id":"https:\/\/www.siqueiracastro.com.br\/noticias\/facebook-demissao-justa-causa\/#primaryimage"},"image":{"@id":"https:\/\/www.siqueiracastro.com.br\/noticias\/facebook-demissao-justa-causa\/#primaryimage"},"thumbnailUrl":"https:\/\/www.siqueiracastro.com.br\/noticias\/wp-content\/uploads\/06\/Mantida-justa-causa-de-trabalhadora-que-pediu-afastamento-medico-mas-publicou-fotos-no-Facebook-em-eventos-de-SP-1024x683.jpg","datePublished":"2022-06-06T20:41:23+00:00","dateModified":"2022-06-06T20:42:23+00:00","description":"TST manteve dispensa por justa causa de ex-empregada que pediu licen\u00e7a m\u00e9dica, mas postou fotos de evento no Facebook","breadcrumb":{"@id":"https:\/\/www.siqueiracastro.com.br\/noticias\/facebook-demissao-justa-causa\/#breadcrumb"},"inLanguage":"pt-BR","potentialAction":[{"@type":"ReadAction","target":["https:\/\/www.siqueiracastro.com.br\/noticias\/facebook-demissao-justa-causa\/"]}]},{"@type":"ImageObject","inLanguage":"pt-BR","@id":"https:\/\/www.siqueiracastro.com.br\/noticias\/facebook-demissao-justa-causa\/#primaryimage","url":"https:\/\/www.siqueiracastro.com.br\/noticias\/wp-content\/uploads\/06\/Mantida-justa-causa-de-trabalhadora-que-pediu-afastamento-medico-mas-publicou-fotos-no-Facebook-em-eventos-de-SP-1024x683.jpg","contentUrl":"https:\/\/www.siqueiracastro.com.br\/noticias\/wp-content\/uploads\/06\/Mantida-justa-causa-de-trabalhadora-que-pediu-afastamento-medico-mas-publicou-fotos-no-Facebook-em-eventos-de-SP-1024x683.jpg"},{"@type":"BreadcrumbList","@id":"https:\/\/www.siqueiracastro.com.br\/noticias\/facebook-demissao-justa-causa\/#breadcrumb","itemListElement":[{"@type":"ListItem","position":1,"name":"In\u00edcio","item":"https:\/\/www.siqueiracastro.com.br\/noticias\/"},{"@type":"ListItem","position":2,"name":"Mantida justa causa de trabalhadora que pediu afastamento m\u00e9dico, mas publicou fotos no Facebook em eventos de SP"}]},{"@type":"WebSite","@id":"https:\/\/www.siqueiracastro.com.br\/noticias\/#website","url":"https:\/\/www.siqueiracastro.com.br\/noticias\/","name":"Not\u00edcias | Siqueira Castro","description":"Not\u00edcias Siqueira Castro","publisher":{"@id":"https:\/\/www.siqueiracastro.com.br\/noticias\/#organization"},"potentialAction":[{"@type":"SearchAction","target":{"@type":"EntryPoint","urlTemplate":"https:\/\/www.siqueiracastro.com.br\/noticias\/?s={search_term_string}"},"query-input":{"@type":"PropertyValueSpecification","valueRequired":true,"valueName":"search_term_string"}}],"inLanguage":"pt-BR"},{"@type":"Organization","@id":"https:\/\/www.siqueiracastro.com.br\/noticias\/#organization","name":"Not\u00edcias | Siqueira Castro","url":"https:\/\/www.siqueiracastro.com.br\/noticias\/","logo":{"@type":"ImageObject","inLanguage":"pt-BR","@id":"https:\/\/www.siqueiracastro.com.br\/noticias\/#\/schema\/logo\/image\/","url":"https:\/\/www.siqueiracastro.com.br\/noticias\/wp-content\/uploads\/04\/logo-sca-mobile.png","contentUrl":"https:\/\/www.siqueiracastro.com.br\/noticias\/wp-content\/uploads\/04\/logo-sca-mobile.png","width":286,"height":70,"caption":"Not\u00edcias | Siqueira Castro"},"image":{"@id":"https:\/\/www.siqueiracastro.com.br\/noticias\/#\/schema\/logo\/image\/"},"sameAs":["https:\/\/www.facebook.com\/siqueiracastro.advogados","https:\/\/x.com\/_SiqueiraCastro"]},{"@type":"Person","@id":"https:\/\/www.siqueiracastro.com.br\/noticias\/#\/schema\/person\/b3ad81cd2d679684cb660d7048070c31","name":"Annie Pereira Andrade","image":{"@type":"ImageObject","inLanguage":"pt-BR","@id":"https:\/\/www.siqueiracastro.com.br\/noticias\/wp-content\/litespeed\/avatar\/ea8ff2f7d87cd5ad3a1cb5e87cd025b6.jpg?ver=1776956466","url":"https:\/\/www.siqueiracastro.com.br\/noticias\/wp-content\/litespeed\/avatar\/ea8ff2f7d87cd5ad3a1cb5e87cd025b6.jpg?ver=1776956466","contentUrl":"https:\/\/www.siqueiracastro.com.br\/noticias\/wp-content\/litespeed\/avatar\/ea8ff2f7d87cd5ad3a1cb5e87cd025b6.jpg?ver=1776956466","caption":"Annie Pereira Andrade"},"url":"https:\/\/www.siqueiracastro.com.br\/noticias\/author\/annie\/"}]}},"_links":{"self":[{"href":"https:\/\/www.siqueiracastro.com.br\/noticias\/wp-json\/wp\/v2\/posts\/35531","targetHints":{"allow":["GET"]}}],"collection":[{"href":"https:\/\/www.siqueiracastro.com.br\/noticias\/wp-json\/wp\/v2\/posts"}],"about":[{"href":"https:\/\/www.siqueiracastro.com.br\/noticias\/wp-json\/wp\/v2\/types\/post"}],"author":[{"embeddable":true,"href":"https:\/\/www.siqueiracastro.com.br\/noticias\/wp-json\/wp\/v2\/users\/13"}],"replies":[{"embeddable":true,"href":"https:\/\/www.siqueiracastro.com.br\/noticias\/wp-json\/wp\/v2\/comments?post=35531"}],"version-history":[{"count":2,"href":"https:\/\/www.siqueiracastro.com.br\/noticias\/wp-json\/wp\/v2\/posts\/35531\/revisions"}],"predecessor-version":[{"id":35534,"href":"https:\/\/www.siqueiracastro.com.br\/noticias\/wp-json\/wp\/v2\/posts\/35531\/revisions\/35534"}],"wp:attachment":[{"href":"https:\/\/www.siqueiracastro.com.br\/noticias\/wp-json\/wp\/v2\/media?parent=35531"}],"wp:term":[{"taxonomy":"category","embeddable":true,"href":"https:\/\/www.siqueiracastro.com.br\/noticias\/wp-json\/wp\/v2\/categories?post=35531"},{"taxonomy":"post_tag","embeddable":true,"href":"https:\/\/www.siqueiracastro.com.br\/noticias\/wp-json\/wp\/v2\/tags?post=35531"}],"curies":[{"name":"wp","href":"https:\/\/api.w.org\/{rel}","templated":true}]}}