{"id":35906,"date":"2022-08-25T12:35:17","date_gmt":"2022-08-25T15:35:17","guid":{"rendered":"https:\/\/www.siqueiracastro.com.br\/noticias\/?p=35906"},"modified":"2022-08-25T12:35:20","modified_gmt":"2022-08-25T15:35:20","slug":"tjsp-anula-contrato-de-franquia-por-ausencia-de-informacao-sobre-indeferimento-de-pedidos-registro-de-marca","status":"publish","type":"post","link":"https:\/\/www.siqueiracastro.com.br\/noticias\/tjsp-anula-contrato-de-franquia-por-ausencia-de-informacao-sobre-indeferimento-de-pedidos-registro-de-marca\/","title":{"rendered":"TJSP anula contrato de franquia por aus\u00eancia de informa\u00e7\u00e3o sobre indeferimento de pedidos registro de marca\u00a0"},"content":{"rendered":"\n<p>De forma un\u00e2nime, a 1\u00aa C\u00e2mara Reservada de Direito Empresarial do Tribunal de Justi\u00e7a de S\u00e3o Paulo manteve a senten\u00e7a proferida pelo MM. Ju\u00edzo da 8\u00aa Vara C\u00edvel de S\u00e3o Jos\u00e9 do Rio Preto, que declarou a invalidade do contrato empresarial firmado por franquia que atua na comercializa\u00e7\u00e3o de produtos financeiros, determinando a devolu\u00e7\u00e3o dos valores pagos a t\u00edtulo de <em>royalties<\/em> e de taxa de franquia.&nbsp;<\/p>\n\n\n\n<p>De acordo com informa\u00e7\u00f5es constantes nos autos do processo, a franqueadora violou o dever de fornecer informa\u00e7\u00f5es de forma transparente ao franqueado, uma vez que omitiu a informa\u00e7\u00e3o a respeito do indeferimento de dois pedidos de registro de marca, objeto do contrato celebrado entre as partes.&nbsp;<\/p>\n\n\n\n<p>Tal fato n\u00e3o constou no contrato nem na Circular de Oferta de Franquia. De acordo com o relator da apela\u00e7\u00e3o, desembargador Cesar Ciampolini, \u201ca consequ\u00eancia da viola\u00e7\u00e3o do dever de informar por meio da circular de oferta de franquia \u00e9 anula\u00e7\u00e3o do contrato, com devolu\u00e7\u00e3o das quantias versadas\u201d.&nbsp;<\/p>\n\n\n\n<p>O Relator tamb\u00e9m destacou que n\u00e3o seria o caso de se aplicar o entendimento do Enunciado IV do Grupo de C\u00e2maras Reservadas de Direito Empresarial, no sentido de que \u201ca inobserv\u00e2ncia da formalidade prevista no art. 4\u00ba da Lei n\u00ba 8.955\/94 pode acarretar a anula\u00e7\u00e3o do contrato de franquia, desde que tenha sido requerida em prazo razo\u00e1vel e que haja comprova\u00e7\u00e3o do efetivo preju\u00edzo.\u201d). Isso porque, de acordo com seu entendimento, \u201co Enunciado IV, \u00e9 certo, abarca somente irregularidades que, com o decorrer do tempo, possam ser superadas pelo exerc\u00edcio da atividade franqueada, jamais omiss\u00e3o sobre potencial ilicitude de seu objeto\u201d.\u00a0<\/p>\n\n\n\n<p><a href=\"https:\/\/www.siqueiracastro.com.br\/noticias\/inpi-assina-acordos-de-cooperacao-durante-assembleia-geral-da-ompi\/\">Leia tamb\u00e9m<\/a><\/p>\n\n\n\n<p>A decis\u00e3o do TJSP refor\u00e7a a relev\u00e2ncia de se conduzir uma boa gest\u00e3o dos contratos e dos procedimentos administrativos adotados junto ao INPI visando \u00e0 prote\u00e7\u00e3o de bens intang\u00edveis, que poder\u00e3o refletir no desenvolvimento de toda cadeia de neg\u00f3cios.&nbsp;<\/p>\n\n\n\n<p>O julgamento teve a participa\u00e7\u00e3o dos desembargadores Alexandre Lazzarini e Azuma Nishi, e o processo est\u00e1 registrado sob n. 1024369-30.2021.8.26.0576.\u00a0<\/p>\n\n\n\n<p>Fonte: <a href=\"https:\/\/www.tjsp.jus.br\">Tribunal de Justi\u00e7a de S\u00e3o Paulo<\/a>.<\/p>\n","protected":false},"excerpt":{"rendered":"<p>De forma un\u00e2nime, a 1\u00aa C\u00e2mara Reservada de Direito Empresarial do Tribunal de Justi\u00e7a de S\u00e3o Paulo manteve a senten\u00e7a proferida pelo MM. Ju\u00edzo da 8\u00aa Vara C\u00edvel de S\u00e3o Jos\u00e9 do Rio Preto, que declarou a invalidade do contrato empresarial firmado por franquia que atua na comercializa\u00e7\u00e3o de produtos financeiros, determinando a devolu\u00e7\u00e3o dos [&hellip;]<\/p>\n","protected":false},"author":11,"featured_media":0,"comment_status":"open","ping_status":"open","sticky":false,"template":"","format":"standard","meta":{"_acf_changed":false,"footnotes":""},"categories":[5],"tags":[219],"class_list":["post-35906","post","type-post","status-publish","format-standard","hentry","category-informativos","tag-propriedade-intelectual"],"fields":{"_edit_lock":["1661441747:11"],"_edit_last":["11"],"arquivo":[""],"_arquivo":["field_5cd093c67f0aa"],"subtitulo":[""],"_subtitulo":["field_5cc755a87dc0e"],"fonte":[""],"_fonte":["field_5cc73bceda287"],"td_post_theme_settings":["a:1:{s:16:\"td_post_template\";s:15:\"single_template\";}"],"_yoast_wpseo_primary_category":["5"],"_yoast_wpseo_focuskw":["TJSO mant\u00e9m senten\u00e7a"],"_yoast_wpseo_metadesc":["Tribunal de Justi\u00e7a de S\u00e3o Paulo mantem a senten\u00e7a de invalidade do contrato empresarial firmado por franquia de produtos financeiros."],"_yoast_wpseo_linkdex":["54"],"_yoast_wpseo_content_score":["30"],"_yoast_wpseo_estimated-reading-time-minutes":["2"],"post_views_count":["623"]},"acf":[],"yoast_head":"<!-- This site is optimized with the Yoast SEO plugin v27.4 - https:\/\/yoast.com\/product\/yoast-seo-wordpress\/ -->\n<title>TJSP anula contrato de franquia por aus\u00eancia de informa\u00e7\u00e3o sobre indeferimento de pedidos registro de marca\u00a0 - Not\u00edcias | Siqueira Castro<\/title>\n<meta name=\"description\" content=\"Tribunal de Justi\u00e7a de S\u00e3o Paulo mantem a senten\u00e7a de invalidade do contrato empresarial firmado por franquia de produtos financeiros.\" \/>\n<meta name=\"robots\" content=\"index, follow, max-snippet:-1, max-image-preview:large, max-video-preview:-1\" \/>\n<link rel=\"canonical\" href=\"https:\/\/www.siqueiracastro.com.br\/noticias\/tjsp-anula-contrato-de-franquia-por-ausencia-de-informacao-sobre-indeferimento-de-pedidos-registro-de-marca\/\" \/>\n<meta property=\"og:locale\" content=\"pt_BR\" \/>\n<meta property=\"og:type\" content=\"article\" \/>\n<meta property=\"og:title\" content=\"TJSP anula contrato de franquia por aus\u00eancia de informa\u00e7\u00e3o sobre indeferimento de pedidos registro de marca\u00a0 - Not\u00edcias | Siqueira Castro\" \/>\n<meta property=\"og:description\" content=\"Tribunal de Justi\u00e7a de S\u00e3o Paulo mantem a senten\u00e7a de invalidade do contrato empresarial firmado por franquia de produtos financeiros.\" \/>\n<meta property=\"og:url\" content=\"https:\/\/www.siqueiracastro.com.br\/noticias\/tjsp-anula-contrato-de-franquia-por-ausencia-de-informacao-sobre-indeferimento-de-pedidos-registro-de-marca\/\" \/>\n<meta property=\"og:site_name\" content=\"Not\u00edcias | Siqueira Castro\" \/>\n<meta property=\"article:publisher\" content=\"https:\/\/www.facebook.com\/siqueiracastro.advogados\" \/>\n<meta property=\"article:published_time\" content=\"2022-08-25T15:35:17+00:00\" \/>\n<meta property=\"article:modified_time\" content=\"2022-08-25T15:35:20+00:00\" \/>\n<meta name=\"author\" content=\"Amanda\" \/>\n<meta name=\"twitter:card\" content=\"summary_large_image\" \/>\n<meta name=\"twitter:creator\" content=\"@_SiqueiraCastro\" \/>\n<meta name=\"twitter:site\" content=\"@_SiqueiraCastro\" \/>\n<meta name=\"twitter:label1\" content=\"Escrito por\" \/>\n\t<meta name=\"twitter:data1\" content=\"Amanda\" \/>\n\t<meta name=\"twitter:label2\" content=\"Est. tempo de leitura\" \/>\n\t<meta name=\"twitter:data2\" content=\"2 minutos\" \/>\n<script type=\"application\/ld+json\" class=\"yoast-schema-graph\">{\"@context\":\"https:\\\/\\\/schema.org\",\"@graph\":[{\"@type\":\"Article\",\"@id\":\"https:\\\/\\\/www.siqueiracastro.com.br\\\/noticias\\\/tjsp-anula-contrato-de-franquia-por-ausencia-de-informacao-sobre-indeferimento-de-pedidos-registro-de-marca\\\/#article\",\"isPartOf\":{\"@id\":\"https:\\\/\\\/www.siqueiracastro.com.br\\\/noticias\\\/tjsp-anula-contrato-de-franquia-por-ausencia-de-informacao-sobre-indeferimento-de-pedidos-registro-de-marca\\\/\"},\"author\":{\"name\":\"Amanda\",\"@id\":\"https:\\\/\\\/www.siqueiracastro.com.br\\\/noticias\\\/#\\\/schema\\\/person\\\/976e190fa731944e02966f023cf5c154\"},\"headline\":\"TJSP anula contrato de franquia por aus\u00eancia de informa\u00e7\u00e3o sobre indeferimento de pedidos registro de marca\u00a0\",\"datePublished\":\"2022-08-25T15:35:17+00:00\",\"dateModified\":\"2022-08-25T15:35:20+00:00\",\"mainEntityOfPage\":{\"@id\":\"https:\\\/\\\/www.siqueiracastro.com.br\\\/noticias\\\/tjsp-anula-contrato-de-franquia-por-ausencia-de-informacao-sobre-indeferimento-de-pedidos-registro-de-marca\\\/\"},\"wordCount\":386,\"commentCount\":0,\"publisher\":{\"@id\":\"https:\\\/\\\/www.siqueiracastro.com.br\\\/noticias\\\/#organization\"},\"keywords\":[\"Propriedade Intelectual\"],\"articleSection\":[\"Informativos\"],\"inLanguage\":\"pt-BR\",\"potentialAction\":[{\"@type\":\"CommentAction\",\"name\":\"Comment\",\"target\":[\"https:\\\/\\\/www.siqueiracastro.com.br\\\/noticias\\\/tjsp-anula-contrato-de-franquia-por-ausencia-de-informacao-sobre-indeferimento-de-pedidos-registro-de-marca\\\/#respond\"]}]},{\"@type\":\"WebPage\",\"@id\":\"https:\\\/\\\/www.siqueiracastro.com.br\\\/noticias\\\/tjsp-anula-contrato-de-franquia-por-ausencia-de-informacao-sobre-indeferimento-de-pedidos-registro-de-marca\\\/\",\"url\":\"https:\\\/\\\/www.siqueiracastro.com.br\\\/noticias\\\/tjsp-anula-contrato-de-franquia-por-ausencia-de-informacao-sobre-indeferimento-de-pedidos-registro-de-marca\\\/\",\"name\":\"TJSP anula contrato de franquia por aus\u00eancia de informa\u00e7\u00e3o sobre indeferimento de pedidos registro de marca\u00a0 - Not\u00edcias | Siqueira Castro\",\"isPartOf\":{\"@id\":\"https:\\\/\\\/www.siqueiracastro.com.br\\\/noticias\\\/#website\"},\"datePublished\":\"2022-08-25T15:35:17+00:00\",\"dateModified\":\"2022-08-25T15:35:20+00:00\",\"description\":\"Tribunal de Justi\u00e7a de S\u00e3o Paulo mantem a senten\u00e7a de invalidade do contrato empresarial firmado por franquia de produtos financeiros.\",\"breadcrumb\":{\"@id\":\"https:\\\/\\\/www.siqueiracastro.com.br\\\/noticias\\\/tjsp-anula-contrato-de-franquia-por-ausencia-de-informacao-sobre-indeferimento-de-pedidos-registro-de-marca\\\/#breadcrumb\"},\"inLanguage\":\"pt-BR\",\"potentialAction\":[{\"@type\":\"ReadAction\",\"target\":[\"https:\\\/\\\/www.siqueiracastro.com.br\\\/noticias\\\/tjsp-anula-contrato-de-franquia-por-ausencia-de-informacao-sobre-indeferimento-de-pedidos-registro-de-marca\\\/\"]}]},{\"@type\":\"BreadcrumbList\",\"@id\":\"https:\\\/\\\/www.siqueiracastro.com.br\\\/noticias\\\/tjsp-anula-contrato-de-franquia-por-ausencia-de-informacao-sobre-indeferimento-de-pedidos-registro-de-marca\\\/#breadcrumb\",\"itemListElement\":[{\"@type\":\"ListItem\",\"position\":1,\"name\":\"In\u00edcio\",\"item\":\"https:\\\/\\\/www.siqueiracastro.com.br\\\/noticias\\\/\"},{\"@type\":\"ListItem\",\"position\":2,\"name\":\"TJSP anula contrato de franquia por aus\u00eancia de informa\u00e7\u00e3o sobre indeferimento de pedidos registro de marca\u00a0\"}]},{\"@type\":\"WebSite\",\"@id\":\"https:\\\/\\\/www.siqueiracastro.com.br\\\/noticias\\\/#website\",\"url\":\"https:\\\/\\\/www.siqueiracastro.com.br\\\/noticias\\\/\",\"name\":\"Not\u00edcias | Siqueira Castro\",\"description\":\"Not\u00edcias Siqueira Castro\",\"publisher\":{\"@id\":\"https:\\\/\\\/www.siqueiracastro.com.br\\\/noticias\\\/#organization\"},\"potentialAction\":[{\"@type\":\"SearchAction\",\"target\":{\"@type\":\"EntryPoint\",\"urlTemplate\":\"https:\\\/\\\/www.siqueiracastro.com.br\\\/noticias\\\/?s={search_term_string}\"},\"query-input\":{\"@type\":\"PropertyValueSpecification\",\"valueRequired\":true,\"valueName\":\"search_term_string\"}}],\"inLanguage\":\"pt-BR\"},{\"@type\":\"Organization\",\"@id\":\"https:\\\/\\\/www.siqueiracastro.com.br\\\/noticias\\\/#organization\",\"name\":\"Not\u00edcias | Siqueira Castro\",\"url\":\"https:\\\/\\\/www.siqueiracastro.com.br\\\/noticias\\\/\",\"logo\":{\"@type\":\"ImageObject\",\"inLanguage\":\"pt-BR\",\"@id\":\"https:\\\/\\\/www.siqueiracastro.com.br\\\/noticias\\\/#\\\/schema\\\/logo\\\/image\\\/\",\"url\":\"https:\\\/\\\/www.siqueiracastro.com.br\\\/noticias\\\/wp-content\\\/uploads\\\/04\\\/logo-sca-mobile.png\",\"contentUrl\":\"https:\\\/\\\/www.siqueiracastro.com.br\\\/noticias\\\/wp-content\\\/uploads\\\/04\\\/logo-sca-mobile.png\",\"width\":286,\"height\":70,\"caption\":\"Not\u00edcias | Siqueira Castro\"},\"image\":{\"@id\":\"https:\\\/\\\/www.siqueiracastro.com.br\\\/noticias\\\/#\\\/schema\\\/logo\\\/image\\\/\"},\"sameAs\":[\"https:\\\/\\\/www.facebook.com\\\/siqueiracastro.advogados\",\"https:\\\/\\\/x.com\\\/_SiqueiraCastro\"]},{\"@type\":\"Person\",\"@id\":\"https:\\\/\\\/www.siqueiracastro.com.br\\\/noticias\\\/#\\\/schema\\\/person\\\/976e190fa731944e02966f023cf5c154\",\"name\":\"Amanda\",\"image\":{\"@type\":\"ImageObject\",\"inLanguage\":\"pt-BR\",\"@id\":\"https:\\\/\\\/www.siqueiracastro.com.br\\\/noticias\\\/wp-content\\\/litespeed\\\/avatar\\\/043ff2b83f537147cb80c0ade3dd27c5.jpg?ver=1776962636\",\"url\":\"https:\\\/\\\/www.siqueiracastro.com.br\\\/noticias\\\/wp-content\\\/litespeed\\\/avatar\\\/043ff2b83f537147cb80c0ade3dd27c5.jpg?ver=1776962636\",\"contentUrl\":\"https:\\\/\\\/www.siqueiracastro.com.br\\\/noticias\\\/wp-content\\\/litespeed\\\/avatar\\\/043ff2b83f537147cb80c0ade3dd27c5.jpg?ver=1776962636\",\"caption\":\"Amanda\"},\"url\":\"https:\\\/\\\/www.siqueiracastro.com.br\\\/noticias\\\/author\\\/amanda\\\/\"}]}<\/script>\n<!-- \/ Yoast SEO plugin. -->","yoast_head_json":{"title":"TJSP anula contrato de franquia por aus\u00eancia de informa\u00e7\u00e3o sobre indeferimento de pedidos registro de marca\u00a0 - Not\u00edcias | Siqueira Castro","description":"Tribunal de Justi\u00e7a de S\u00e3o Paulo mantem a senten\u00e7a de invalidade do contrato empresarial firmado por franquia de produtos financeiros.","robots":{"index":"index","follow":"follow","max-snippet":"max-snippet:-1","max-image-preview":"max-image-preview:large","max-video-preview":"max-video-preview:-1"},"canonical":"https:\/\/www.siqueiracastro.com.br\/noticias\/tjsp-anula-contrato-de-franquia-por-ausencia-de-informacao-sobre-indeferimento-de-pedidos-registro-de-marca\/","og_locale":"pt_BR","og_type":"article","og_title":"TJSP anula contrato de franquia por aus\u00eancia de informa\u00e7\u00e3o sobre indeferimento de pedidos registro de marca\u00a0 - Not\u00edcias | Siqueira Castro","og_description":"Tribunal de Justi\u00e7a de S\u00e3o Paulo mantem a senten\u00e7a de invalidade do contrato empresarial firmado por franquia de produtos financeiros.","og_url":"https:\/\/www.siqueiracastro.com.br\/noticias\/tjsp-anula-contrato-de-franquia-por-ausencia-de-informacao-sobre-indeferimento-de-pedidos-registro-de-marca\/","og_site_name":"Not\u00edcias | Siqueira Castro","article_publisher":"https:\/\/www.facebook.com\/siqueiracastro.advogados","article_published_time":"2022-08-25T15:35:17+00:00","article_modified_time":"2022-08-25T15:35:20+00:00","author":"Amanda","twitter_card":"summary_large_image","twitter_creator":"@_SiqueiraCastro","twitter_site":"@_SiqueiraCastro","twitter_misc":{"Escrito por":"Amanda","Est. tempo de leitura":"2 minutos"},"schema":{"@context":"https:\/\/schema.org","@graph":[{"@type":"Article","@id":"https:\/\/www.siqueiracastro.com.br\/noticias\/tjsp-anula-contrato-de-franquia-por-ausencia-de-informacao-sobre-indeferimento-de-pedidos-registro-de-marca\/#article","isPartOf":{"@id":"https:\/\/www.siqueiracastro.com.br\/noticias\/tjsp-anula-contrato-de-franquia-por-ausencia-de-informacao-sobre-indeferimento-de-pedidos-registro-de-marca\/"},"author":{"name":"Amanda","@id":"https:\/\/www.siqueiracastro.com.br\/noticias\/#\/schema\/person\/976e190fa731944e02966f023cf5c154"},"headline":"TJSP anula contrato de franquia por aus\u00eancia de informa\u00e7\u00e3o sobre indeferimento de pedidos registro de marca\u00a0","datePublished":"2022-08-25T15:35:17+00:00","dateModified":"2022-08-25T15:35:20+00:00","mainEntityOfPage":{"@id":"https:\/\/www.siqueiracastro.com.br\/noticias\/tjsp-anula-contrato-de-franquia-por-ausencia-de-informacao-sobre-indeferimento-de-pedidos-registro-de-marca\/"},"wordCount":386,"commentCount":0,"publisher":{"@id":"https:\/\/www.siqueiracastro.com.br\/noticias\/#organization"},"keywords":["Propriedade Intelectual"],"articleSection":["Informativos"],"inLanguage":"pt-BR","potentialAction":[{"@type":"CommentAction","name":"Comment","target":["https:\/\/www.siqueiracastro.com.br\/noticias\/tjsp-anula-contrato-de-franquia-por-ausencia-de-informacao-sobre-indeferimento-de-pedidos-registro-de-marca\/#respond"]}]},{"@type":"WebPage","@id":"https:\/\/www.siqueiracastro.com.br\/noticias\/tjsp-anula-contrato-de-franquia-por-ausencia-de-informacao-sobre-indeferimento-de-pedidos-registro-de-marca\/","url":"https:\/\/www.siqueiracastro.com.br\/noticias\/tjsp-anula-contrato-de-franquia-por-ausencia-de-informacao-sobre-indeferimento-de-pedidos-registro-de-marca\/","name":"TJSP anula contrato de franquia por aus\u00eancia de informa\u00e7\u00e3o sobre indeferimento de pedidos registro de marca\u00a0 - Not\u00edcias | Siqueira Castro","isPartOf":{"@id":"https:\/\/www.siqueiracastro.com.br\/noticias\/#website"},"datePublished":"2022-08-25T15:35:17+00:00","dateModified":"2022-08-25T15:35:20+00:00","description":"Tribunal de Justi\u00e7a de S\u00e3o Paulo mantem a senten\u00e7a de invalidade do contrato empresarial firmado por franquia de produtos financeiros.","breadcrumb":{"@id":"https:\/\/www.siqueiracastro.com.br\/noticias\/tjsp-anula-contrato-de-franquia-por-ausencia-de-informacao-sobre-indeferimento-de-pedidos-registro-de-marca\/#breadcrumb"},"inLanguage":"pt-BR","potentialAction":[{"@type":"ReadAction","target":["https:\/\/www.siqueiracastro.com.br\/noticias\/tjsp-anula-contrato-de-franquia-por-ausencia-de-informacao-sobre-indeferimento-de-pedidos-registro-de-marca\/"]}]},{"@type":"BreadcrumbList","@id":"https:\/\/www.siqueiracastro.com.br\/noticias\/tjsp-anula-contrato-de-franquia-por-ausencia-de-informacao-sobre-indeferimento-de-pedidos-registro-de-marca\/#breadcrumb","itemListElement":[{"@type":"ListItem","position":1,"name":"In\u00edcio","item":"https:\/\/www.siqueiracastro.com.br\/noticias\/"},{"@type":"ListItem","position":2,"name":"TJSP anula contrato de franquia por aus\u00eancia de informa\u00e7\u00e3o sobre indeferimento de pedidos registro de marca\u00a0"}]},{"@type":"WebSite","@id":"https:\/\/www.siqueiracastro.com.br\/noticias\/#website","url":"https:\/\/www.siqueiracastro.com.br\/noticias\/","name":"Not\u00edcias | Siqueira Castro","description":"Not\u00edcias Siqueira Castro","publisher":{"@id":"https:\/\/www.siqueiracastro.com.br\/noticias\/#organization"},"potentialAction":[{"@type":"SearchAction","target":{"@type":"EntryPoint","urlTemplate":"https:\/\/www.siqueiracastro.com.br\/noticias\/?s={search_term_string}"},"query-input":{"@type":"PropertyValueSpecification","valueRequired":true,"valueName":"search_term_string"}}],"inLanguage":"pt-BR"},{"@type":"Organization","@id":"https:\/\/www.siqueiracastro.com.br\/noticias\/#organization","name":"Not\u00edcias | Siqueira Castro","url":"https:\/\/www.siqueiracastro.com.br\/noticias\/","logo":{"@type":"ImageObject","inLanguage":"pt-BR","@id":"https:\/\/www.siqueiracastro.com.br\/noticias\/#\/schema\/logo\/image\/","url":"https:\/\/www.siqueiracastro.com.br\/noticias\/wp-content\/uploads\/04\/logo-sca-mobile.png","contentUrl":"https:\/\/www.siqueiracastro.com.br\/noticias\/wp-content\/uploads\/04\/logo-sca-mobile.png","width":286,"height":70,"caption":"Not\u00edcias | Siqueira Castro"},"image":{"@id":"https:\/\/www.siqueiracastro.com.br\/noticias\/#\/schema\/logo\/image\/"},"sameAs":["https:\/\/www.facebook.com\/siqueiracastro.advogados","https:\/\/x.com\/_SiqueiraCastro"]},{"@type":"Person","@id":"https:\/\/www.siqueiracastro.com.br\/noticias\/#\/schema\/person\/976e190fa731944e02966f023cf5c154","name":"Amanda","image":{"@type":"ImageObject","inLanguage":"pt-BR","@id":"https:\/\/www.siqueiracastro.com.br\/noticias\/wp-content\/litespeed\/avatar\/043ff2b83f537147cb80c0ade3dd27c5.jpg?ver=1776962636","url":"https:\/\/www.siqueiracastro.com.br\/noticias\/wp-content\/litespeed\/avatar\/043ff2b83f537147cb80c0ade3dd27c5.jpg?ver=1776962636","contentUrl":"https:\/\/www.siqueiracastro.com.br\/noticias\/wp-content\/litespeed\/avatar\/043ff2b83f537147cb80c0ade3dd27c5.jpg?ver=1776962636","caption":"Amanda"},"url":"https:\/\/www.siqueiracastro.com.br\/noticias\/author\/amanda\/"}]}},"_links":{"self":[{"href":"https:\/\/www.siqueiracastro.com.br\/noticias\/wp-json\/wp\/v2\/posts\/35906","targetHints":{"allow":["GET"]}}],"collection":[{"href":"https:\/\/www.siqueiracastro.com.br\/noticias\/wp-json\/wp\/v2\/posts"}],"about":[{"href":"https:\/\/www.siqueiracastro.com.br\/noticias\/wp-json\/wp\/v2\/types\/post"}],"author":[{"embeddable":true,"href":"https:\/\/www.siqueiracastro.com.br\/noticias\/wp-json\/wp\/v2\/users\/11"}],"replies":[{"embeddable":true,"href":"https:\/\/www.siqueiracastro.com.br\/noticias\/wp-json\/wp\/v2\/comments?post=35906"}],"version-history":[{"count":1,"href":"https:\/\/www.siqueiracastro.com.br\/noticias\/wp-json\/wp\/v2\/posts\/35906\/revisions"}],"predecessor-version":[{"id":35907,"href":"https:\/\/www.siqueiracastro.com.br\/noticias\/wp-json\/wp\/v2\/posts\/35906\/revisions\/35907"}],"wp:attachment":[{"href":"https:\/\/www.siqueiracastro.com.br\/noticias\/wp-json\/wp\/v2\/media?parent=35906"}],"wp:term":[{"taxonomy":"category","embeddable":true,"href":"https:\/\/www.siqueiracastro.com.br\/noticias\/wp-json\/wp\/v2\/categories?post=35906"},{"taxonomy":"post_tag","embeddable":true,"href":"https:\/\/www.siqueiracastro.com.br\/noticias\/wp-json\/wp\/v2\/tags?post=35906"}],"curies":[{"name":"wp","href":"https:\/\/api.w.org\/{rel}","templated":true}]}}