{"id":35914,"date":"2022-08-29T16:04:33","date_gmt":"2022-08-29T19:04:33","guid":{"rendered":"https:\/\/www.siqueiracastro.com.br\/noticias\/?p=35914"},"modified":"2022-08-29T16:04:39","modified_gmt":"2022-08-29T19:04:39","slug":"stj-colaboracao-premiada","status":"publish","type":"post","link":"https:\/\/www.siqueiracastro.com.br\/noticias\/stj-colaboracao-premiada\/","title":{"rendered":"6\u00aa Turma do STJ decide que pessoa jur\u00eddica n\u00e3o pode celebrar acordo de colabora\u00e7\u00e3o premiada"},"content":{"rendered":"\n<p>No dia 9 de agosto, a 6\u00aa Turma do Superior Tribunal de Justi\u00e7a concluiu o julgamento do Recurso em Habeas Corpus iniciado em 19\/04, por meio do qual se discutiu a legalidade de celebra\u00e7\u00e3o de acordo de colabora\u00e7\u00e3o premiada entre o Minist\u00e9rio P\u00fablico e pessoa jur\u00eddica, aos moldes do que estipulado por meio da Lei n.\u00ba 12.850\/13.<\/p>\n\n\n\n<p>De relatoria do Min. Olindo Menezes (Desembargador Convocado do TRF 1\u00aa Regi\u00e3o), o pedido realizado em sede de liminar, para suspens\u00e3o do tr\u00e2mite de a\u00e7\u00e3o penal movida pelo Minist\u00e9rio P\u00fablico do Estado de S\u00e3o Paulo como decorr\u00eancia do acordo de colabora\u00e7\u00e3o premiada firmado entre o \u00f3rg\u00e3o e a empresa Camargo Corr\u00eaa, havia sido denegado.<\/p>\n\n\n\n<p>Os recorrentes da ordem de <em>habeas corpus<\/em> sustentaram que o referido instituto previsto na Lei de Organiza\u00e7\u00f5es Criminosas (Lei n.\u00ba 12.850\/13) n\u00e3o autorizava a celebra\u00e7\u00e3o do acordo com pessoa jur\u00eddica, sendo certo que esta, nem remotamente, poderia figurar como autora ou part\u00edcipe do delito de participa\u00e7\u00e3o em organiza\u00e7\u00e3o criminosa.<\/p>\n\n\n\n<figure class=\"wp-block-image size-large\"><img loading=\"lazy\" decoding=\"async\" width=\"1024\" height=\"693\" src=\"https:\/\/www.siqueiracastro.com.br\/noticias\/wp-content\/uploads\/05\/STJ-PROIBE-A-TOMADA-DE-CREDITOS-DE-PIS-E-COFINS-EM-OPERACOES-NO-REGIME-MONOFASICO-1024x693.jpg\" alt=\"\" class=\"wp-image-35437\" srcset=\"https:\/\/www.siqueiracastro.com.br\/noticias\/wp-content\/uploads\/05\/STJ-PROIBE-A-TOMADA-DE-CREDITOS-DE-PIS-E-COFINS-EM-OPERACOES-NO-REGIME-MONOFASICO-1024x693.jpg 1024w, https:\/\/www.siqueiracastro.com.br\/noticias\/wp-content\/uploads\/05\/STJ-PROIBE-A-TOMADA-DE-CREDITOS-DE-PIS-E-COFINS-EM-OPERACOES-NO-REGIME-MONOFASICO-300x203.jpg 300w, https:\/\/www.siqueiracastro.com.br\/noticias\/wp-content\/uploads\/05\/STJ-PROIBE-A-TOMADA-DE-CREDITOS-DE-PIS-E-COFINS-EM-OPERACOES-NO-REGIME-MONOFASICO-768x520.jpg 768w, https:\/\/www.siqueiracastro.com.br\/noticias\/wp-content\/uploads\/05\/STJ-PROIBE-A-TOMADA-DE-CREDITOS-DE-PIS-E-COFINS-EM-OPERACOES-NO-REGIME-MONOFASICO-1536x1039.jpg 1536w, https:\/\/www.siqueiracastro.com.br\/noticias\/wp-content\/uploads\/05\/STJ-PROIBE-A-TOMADA-DE-CREDITOS-DE-PIS-E-COFINS-EM-OPERACOES-NO-REGIME-MONOFASICO-2048x1386.jpg 2048w\" sizes=\"auto, (max-width: 1024px) 100vw, 1024px\" \/><figcaption>STJ<\/figcaption><\/figure>\n\n\n\n<p>&nbsp;O Tribunal de Justi\u00e7a, ao analisar o pleito em sede <em>habeas corpus<\/em>, n\u00e3o acatou o argumento de ilegalidade do acordo firmado, entendendo que a natureza negocial do instituto conferiria elasticidade interpretativa bastante a justificar a viabilidade de conclus\u00e3o do referido neg\u00f3cio jur\u00eddico entre o \u00f3rg\u00e3o de acusa\u00e7\u00e3o e a pessoa jur\u00eddica.<\/p>\n\n\n\n<p>Por unanimidade, quando da an\u00e1lise do m\u00e9rito da impetra\u00e7\u00e3o, a 6\u00aa Turma acolheu os argumentos trazidos pelos recorrentes, no sentido de afirmar que a l\u00f3gica processual institu\u00edda pela Lei n.\u00ba 12.850\/13 n\u00e3o autorizaria que a pessoa jur\u00eddica figurasse como polo negocial no acordo de colabora\u00e7\u00e3o premiada. \u00c0 pessoa jur\u00eddica caberia a celebra\u00e7\u00e3o de acordo de leni\u00eancia (aos moldes daquele trazido pelas Leis n.\u00ba 12.846\/13 \u2013 Lei Anticorrup\u00e7\u00e3o \u2013 ou n.\u00ba 12.529\/11 \u2013 Lei de Defesa da Concorr\u00eancia), que n\u00e3o se confunde com a dela\u00e7\u00e3o premiada.<\/p>\n\n\n\n<p>Como consequ\u00eancia do reconhecimento da inefic\u00e1cia do acordo de colabora\u00e7\u00e3o premiada, os Ministros integrantes da 6\u00aa Turma determinaram o trancamento da a\u00e7\u00e3o penal, uma vez que o procedimento apurat\u00f3rio havia sido deflagrado em decorr\u00eancia da celebra\u00e7\u00e3o do referido acordo, bem como em raz\u00e3o da inexist\u00eancia de outros elementos de corrobora\u00e7\u00e3o \u00e0 acusa\u00e7\u00e3o formulada contra os recorrentes. <\/p>\n\n\n\n<p><a href=\"https:\/\/processo.stj.jus.br\/processo\/julgamento\/eletronico\/documento\/mediado\/?documento_tipo=integra&amp;documento_sequencial=148153312&amp;registro_numero=202103204076&amp;peticao_numero=&amp;publicacao_data=20220815&amp;formato=PDF\" target=\"_blank\" rel=\"noreferrer noopener\">RHC 154.979<\/a><\/p>\n","protected":false},"excerpt":{"rendered":"<p>No dia 9 de agosto, a 6\u00aa Turma do Superior Tribunal de Justi\u00e7a concluiu o julgamento do Recurso em Habeas Corpus iniciado em 19\/04, por meio do qual se discutiu a legalidade de celebra\u00e7\u00e3o de acordo de colabora\u00e7\u00e3o premiada entre o Minist\u00e9rio P\u00fablico e pessoa jur\u00eddica, aos moldes do que estipulado por meio da Lei [&hellip;]<\/p>\n","protected":false},"author":13,"featured_media":0,"comment_status":"open","ping_status":"open","sticky":false,"template":"","format":"standard","meta":{"_acf_changed":false,"footnotes":""},"categories":[5],"tags":[184],"class_list":["post-35914","post","type-post","status-publish","format-standard","hentry","category-informativos","tag-penal-empresarial"],"fields":{"_edit_lock":["1661800173:8"],"_edit_last":["8"],"arquivo":[""],"_arquivo":["field_5cd093c67f0aa"],"subtitulo":[""],"_subtitulo":["field_5cc755a87dc0e"],"fonte":[""],"_fonte":["field_5cc73bceda287"],"td_post_theme_settings":["a:2:{s:16:\"td_post_template\";s:15:\"single_template\";s:14:\"td_primary_cat\";s:1:\"5\";}"],"_yoast_wpseo_primary_category":["5"],"_yoast_wpseo_focuskw":["premiada"],"_yoast_wpseo_metadesc":["Tribunal conclui julgamento do em que se discutiu a legalidade de celebra\u00e7\u00e3o de acordo de colabora\u00e7\u00e3o premiada entre o MP e pessoa jur\u00eddica"],"_yoast_wpseo_linkdex":["71"],"_yoast_wpseo_content_score":["30"],"_yoast_wpseo_estimated-reading-time-minutes":["3"],"post_views_count":["711"]},"acf":[],"yoast_head":"<!-- This site is optimized with the Yoast SEO plugin v27.4 - https:\/\/yoast.com\/product\/yoast-seo-wordpress\/ -->\n<title>6\u00aa Turma do STJ decide que pessoa jur\u00eddica n\u00e3o pode celebrar acordo de colabora\u00e7\u00e3o premiada - Not\u00edcias | Siqueira Castro<\/title>\n<meta name=\"description\" content=\"Tribunal conclui julgamento do em que se discutiu a legalidade de celebra\u00e7\u00e3o de acordo de colabora\u00e7\u00e3o premiada entre o MP e pessoa jur\u00eddica\" \/>\n<meta name=\"robots\" content=\"index, follow, max-snippet:-1, max-image-preview:large, max-video-preview:-1\" \/>\n<link rel=\"canonical\" href=\"https:\/\/www.siqueiracastro.com.br\/noticias\/stj-colaboracao-premiada\/\" \/>\n<meta property=\"og:locale\" content=\"pt_BR\" \/>\n<meta property=\"og:type\" content=\"article\" \/>\n<meta property=\"og:title\" content=\"6\u00aa Turma do STJ decide que pessoa jur\u00eddica n\u00e3o pode celebrar acordo de colabora\u00e7\u00e3o premiada - Not\u00edcias | Siqueira Castro\" \/>\n<meta property=\"og:description\" content=\"Tribunal conclui julgamento do em que se discutiu a legalidade de celebra\u00e7\u00e3o de acordo de colabora\u00e7\u00e3o premiada entre o MP e pessoa jur\u00eddica\" \/>\n<meta property=\"og:url\" content=\"https:\/\/www.siqueiracastro.com.br\/noticias\/stj-colaboracao-premiada\/\" \/>\n<meta property=\"og:site_name\" content=\"Not\u00edcias | Siqueira Castro\" \/>\n<meta property=\"article:publisher\" content=\"https:\/\/www.facebook.com\/siqueiracastro.advogados\" \/>\n<meta property=\"article:published_time\" content=\"2022-08-29T19:04:33+00:00\" \/>\n<meta property=\"article:modified_time\" content=\"2022-08-29T19:04:39+00:00\" \/>\n<meta property=\"og:image\" content=\"https:\/\/www.siqueiracastro.com.br\/noticias\/wp-content\/uploads\/05\/STJ-PROIBE-A-TOMADA-DE-CREDITOS-DE-PIS-E-COFINS-EM-OPERACOES-NO-REGIME-MONOFASICO-1024x693.jpg\" \/>\n<meta name=\"author\" content=\"Annie Pereira Andrade\" \/>\n<meta name=\"twitter:card\" content=\"summary_large_image\" \/>\n<meta name=\"twitter:creator\" content=\"@_SiqueiraCastro\" \/>\n<meta name=\"twitter:site\" content=\"@_SiqueiraCastro\" \/>\n<meta name=\"twitter:label1\" content=\"Escrito por\" \/>\n\t<meta name=\"twitter:data1\" content=\"Annie Pereira Andrade\" \/>\n\t<meta name=\"twitter:label2\" content=\"Est. tempo de leitura\" \/>\n\t<meta name=\"twitter:data2\" content=\"3 minutos\" \/>\n<script type=\"application\/ld+json\" class=\"yoast-schema-graph\">{\"@context\":\"https:\\\/\\\/schema.org\",\"@graph\":[{\"@type\":\"Article\",\"@id\":\"https:\\\/\\\/www.siqueiracastro.com.br\\\/noticias\\\/stj-colaboracao-premiada\\\/#article\",\"isPartOf\":{\"@id\":\"https:\\\/\\\/www.siqueiracastro.com.br\\\/noticias\\\/stj-colaboracao-premiada\\\/\"},\"author\":{\"name\":\"Annie Pereira Andrade\",\"@id\":\"https:\\\/\\\/www.siqueiracastro.com.br\\\/noticias\\\/#\\\/schema\\\/person\\\/b3ad81cd2d679684cb660d7048070c31\"},\"headline\":\"6\u00aa Turma do STJ decide que pessoa jur\u00eddica n\u00e3o pode celebrar acordo de colabora\u00e7\u00e3o premiada\",\"datePublished\":\"2022-08-29T19:04:33+00:00\",\"dateModified\":\"2022-08-29T19:04:39+00:00\",\"mainEntityOfPage\":{\"@id\":\"https:\\\/\\\/www.siqueiracastro.com.br\\\/noticias\\\/stj-colaboracao-premiada\\\/\"},\"wordCount\":414,\"commentCount\":0,\"publisher\":{\"@id\":\"https:\\\/\\\/www.siqueiracastro.com.br\\\/noticias\\\/#organization\"},\"image\":{\"@id\":\"https:\\\/\\\/www.siqueiracastro.com.br\\\/noticias\\\/stj-colaboracao-premiada\\\/#primaryimage\"},\"thumbnailUrl\":\"https:\\\/\\\/www.siqueiracastro.com.br\\\/noticias\\\/wp-content\\\/uploads\\\/05\\\/STJ-PROIBE-A-TOMADA-DE-CREDITOS-DE-PIS-E-COFINS-EM-OPERACOES-NO-REGIME-MONOFASICO-1024x693.jpg\",\"keywords\":[\"Penal Empresarial\"],\"articleSection\":[\"Informativos\"],\"inLanguage\":\"pt-BR\",\"potentialAction\":[{\"@type\":\"CommentAction\",\"name\":\"Comment\",\"target\":[\"https:\\\/\\\/www.siqueiracastro.com.br\\\/noticias\\\/stj-colaboracao-premiada\\\/#respond\"]}]},{\"@type\":\"WebPage\",\"@id\":\"https:\\\/\\\/www.siqueiracastro.com.br\\\/noticias\\\/stj-colaboracao-premiada\\\/\",\"url\":\"https:\\\/\\\/www.siqueiracastro.com.br\\\/noticias\\\/stj-colaboracao-premiada\\\/\",\"name\":\"6\u00aa Turma do STJ decide que pessoa jur\u00eddica n\u00e3o pode celebrar acordo de colabora\u00e7\u00e3o premiada - Not\u00edcias | Siqueira Castro\",\"isPartOf\":{\"@id\":\"https:\\\/\\\/www.siqueiracastro.com.br\\\/noticias\\\/#website\"},\"primaryImageOfPage\":{\"@id\":\"https:\\\/\\\/www.siqueiracastro.com.br\\\/noticias\\\/stj-colaboracao-premiada\\\/#primaryimage\"},\"image\":{\"@id\":\"https:\\\/\\\/www.siqueiracastro.com.br\\\/noticias\\\/stj-colaboracao-premiada\\\/#primaryimage\"},\"thumbnailUrl\":\"https:\\\/\\\/www.siqueiracastro.com.br\\\/noticias\\\/wp-content\\\/uploads\\\/05\\\/STJ-PROIBE-A-TOMADA-DE-CREDITOS-DE-PIS-E-COFINS-EM-OPERACOES-NO-REGIME-MONOFASICO-1024x693.jpg\",\"datePublished\":\"2022-08-29T19:04:33+00:00\",\"dateModified\":\"2022-08-29T19:04:39+00:00\",\"description\":\"Tribunal conclui julgamento do em que se discutiu a legalidade de celebra\u00e7\u00e3o de acordo de colabora\u00e7\u00e3o premiada entre o MP e pessoa jur\u00eddica\",\"breadcrumb\":{\"@id\":\"https:\\\/\\\/www.siqueiracastro.com.br\\\/noticias\\\/stj-colaboracao-premiada\\\/#breadcrumb\"},\"inLanguage\":\"pt-BR\",\"potentialAction\":[{\"@type\":\"ReadAction\",\"target\":[\"https:\\\/\\\/www.siqueiracastro.com.br\\\/noticias\\\/stj-colaboracao-premiada\\\/\"]}]},{\"@type\":\"ImageObject\",\"inLanguage\":\"pt-BR\",\"@id\":\"https:\\\/\\\/www.siqueiracastro.com.br\\\/noticias\\\/stj-colaboracao-premiada\\\/#primaryimage\",\"url\":\"https:\\\/\\\/www.siqueiracastro.com.br\\\/noticias\\\/wp-content\\\/uploads\\\/05\\\/STJ-PROIBE-A-TOMADA-DE-CREDITOS-DE-PIS-E-COFINS-EM-OPERACOES-NO-REGIME-MONOFASICO.jpg\",\"contentUrl\":\"https:\\\/\\\/www.siqueiracastro.com.br\\\/noticias\\\/wp-content\\\/uploads\\\/05\\\/STJ-PROIBE-A-TOMADA-DE-CREDITOS-DE-PIS-E-COFINS-EM-OPERACOES-NO-REGIME-MONOFASICO.jpg\",\"width\":2560,\"height\":1732},{\"@type\":\"BreadcrumbList\",\"@id\":\"https:\\\/\\\/www.siqueiracastro.com.br\\\/noticias\\\/stj-colaboracao-premiada\\\/#breadcrumb\",\"itemListElement\":[{\"@type\":\"ListItem\",\"position\":1,\"name\":\"In\u00edcio\",\"item\":\"https:\\\/\\\/www.siqueiracastro.com.br\\\/noticias\\\/\"},{\"@type\":\"ListItem\",\"position\":2,\"name\":\"6\u00aa Turma do STJ decide que pessoa jur\u00eddica n\u00e3o pode celebrar acordo de colabora\u00e7\u00e3o premiada\"}]},{\"@type\":\"WebSite\",\"@id\":\"https:\\\/\\\/www.siqueiracastro.com.br\\\/noticias\\\/#website\",\"url\":\"https:\\\/\\\/www.siqueiracastro.com.br\\\/noticias\\\/\",\"name\":\"Not\u00edcias | Siqueira Castro\",\"description\":\"Not\u00edcias Siqueira Castro\",\"publisher\":{\"@id\":\"https:\\\/\\\/www.siqueiracastro.com.br\\\/noticias\\\/#organization\"},\"potentialAction\":[{\"@type\":\"SearchAction\",\"target\":{\"@type\":\"EntryPoint\",\"urlTemplate\":\"https:\\\/\\\/www.siqueiracastro.com.br\\\/noticias\\\/?s={search_term_string}\"},\"query-input\":{\"@type\":\"PropertyValueSpecification\",\"valueRequired\":true,\"valueName\":\"search_term_string\"}}],\"inLanguage\":\"pt-BR\"},{\"@type\":\"Organization\",\"@id\":\"https:\\\/\\\/www.siqueiracastro.com.br\\\/noticias\\\/#organization\",\"name\":\"Not\u00edcias | Siqueira Castro\",\"url\":\"https:\\\/\\\/www.siqueiracastro.com.br\\\/noticias\\\/\",\"logo\":{\"@type\":\"ImageObject\",\"inLanguage\":\"pt-BR\",\"@id\":\"https:\\\/\\\/www.siqueiracastro.com.br\\\/noticias\\\/#\\\/schema\\\/logo\\\/image\\\/\",\"url\":\"https:\\\/\\\/www.siqueiracastro.com.br\\\/noticias\\\/wp-content\\\/uploads\\\/04\\\/logo-sca-mobile.png\",\"contentUrl\":\"https:\\\/\\\/www.siqueiracastro.com.br\\\/noticias\\\/wp-content\\\/uploads\\\/04\\\/logo-sca-mobile.png\",\"width\":286,\"height\":70,\"caption\":\"Not\u00edcias | Siqueira Castro\"},\"image\":{\"@id\":\"https:\\\/\\\/www.siqueiracastro.com.br\\\/noticias\\\/#\\\/schema\\\/logo\\\/image\\\/\"},\"sameAs\":[\"https:\\\/\\\/www.facebook.com\\\/siqueiracastro.advogados\",\"https:\\\/\\\/x.com\\\/_SiqueiraCastro\"]},{\"@type\":\"Person\",\"@id\":\"https:\\\/\\\/www.siqueiracastro.com.br\\\/noticias\\\/#\\\/schema\\\/person\\\/b3ad81cd2d679684cb660d7048070c31\",\"name\":\"Annie Pereira Andrade\",\"image\":{\"@type\":\"ImageObject\",\"inLanguage\":\"pt-BR\",\"@id\":\"https:\\\/\\\/www.siqueiracastro.com.br\\\/noticias\\\/wp-content\\\/litespeed\\\/avatar\\\/ea8ff2f7d87cd5ad3a1cb5e87cd025b6.jpg?ver=1776956466\",\"url\":\"https:\\\/\\\/www.siqueiracastro.com.br\\\/noticias\\\/wp-content\\\/litespeed\\\/avatar\\\/ea8ff2f7d87cd5ad3a1cb5e87cd025b6.jpg?ver=1776956466\",\"contentUrl\":\"https:\\\/\\\/www.siqueiracastro.com.br\\\/noticias\\\/wp-content\\\/litespeed\\\/avatar\\\/ea8ff2f7d87cd5ad3a1cb5e87cd025b6.jpg?ver=1776956466\",\"caption\":\"Annie Pereira Andrade\"},\"url\":\"https:\\\/\\\/www.siqueiracastro.com.br\\\/noticias\\\/author\\\/annie\\\/\"}]}<\/script>\n<!-- \/ Yoast SEO plugin. -->","yoast_head_json":{"title":"6\u00aa Turma do STJ decide que pessoa jur\u00eddica n\u00e3o pode celebrar acordo de colabora\u00e7\u00e3o premiada - Not\u00edcias | Siqueira Castro","description":"Tribunal conclui julgamento do em que se discutiu a legalidade de celebra\u00e7\u00e3o de acordo de colabora\u00e7\u00e3o premiada entre o MP e pessoa jur\u00eddica","robots":{"index":"index","follow":"follow","max-snippet":"max-snippet:-1","max-image-preview":"max-image-preview:large","max-video-preview":"max-video-preview:-1"},"canonical":"https:\/\/www.siqueiracastro.com.br\/noticias\/stj-colaboracao-premiada\/","og_locale":"pt_BR","og_type":"article","og_title":"6\u00aa Turma do STJ decide que pessoa jur\u00eddica n\u00e3o pode celebrar acordo de colabora\u00e7\u00e3o premiada - Not\u00edcias | Siqueira Castro","og_description":"Tribunal conclui julgamento do em que se discutiu a legalidade de celebra\u00e7\u00e3o de acordo de colabora\u00e7\u00e3o premiada entre o MP e pessoa jur\u00eddica","og_url":"https:\/\/www.siqueiracastro.com.br\/noticias\/stj-colaboracao-premiada\/","og_site_name":"Not\u00edcias | Siqueira Castro","article_publisher":"https:\/\/www.facebook.com\/siqueiracastro.advogados","article_published_time":"2022-08-29T19:04:33+00:00","article_modified_time":"2022-08-29T19:04:39+00:00","og_image":[{"url":"https:\/\/www.siqueiracastro.com.br\/noticias\/wp-content\/uploads\/05\/STJ-PROIBE-A-TOMADA-DE-CREDITOS-DE-PIS-E-COFINS-EM-OPERACOES-NO-REGIME-MONOFASICO-1024x693.jpg","type":"","width":"","height":""}],"author":"Annie Pereira Andrade","twitter_card":"summary_large_image","twitter_creator":"@_SiqueiraCastro","twitter_site":"@_SiqueiraCastro","twitter_misc":{"Escrito por":"Annie Pereira Andrade","Est. tempo de leitura":"3 minutos"},"schema":{"@context":"https:\/\/schema.org","@graph":[{"@type":"Article","@id":"https:\/\/www.siqueiracastro.com.br\/noticias\/stj-colaboracao-premiada\/#article","isPartOf":{"@id":"https:\/\/www.siqueiracastro.com.br\/noticias\/stj-colaboracao-premiada\/"},"author":{"name":"Annie Pereira Andrade","@id":"https:\/\/www.siqueiracastro.com.br\/noticias\/#\/schema\/person\/b3ad81cd2d679684cb660d7048070c31"},"headline":"6\u00aa Turma do STJ decide que pessoa jur\u00eddica n\u00e3o pode celebrar acordo de colabora\u00e7\u00e3o premiada","datePublished":"2022-08-29T19:04:33+00:00","dateModified":"2022-08-29T19:04:39+00:00","mainEntityOfPage":{"@id":"https:\/\/www.siqueiracastro.com.br\/noticias\/stj-colaboracao-premiada\/"},"wordCount":414,"commentCount":0,"publisher":{"@id":"https:\/\/www.siqueiracastro.com.br\/noticias\/#organization"},"image":{"@id":"https:\/\/www.siqueiracastro.com.br\/noticias\/stj-colaboracao-premiada\/#primaryimage"},"thumbnailUrl":"https:\/\/www.siqueiracastro.com.br\/noticias\/wp-content\/uploads\/05\/STJ-PROIBE-A-TOMADA-DE-CREDITOS-DE-PIS-E-COFINS-EM-OPERACOES-NO-REGIME-MONOFASICO-1024x693.jpg","keywords":["Penal Empresarial"],"articleSection":["Informativos"],"inLanguage":"pt-BR","potentialAction":[{"@type":"CommentAction","name":"Comment","target":["https:\/\/www.siqueiracastro.com.br\/noticias\/stj-colaboracao-premiada\/#respond"]}]},{"@type":"WebPage","@id":"https:\/\/www.siqueiracastro.com.br\/noticias\/stj-colaboracao-premiada\/","url":"https:\/\/www.siqueiracastro.com.br\/noticias\/stj-colaboracao-premiada\/","name":"6\u00aa Turma do STJ decide que pessoa jur\u00eddica n\u00e3o pode celebrar acordo de colabora\u00e7\u00e3o premiada - Not\u00edcias | Siqueira Castro","isPartOf":{"@id":"https:\/\/www.siqueiracastro.com.br\/noticias\/#website"},"primaryImageOfPage":{"@id":"https:\/\/www.siqueiracastro.com.br\/noticias\/stj-colaboracao-premiada\/#primaryimage"},"image":{"@id":"https:\/\/www.siqueiracastro.com.br\/noticias\/stj-colaboracao-premiada\/#primaryimage"},"thumbnailUrl":"https:\/\/www.siqueiracastro.com.br\/noticias\/wp-content\/uploads\/05\/STJ-PROIBE-A-TOMADA-DE-CREDITOS-DE-PIS-E-COFINS-EM-OPERACOES-NO-REGIME-MONOFASICO-1024x693.jpg","datePublished":"2022-08-29T19:04:33+00:00","dateModified":"2022-08-29T19:04:39+00:00","description":"Tribunal conclui julgamento do em que se discutiu a legalidade de celebra\u00e7\u00e3o de acordo de colabora\u00e7\u00e3o premiada entre o MP e pessoa jur\u00eddica","breadcrumb":{"@id":"https:\/\/www.siqueiracastro.com.br\/noticias\/stj-colaboracao-premiada\/#breadcrumb"},"inLanguage":"pt-BR","potentialAction":[{"@type":"ReadAction","target":["https:\/\/www.siqueiracastro.com.br\/noticias\/stj-colaboracao-premiada\/"]}]},{"@type":"ImageObject","inLanguage":"pt-BR","@id":"https:\/\/www.siqueiracastro.com.br\/noticias\/stj-colaboracao-premiada\/#primaryimage","url":"https:\/\/www.siqueiracastro.com.br\/noticias\/wp-content\/uploads\/05\/STJ-PROIBE-A-TOMADA-DE-CREDITOS-DE-PIS-E-COFINS-EM-OPERACOES-NO-REGIME-MONOFASICO.jpg","contentUrl":"https:\/\/www.siqueiracastro.com.br\/noticias\/wp-content\/uploads\/05\/STJ-PROIBE-A-TOMADA-DE-CREDITOS-DE-PIS-E-COFINS-EM-OPERACOES-NO-REGIME-MONOFASICO.jpg","width":2560,"height":1732},{"@type":"BreadcrumbList","@id":"https:\/\/www.siqueiracastro.com.br\/noticias\/stj-colaboracao-premiada\/#breadcrumb","itemListElement":[{"@type":"ListItem","position":1,"name":"In\u00edcio","item":"https:\/\/www.siqueiracastro.com.br\/noticias\/"},{"@type":"ListItem","position":2,"name":"6\u00aa Turma do STJ decide que pessoa jur\u00eddica n\u00e3o pode celebrar acordo de colabora\u00e7\u00e3o premiada"}]},{"@type":"WebSite","@id":"https:\/\/www.siqueiracastro.com.br\/noticias\/#website","url":"https:\/\/www.siqueiracastro.com.br\/noticias\/","name":"Not\u00edcias | Siqueira Castro","description":"Not\u00edcias Siqueira Castro","publisher":{"@id":"https:\/\/www.siqueiracastro.com.br\/noticias\/#organization"},"potentialAction":[{"@type":"SearchAction","target":{"@type":"EntryPoint","urlTemplate":"https:\/\/www.siqueiracastro.com.br\/noticias\/?s={search_term_string}"},"query-input":{"@type":"PropertyValueSpecification","valueRequired":true,"valueName":"search_term_string"}}],"inLanguage":"pt-BR"},{"@type":"Organization","@id":"https:\/\/www.siqueiracastro.com.br\/noticias\/#organization","name":"Not\u00edcias | Siqueira Castro","url":"https:\/\/www.siqueiracastro.com.br\/noticias\/","logo":{"@type":"ImageObject","inLanguage":"pt-BR","@id":"https:\/\/www.siqueiracastro.com.br\/noticias\/#\/schema\/logo\/image\/","url":"https:\/\/www.siqueiracastro.com.br\/noticias\/wp-content\/uploads\/04\/logo-sca-mobile.png","contentUrl":"https:\/\/www.siqueiracastro.com.br\/noticias\/wp-content\/uploads\/04\/logo-sca-mobile.png","width":286,"height":70,"caption":"Not\u00edcias | Siqueira Castro"},"image":{"@id":"https:\/\/www.siqueiracastro.com.br\/noticias\/#\/schema\/logo\/image\/"},"sameAs":["https:\/\/www.facebook.com\/siqueiracastro.advogados","https:\/\/x.com\/_SiqueiraCastro"]},{"@type":"Person","@id":"https:\/\/www.siqueiracastro.com.br\/noticias\/#\/schema\/person\/b3ad81cd2d679684cb660d7048070c31","name":"Annie Pereira Andrade","image":{"@type":"ImageObject","inLanguage":"pt-BR","@id":"https:\/\/www.siqueiracastro.com.br\/noticias\/wp-content\/litespeed\/avatar\/ea8ff2f7d87cd5ad3a1cb5e87cd025b6.jpg?ver=1776956466","url":"https:\/\/www.siqueiracastro.com.br\/noticias\/wp-content\/litespeed\/avatar\/ea8ff2f7d87cd5ad3a1cb5e87cd025b6.jpg?ver=1776956466","contentUrl":"https:\/\/www.siqueiracastro.com.br\/noticias\/wp-content\/litespeed\/avatar\/ea8ff2f7d87cd5ad3a1cb5e87cd025b6.jpg?ver=1776956466","caption":"Annie Pereira Andrade"},"url":"https:\/\/www.siqueiracastro.com.br\/noticias\/author\/annie\/"}]}},"_links":{"self":[{"href":"https:\/\/www.siqueiracastro.com.br\/noticias\/wp-json\/wp\/v2\/posts\/35914","targetHints":{"allow":["GET"]}}],"collection":[{"href":"https:\/\/www.siqueiracastro.com.br\/noticias\/wp-json\/wp\/v2\/posts"}],"about":[{"href":"https:\/\/www.siqueiracastro.com.br\/noticias\/wp-json\/wp\/v2\/types\/post"}],"author":[{"embeddable":true,"href":"https:\/\/www.siqueiracastro.com.br\/noticias\/wp-json\/wp\/v2\/users\/13"}],"replies":[{"embeddable":true,"href":"https:\/\/www.siqueiracastro.com.br\/noticias\/wp-json\/wp\/v2\/comments?post=35914"}],"version-history":[{"count":1,"href":"https:\/\/www.siqueiracastro.com.br\/noticias\/wp-json\/wp\/v2\/posts\/35914\/revisions"}],"predecessor-version":[{"id":35915,"href":"https:\/\/www.siqueiracastro.com.br\/noticias\/wp-json\/wp\/v2\/posts\/35914\/revisions\/35915"}],"wp:attachment":[{"href":"https:\/\/www.siqueiracastro.com.br\/noticias\/wp-json\/wp\/v2\/media?parent=35914"}],"wp:term":[{"taxonomy":"category","embeddable":true,"href":"https:\/\/www.siqueiracastro.com.br\/noticias\/wp-json\/wp\/v2\/categories?post=35914"},{"taxonomy":"post_tag","embeddable":true,"href":"https:\/\/www.siqueiracastro.com.br\/noticias\/wp-json\/wp\/v2\/tags?post=35914"}],"curies":[{"name":"wp","href":"https:\/\/api.w.org\/{rel}","templated":true}]}}