{"id":36645,"date":"2023-02-03T15:57:36","date_gmt":"2023-02-03T18:57:36","guid":{"rendered":"https:\/\/www.siqueiracastro.com.br\/noticias\/?p=36645"},"modified":"2023-02-03T15:57:39","modified_gmt":"2023-02-03T18:57:39","slug":"terras-quilombolas","status":"publish","type":"post","link":"https:\/\/www.siqueiracastro.com.br\/noticias\/terras-quilombolas\/","title":{"rendered":"<strong>Terras Quilombolas<\/strong>"},"content":{"rendered":"\n<p>Terras Quilombolas ou quilombos ou terras de pretos s\u00e3o \u00e1reas ocupadas por remanescentes das comunidades dos quilombos utilizadas para garantir sua reprodu\u00e7\u00e3o f\u00edsica, social, econ\u00f4mica e cultura, de acordo com o artigo 2\u00ba do Decreto n\u00ba 4.887\/2003.<\/p>\n\n\n\n<figure class=\"wp-block-image size-large\"><img loading=\"lazy\" decoding=\"async\" width=\"1024\" height=\"683\" src=\"https:\/\/www.siqueiracastro.com.br\/noticias\/wp-content\/uploads\/02\/TERRAS-QUILOMBOLAS-1024x683.jpg\" alt=\"\" class=\"wp-image-36641\" srcset=\"https:\/\/www.siqueiracastro.com.br\/noticias\/wp-content\/uploads\/02\/TERRAS-QUILOMBOLAS-1024x683.jpg 1024w, https:\/\/www.siqueiracastro.com.br\/noticias\/wp-content\/uploads\/02\/TERRAS-QUILOMBOLAS-300x200.jpg 300w, https:\/\/www.siqueiracastro.com.br\/noticias\/wp-content\/uploads\/02\/TERRAS-QUILOMBOLAS-768x512.jpg 768w, https:\/\/www.siqueiracastro.com.br\/noticias\/wp-content\/uploads\/02\/TERRAS-QUILOMBOLAS-1536x1024.jpg 1536w, https:\/\/www.siqueiracastro.com.br\/noticias\/wp-content\/uploads\/02\/TERRAS-QUILOMBOLAS.jpg 2048w\" sizes=\"auto, (max-width: 1024px) 100vw, 1024px\" \/><\/figure>\n\n\n\n<p>O artigo 68 do Ato das Disposi\u00e7\u00f5es Constitucionais Transit\u00f3rias (ADCT) garante o direito das comunidades quilombolas \u00e0 propriedade de suas terras.<\/p>\n\n\n\n<p>A quest\u00e3o dos direitos territoriais \u00e9 considerada na Conven\u00e7\u00e3o 169 da Organiza\u00e7\u00e3o Internacional do Trabalho (OIT).<\/p>\n\n\n\n<p>O INCRA (Instituto Nacional da Coloniza\u00e7\u00e3o e da Reforma Agr\u00e1ria) \u00e9 o \u00f3rg\u00e3o respons\u00e1vel por titular os territ\u00f3rios quilombolas localizados em terras p\u00fablicas federais ou que incidam em \u00e1reas particulares.<\/p>\n\n\n\n<p>De acordo com o INCRA, os quilombos correspondem a menos de 0,15% de toda extens\u00e3o territorial do pais.<\/p>\n\n\n\n<p>A Secretaria do Patrim\u00f4nio da Uni\u00e3o (SPU) \u00e9 a respons\u00e1vel por expedir o t\u00edtulo ou Contrato de Concess\u00e3o de Direito Real de Uso (CCDRU) \u00e0s comunidades quilombolas localizadas em \u00e1reas de sua gest\u00e3o.<\/p>\n\n\n\n<p>Entretanto, caso as comunidades quilombolas se localizem em terras de dom\u00ednio estaduais e municipais, caber\u00e1 aos Estados e Munic\u00edpios expedirem os respectivos t\u00edtulos.<\/p>\n\n\n\n<p>Os Estados da Bahia, Goi\u00e1s, Maranh\u00e3o, Mato Grosso, Mato Grosso do Sul, Piau\u00ed, Par\u00e1, Rio de Janeiro, S\u00e3o Paulo, Esp\u00edrito Santo, Sergipe, Rio Grande do Sul e Santa Catarina t\u00eam leis espec\u00edficas para regularizar o direito \u00e0 propriedade das terras das comunidades quilombolas.<\/p>\n\n\n\n<p><strong>Etapas para demarca\u00e7\u00e3o de terras quilombolas:<\/strong><\/p>\n\n\n\n<p><strong>1 \u2013 Autodefini\u00e7\u00e3o quilombola: <\/strong>as comunidades quilombolas t\u00eam direito \u00e0 autodefini\u00e7\u00e3o. Devem assim apresentar ao INCRA a Certid\u00e3o de Autorreconhecimento, emitida pela Funda\u00e7\u00e3o Cultural Palmares.<\/p>\n\n\n\n<p><strong>2 \u2013 Elabora\u00e7\u00e3o do RTID: <\/strong>o RTID &#8211; Relat\u00f3rio T\u00e9cnico de Identifica\u00e7\u00e3o e Delimita\u00e7\u00e3o devem ser levantadas informa\u00e7\u00f5es cartogr\u00e1ficas, fundi\u00e1rias, agron\u00f4micas, ecol\u00f3gicas, geogr\u00e1ficas, socioecon\u00f4micas, hist\u00f3ricas, etnogr\u00e1ficas e antropol\u00f3gicas colhidas junto a institui\u00e7\u00f5es p\u00fablicas e privadas.<\/p>\n\n\n\n<p>O principal objetivo do RTID \u00e9 definir os limites do territ\u00f3rio quilombola.<\/p>\n\n\n\n<p><strong>3 \u2013 Publica\u00e7\u00e3o do RTID: <\/strong>Depois de elaborado, o RTID \u00e9 publicado e as comunidades quilombolas t\u00eam o prazo de 90 dias, para contestar o relat\u00f3rio junto \u00e0 Superintend\u00eancia Regional do INCRA e reunir as provas.<\/p>\n\n\n\n<p>Julgadas as contesta\u00e7\u00f5es, caber\u00e1 recurso \u00fanico junto ao Conselho Diretor do INCRA Sede, no prazo de 30 dias.<\/p>\n\n\n\n<p><strong>4 \u2013 Portaria de reconhecimento: <\/strong>O presidente do INCRA publicar\u00e1 portaria no Di\u00e1rio Oficial da Uni\u00e3o e dos Estados, ficando encerrada a fase de identifica\u00e7\u00e3o do territ\u00f3rio quilombola, reconhecendo os limites da \u00e1rea ocupada pela comunidade quilombola.<\/p>\n\n\n\n<p><strong>5 &#8211; Decreto de desapropria\u00e7\u00e3o: <\/strong>Quando h\u00e1 im\u00f3veis particulares no territ\u00f3rio quilombola, \u00e9 publicado um Decreto Presidencial de Desapropria\u00e7\u00e3o por Interesse P\u00fablico.<\/p>\n\n\n\n<p><strong>6 \u2013 Titula\u00e7\u00e3o: <\/strong>O presidente do INCRA realiza a titula\u00e7\u00e3o, mediante a outorga de t\u00edtulo coletivo, imprescind\u00edvel e pr\u00f3-indiviso \u00e0 comunidade, em nome da associa\u00e7\u00e3o legalmente constitu\u00edda, sem nenhum \u00f4nus financeiro.<\/p>\n\n\n\n<p>\u00c9 proibida a venda ou penhora de terras quilombolas.<\/p>\n","protected":false},"excerpt":{"rendered":"<p>Terras Quilombolas ou quilombos ou terras de pretos s\u00e3o \u00e1reas ocupadas por remanescentes das comunidades dos quilombos utilizadas para garantir sua reprodu\u00e7\u00e3o f\u00edsica, social, econ\u00f4mica e cultura, de acordo com o artigo 2\u00ba do Decreto n\u00ba 4.887\/2003. O artigo 68 do Ato das Disposi\u00e7\u00f5es Constitucionais Transit\u00f3rias (ADCT) garante o direito das comunidades quilombolas \u00e0 propriedade [&hellip;]<\/p>\n","protected":false},"author":12,"featured_media":0,"comment_status":"open","ping_status":"open","sticky":false,"template":"","format":"standard","meta":{"_acf_changed":false,"footnotes":""},"categories":[5],"tags":[263],"class_list":["post-36645","post","type-post","status-publish","format-standard","hentry","category-informativos","tag-direito-imobiliario"],"fields":{"_edit_lock":["1675450752:12"],"_edit_last":["12"],"arquivo":[""],"_arquivo":["field_5cd093c67f0aa"],"subtitulo":[""],"_subtitulo":["field_5cc755a87dc0e"],"fonte":[""],"_fonte":["field_5cc73bceda287"],"td_post_theme_settings":["a:1:{s:16:\"td_post_template\";s:15:\"single_template\";}"],"_yoast_wpseo_focuskw":["Terras Quilombolas"],"_yoast_wpseo_metadesc":["Terras Quilombolas ou quilombos ou terras de pretos s\u00e3o \u00e1reas ocupadas por remanescentes das comunidades dos quilombos utilizadas para garantir sua reprodu\u00e7\u00e3o f\u00edsica, social, econ\u00f4mica e cultura, de acordo com o artigo 2\u00ba do Decreto n\u00ba 4.887\/2003."],"_yoast_wpseo_linkdex":["71"],"_yoast_wpseo_content_score":["30"],"_yoast_wpseo_estimated-reading-time-minutes":["3"],"_yoast_wpseo_primary_category":["5"],"post_views_count":["1336"]},"acf":[],"yoast_head":"<!-- This site is optimized with the Yoast SEO plugin v27.4 - https:\/\/yoast.com\/product\/yoast-seo-wordpress\/ -->\n<title>Terras Quilombolas - Not\u00edcias | Siqueira Castro<\/title>\n<meta name=\"description\" content=\"Terras Quilombolas ou quilombos ou terras de pretos s\u00e3o \u00e1reas ocupadas por remanescentes das comunidades dos quilombos utilizadas para garantir sua reprodu\u00e7\u00e3o f\u00edsica, social, econ\u00f4mica e cultura, de acordo com o artigo 2\u00ba do Decreto n\u00ba 4.887\/2003.\" \/>\n<meta name=\"robots\" content=\"index, follow, max-snippet:-1, max-image-preview:large, max-video-preview:-1\" \/>\n<link rel=\"canonical\" href=\"https:\/\/www.siqueiracastro.com.br\/noticias\/terras-quilombolas\/\" \/>\n<meta property=\"og:locale\" content=\"pt_BR\" \/>\n<meta property=\"og:type\" content=\"article\" \/>\n<meta property=\"og:title\" content=\"Terras Quilombolas - Not\u00edcias | Siqueira Castro\" \/>\n<meta property=\"og:description\" content=\"Terras Quilombolas ou quilombos ou terras de pretos s\u00e3o \u00e1reas ocupadas por remanescentes das comunidades dos quilombos utilizadas para garantir sua reprodu\u00e7\u00e3o f\u00edsica, social, econ\u00f4mica e cultura, de acordo com o artigo 2\u00ba do Decreto n\u00ba 4.887\/2003.\" \/>\n<meta property=\"og:url\" content=\"https:\/\/www.siqueiracastro.com.br\/noticias\/terras-quilombolas\/\" \/>\n<meta property=\"og:site_name\" content=\"Not\u00edcias | Siqueira Castro\" \/>\n<meta property=\"article:publisher\" content=\"https:\/\/www.facebook.com\/siqueiracastro.advogados\" \/>\n<meta property=\"article:published_time\" content=\"2023-02-03T18:57:36+00:00\" \/>\n<meta property=\"article:modified_time\" content=\"2023-02-03T18:57:39+00:00\" \/>\n<meta property=\"og:image\" content=\"https:\/\/www.siqueiracastro.com.br\/noticias\/wp-content\/uploads\/02\/TERRAS-QUILOMBOLAS-1024x683.jpg\" \/>\n<meta name=\"author\" content=\"Carolina Martins Bragatto Seruffo\" \/>\n<meta name=\"twitter:card\" content=\"summary_large_image\" \/>\n<meta name=\"twitter:creator\" content=\"@_SiqueiraCastro\" \/>\n<meta name=\"twitter:site\" content=\"@_SiqueiraCastro\" \/>\n<meta name=\"twitter:label1\" content=\"Escrito por\" \/>\n\t<meta name=\"twitter:data1\" content=\"Carolina Martins Bragatto Seruffo\" \/>\n\t<meta name=\"twitter:label2\" content=\"Est. tempo de leitura\" \/>\n\t<meta name=\"twitter:data2\" content=\"3 minutos\" \/>\n<script type=\"application\/ld+json\" class=\"yoast-schema-graph\">{\"@context\":\"https:\\\/\\\/schema.org\",\"@graph\":[{\"@type\":\"Article\",\"@id\":\"https:\\\/\\\/www.siqueiracastro.com.br\\\/noticias\\\/terras-quilombolas\\\/#article\",\"isPartOf\":{\"@id\":\"https:\\\/\\\/www.siqueiracastro.com.br\\\/noticias\\\/terras-quilombolas\\\/\"},\"author\":{\"name\":\"Carolina Martins Bragatto Seruffo\",\"@id\":\"https:\\\/\\\/www.siqueiracastro.com.br\\\/noticias\\\/#\\\/schema\\\/person\\\/d6dfc3a4523ea33ca19c8506839db03e\"},\"headline\":\"Terras Quilombolas\",\"datePublished\":\"2023-02-03T18:57:36+00:00\",\"dateModified\":\"2023-02-03T18:57:39+00:00\",\"mainEntityOfPage\":{\"@id\":\"https:\\\/\\\/www.siqueiracastro.com.br\\\/noticias\\\/terras-quilombolas\\\/\"},\"wordCount\":500,\"commentCount\":0,\"publisher\":{\"@id\":\"https:\\\/\\\/www.siqueiracastro.com.br\\\/noticias\\\/#organization\"},\"image\":{\"@id\":\"https:\\\/\\\/www.siqueiracastro.com.br\\\/noticias\\\/terras-quilombolas\\\/#primaryimage\"},\"thumbnailUrl\":\"https:\\\/\\\/www.siqueiracastro.com.br\\\/noticias\\\/wp-content\\\/uploads\\\/02\\\/TERRAS-QUILOMBOLAS-1024x683.jpg\",\"keywords\":[\"Direito Imobili\u00e1rio\"],\"articleSection\":[\"Informativos\"],\"inLanguage\":\"pt-BR\",\"potentialAction\":[{\"@type\":\"CommentAction\",\"name\":\"Comment\",\"target\":[\"https:\\\/\\\/www.siqueiracastro.com.br\\\/noticias\\\/terras-quilombolas\\\/#respond\"]}]},{\"@type\":\"WebPage\",\"@id\":\"https:\\\/\\\/www.siqueiracastro.com.br\\\/noticias\\\/terras-quilombolas\\\/\",\"url\":\"https:\\\/\\\/www.siqueiracastro.com.br\\\/noticias\\\/terras-quilombolas\\\/\",\"name\":\"Terras Quilombolas - Not\u00edcias | Siqueira Castro\",\"isPartOf\":{\"@id\":\"https:\\\/\\\/www.siqueiracastro.com.br\\\/noticias\\\/#website\"},\"primaryImageOfPage\":{\"@id\":\"https:\\\/\\\/www.siqueiracastro.com.br\\\/noticias\\\/terras-quilombolas\\\/#primaryimage\"},\"image\":{\"@id\":\"https:\\\/\\\/www.siqueiracastro.com.br\\\/noticias\\\/terras-quilombolas\\\/#primaryimage\"},\"thumbnailUrl\":\"https:\\\/\\\/www.siqueiracastro.com.br\\\/noticias\\\/wp-content\\\/uploads\\\/02\\\/TERRAS-QUILOMBOLAS-1024x683.jpg\",\"datePublished\":\"2023-02-03T18:57:36+00:00\",\"dateModified\":\"2023-02-03T18:57:39+00:00\",\"description\":\"Terras Quilombolas ou quilombos ou terras de pretos s\u00e3o \u00e1reas ocupadas por remanescentes das comunidades dos quilombos utilizadas para garantir sua reprodu\u00e7\u00e3o f\u00edsica, social, econ\u00f4mica e cultura, de acordo com o artigo 2\u00ba do Decreto n\u00ba 4.887\\\/2003.\",\"breadcrumb\":{\"@id\":\"https:\\\/\\\/www.siqueiracastro.com.br\\\/noticias\\\/terras-quilombolas\\\/#breadcrumb\"},\"inLanguage\":\"pt-BR\",\"potentialAction\":[{\"@type\":\"ReadAction\",\"target\":[\"https:\\\/\\\/www.siqueiracastro.com.br\\\/noticias\\\/terras-quilombolas\\\/\"]}]},{\"@type\":\"ImageObject\",\"inLanguage\":\"pt-BR\",\"@id\":\"https:\\\/\\\/www.siqueiracastro.com.br\\\/noticias\\\/terras-quilombolas\\\/#primaryimage\",\"url\":\"https:\\\/\\\/www.siqueiracastro.com.br\\\/noticias\\\/wp-content\\\/uploads\\\/02\\\/TERRAS-QUILOMBOLAS.jpg\",\"contentUrl\":\"https:\\\/\\\/www.siqueiracastro.com.br\\\/noticias\\\/wp-content\\\/uploads\\\/02\\\/TERRAS-QUILOMBOLAS.jpg\",\"width\":2048,\"height\":1365},{\"@type\":\"BreadcrumbList\",\"@id\":\"https:\\\/\\\/www.siqueiracastro.com.br\\\/noticias\\\/terras-quilombolas\\\/#breadcrumb\",\"itemListElement\":[{\"@type\":\"ListItem\",\"position\":1,\"name\":\"In\u00edcio\",\"item\":\"https:\\\/\\\/www.siqueiracastro.com.br\\\/noticias\\\/\"},{\"@type\":\"ListItem\",\"position\":2,\"name\":\"Terras Quilombolas\"}]},{\"@type\":\"WebSite\",\"@id\":\"https:\\\/\\\/www.siqueiracastro.com.br\\\/noticias\\\/#website\",\"url\":\"https:\\\/\\\/www.siqueiracastro.com.br\\\/noticias\\\/\",\"name\":\"Not\u00edcias | Siqueira Castro\",\"description\":\"Not\u00edcias Siqueira Castro\",\"publisher\":{\"@id\":\"https:\\\/\\\/www.siqueiracastro.com.br\\\/noticias\\\/#organization\"},\"potentialAction\":[{\"@type\":\"SearchAction\",\"target\":{\"@type\":\"EntryPoint\",\"urlTemplate\":\"https:\\\/\\\/www.siqueiracastro.com.br\\\/noticias\\\/?s={search_term_string}\"},\"query-input\":{\"@type\":\"PropertyValueSpecification\",\"valueRequired\":true,\"valueName\":\"search_term_string\"}}],\"inLanguage\":\"pt-BR\"},{\"@type\":\"Organization\",\"@id\":\"https:\\\/\\\/www.siqueiracastro.com.br\\\/noticias\\\/#organization\",\"name\":\"Not\u00edcias | Siqueira Castro\",\"url\":\"https:\\\/\\\/www.siqueiracastro.com.br\\\/noticias\\\/\",\"logo\":{\"@type\":\"ImageObject\",\"inLanguage\":\"pt-BR\",\"@id\":\"https:\\\/\\\/www.siqueiracastro.com.br\\\/noticias\\\/#\\\/schema\\\/logo\\\/image\\\/\",\"url\":\"https:\\\/\\\/www.siqueiracastro.com.br\\\/noticias\\\/wp-content\\\/uploads\\\/04\\\/logo-sca-mobile.png\",\"contentUrl\":\"https:\\\/\\\/www.siqueiracastro.com.br\\\/noticias\\\/wp-content\\\/uploads\\\/04\\\/logo-sca-mobile.png\",\"width\":286,\"height\":70,\"caption\":\"Not\u00edcias | Siqueira Castro\"},\"image\":{\"@id\":\"https:\\\/\\\/www.siqueiracastro.com.br\\\/noticias\\\/#\\\/schema\\\/logo\\\/image\\\/\"},\"sameAs\":[\"https:\\\/\\\/www.facebook.com\\\/siqueiracastro.advogados\",\"https:\\\/\\\/x.com\\\/_SiqueiraCastro\"]},{\"@type\":\"Person\",\"@id\":\"https:\\\/\\\/www.siqueiracastro.com.br\\\/noticias\\\/#\\\/schema\\\/person\\\/d6dfc3a4523ea33ca19c8506839db03e\",\"name\":\"Carolina Martins Bragatto Seruffo\",\"image\":{\"@type\":\"ImageObject\",\"inLanguage\":\"pt-BR\",\"@id\":\"https:\\\/\\\/www.siqueiracastro.com.br\\\/noticias\\\/wp-content\\\/litespeed\\\/avatar\\\/dd917ff9f0095420d885ff0b6293590d.jpg?ver=1776959060\",\"url\":\"https:\\\/\\\/www.siqueiracastro.com.br\\\/noticias\\\/wp-content\\\/litespeed\\\/avatar\\\/dd917ff9f0095420d885ff0b6293590d.jpg?ver=1776959060\",\"contentUrl\":\"https:\\\/\\\/www.siqueiracastro.com.br\\\/noticias\\\/wp-content\\\/litespeed\\\/avatar\\\/dd917ff9f0095420d885ff0b6293590d.jpg?ver=1776959060\",\"caption\":\"Carolina Martins Bragatto Seruffo\"},\"url\":\"https:\\\/\\\/www.siqueiracastro.com.br\\\/noticias\\\/author\\\/carolina\\\/\"}]}<\/script>\n<!-- \/ Yoast SEO plugin. -->","yoast_head_json":{"title":"Terras Quilombolas - Not\u00edcias | Siqueira Castro","description":"Terras Quilombolas ou quilombos ou terras de pretos s\u00e3o \u00e1reas ocupadas por remanescentes das comunidades dos quilombos utilizadas para garantir sua reprodu\u00e7\u00e3o f\u00edsica, social, econ\u00f4mica e cultura, de acordo com o artigo 2\u00ba do Decreto n\u00ba 4.887\/2003.","robots":{"index":"index","follow":"follow","max-snippet":"max-snippet:-1","max-image-preview":"max-image-preview:large","max-video-preview":"max-video-preview:-1"},"canonical":"https:\/\/www.siqueiracastro.com.br\/noticias\/terras-quilombolas\/","og_locale":"pt_BR","og_type":"article","og_title":"Terras Quilombolas - Not\u00edcias | Siqueira Castro","og_description":"Terras Quilombolas ou quilombos ou terras de pretos s\u00e3o \u00e1reas ocupadas por remanescentes das comunidades dos quilombos utilizadas para garantir sua reprodu\u00e7\u00e3o f\u00edsica, social, econ\u00f4mica e cultura, de acordo com o artigo 2\u00ba do Decreto n\u00ba 4.887\/2003.","og_url":"https:\/\/www.siqueiracastro.com.br\/noticias\/terras-quilombolas\/","og_site_name":"Not\u00edcias | Siqueira Castro","article_publisher":"https:\/\/www.facebook.com\/siqueiracastro.advogados","article_published_time":"2023-02-03T18:57:36+00:00","article_modified_time":"2023-02-03T18:57:39+00:00","og_image":[{"url":"https:\/\/www.siqueiracastro.com.br\/noticias\/wp-content\/uploads\/02\/TERRAS-QUILOMBOLAS-1024x683.jpg","type":"","width":"","height":""}],"author":"Carolina Martins Bragatto Seruffo","twitter_card":"summary_large_image","twitter_creator":"@_SiqueiraCastro","twitter_site":"@_SiqueiraCastro","twitter_misc":{"Escrito por":"Carolina Martins Bragatto Seruffo","Est. tempo de leitura":"3 minutos"},"schema":{"@context":"https:\/\/schema.org","@graph":[{"@type":"Article","@id":"https:\/\/www.siqueiracastro.com.br\/noticias\/terras-quilombolas\/#article","isPartOf":{"@id":"https:\/\/www.siqueiracastro.com.br\/noticias\/terras-quilombolas\/"},"author":{"name":"Carolina Martins Bragatto Seruffo","@id":"https:\/\/www.siqueiracastro.com.br\/noticias\/#\/schema\/person\/d6dfc3a4523ea33ca19c8506839db03e"},"headline":"Terras Quilombolas","datePublished":"2023-02-03T18:57:36+00:00","dateModified":"2023-02-03T18:57:39+00:00","mainEntityOfPage":{"@id":"https:\/\/www.siqueiracastro.com.br\/noticias\/terras-quilombolas\/"},"wordCount":500,"commentCount":0,"publisher":{"@id":"https:\/\/www.siqueiracastro.com.br\/noticias\/#organization"},"image":{"@id":"https:\/\/www.siqueiracastro.com.br\/noticias\/terras-quilombolas\/#primaryimage"},"thumbnailUrl":"https:\/\/www.siqueiracastro.com.br\/noticias\/wp-content\/uploads\/02\/TERRAS-QUILOMBOLAS-1024x683.jpg","keywords":["Direito Imobili\u00e1rio"],"articleSection":["Informativos"],"inLanguage":"pt-BR","potentialAction":[{"@type":"CommentAction","name":"Comment","target":["https:\/\/www.siqueiracastro.com.br\/noticias\/terras-quilombolas\/#respond"]}]},{"@type":"WebPage","@id":"https:\/\/www.siqueiracastro.com.br\/noticias\/terras-quilombolas\/","url":"https:\/\/www.siqueiracastro.com.br\/noticias\/terras-quilombolas\/","name":"Terras Quilombolas - Not\u00edcias | Siqueira Castro","isPartOf":{"@id":"https:\/\/www.siqueiracastro.com.br\/noticias\/#website"},"primaryImageOfPage":{"@id":"https:\/\/www.siqueiracastro.com.br\/noticias\/terras-quilombolas\/#primaryimage"},"image":{"@id":"https:\/\/www.siqueiracastro.com.br\/noticias\/terras-quilombolas\/#primaryimage"},"thumbnailUrl":"https:\/\/www.siqueiracastro.com.br\/noticias\/wp-content\/uploads\/02\/TERRAS-QUILOMBOLAS-1024x683.jpg","datePublished":"2023-02-03T18:57:36+00:00","dateModified":"2023-02-03T18:57:39+00:00","description":"Terras Quilombolas ou quilombos ou terras de pretos s\u00e3o \u00e1reas ocupadas por remanescentes das comunidades dos quilombos utilizadas para garantir sua reprodu\u00e7\u00e3o f\u00edsica, social, econ\u00f4mica e cultura, de acordo com o artigo 2\u00ba do Decreto n\u00ba 4.887\/2003.","breadcrumb":{"@id":"https:\/\/www.siqueiracastro.com.br\/noticias\/terras-quilombolas\/#breadcrumb"},"inLanguage":"pt-BR","potentialAction":[{"@type":"ReadAction","target":["https:\/\/www.siqueiracastro.com.br\/noticias\/terras-quilombolas\/"]}]},{"@type":"ImageObject","inLanguage":"pt-BR","@id":"https:\/\/www.siqueiracastro.com.br\/noticias\/terras-quilombolas\/#primaryimage","url":"https:\/\/www.siqueiracastro.com.br\/noticias\/wp-content\/uploads\/02\/TERRAS-QUILOMBOLAS.jpg","contentUrl":"https:\/\/www.siqueiracastro.com.br\/noticias\/wp-content\/uploads\/02\/TERRAS-QUILOMBOLAS.jpg","width":2048,"height":1365},{"@type":"BreadcrumbList","@id":"https:\/\/www.siqueiracastro.com.br\/noticias\/terras-quilombolas\/#breadcrumb","itemListElement":[{"@type":"ListItem","position":1,"name":"In\u00edcio","item":"https:\/\/www.siqueiracastro.com.br\/noticias\/"},{"@type":"ListItem","position":2,"name":"Terras Quilombolas"}]},{"@type":"WebSite","@id":"https:\/\/www.siqueiracastro.com.br\/noticias\/#website","url":"https:\/\/www.siqueiracastro.com.br\/noticias\/","name":"Not\u00edcias | Siqueira Castro","description":"Not\u00edcias Siqueira Castro","publisher":{"@id":"https:\/\/www.siqueiracastro.com.br\/noticias\/#organization"},"potentialAction":[{"@type":"SearchAction","target":{"@type":"EntryPoint","urlTemplate":"https:\/\/www.siqueiracastro.com.br\/noticias\/?s={search_term_string}"},"query-input":{"@type":"PropertyValueSpecification","valueRequired":true,"valueName":"search_term_string"}}],"inLanguage":"pt-BR"},{"@type":"Organization","@id":"https:\/\/www.siqueiracastro.com.br\/noticias\/#organization","name":"Not\u00edcias | Siqueira Castro","url":"https:\/\/www.siqueiracastro.com.br\/noticias\/","logo":{"@type":"ImageObject","inLanguage":"pt-BR","@id":"https:\/\/www.siqueiracastro.com.br\/noticias\/#\/schema\/logo\/image\/","url":"https:\/\/www.siqueiracastro.com.br\/noticias\/wp-content\/uploads\/04\/logo-sca-mobile.png","contentUrl":"https:\/\/www.siqueiracastro.com.br\/noticias\/wp-content\/uploads\/04\/logo-sca-mobile.png","width":286,"height":70,"caption":"Not\u00edcias | Siqueira Castro"},"image":{"@id":"https:\/\/www.siqueiracastro.com.br\/noticias\/#\/schema\/logo\/image\/"},"sameAs":["https:\/\/www.facebook.com\/siqueiracastro.advogados","https:\/\/x.com\/_SiqueiraCastro"]},{"@type":"Person","@id":"https:\/\/www.siqueiracastro.com.br\/noticias\/#\/schema\/person\/d6dfc3a4523ea33ca19c8506839db03e","name":"Carolina Martins Bragatto Seruffo","image":{"@type":"ImageObject","inLanguage":"pt-BR","@id":"https:\/\/www.siqueiracastro.com.br\/noticias\/wp-content\/litespeed\/avatar\/dd917ff9f0095420d885ff0b6293590d.jpg?ver=1776959060","url":"https:\/\/www.siqueiracastro.com.br\/noticias\/wp-content\/litespeed\/avatar\/dd917ff9f0095420d885ff0b6293590d.jpg?ver=1776959060","contentUrl":"https:\/\/www.siqueiracastro.com.br\/noticias\/wp-content\/litespeed\/avatar\/dd917ff9f0095420d885ff0b6293590d.jpg?ver=1776959060","caption":"Carolina Martins Bragatto Seruffo"},"url":"https:\/\/www.siqueiracastro.com.br\/noticias\/author\/carolina\/"}]}},"_links":{"self":[{"href":"https:\/\/www.siqueiracastro.com.br\/noticias\/wp-json\/wp\/v2\/posts\/36645","targetHints":{"allow":["GET"]}}],"collection":[{"href":"https:\/\/www.siqueiracastro.com.br\/noticias\/wp-json\/wp\/v2\/posts"}],"about":[{"href":"https:\/\/www.siqueiracastro.com.br\/noticias\/wp-json\/wp\/v2\/types\/post"}],"author":[{"embeddable":true,"href":"https:\/\/www.siqueiracastro.com.br\/noticias\/wp-json\/wp\/v2\/users\/12"}],"replies":[{"embeddable":true,"href":"https:\/\/www.siqueiracastro.com.br\/noticias\/wp-json\/wp\/v2\/comments?post=36645"}],"version-history":[{"count":1,"href":"https:\/\/www.siqueiracastro.com.br\/noticias\/wp-json\/wp\/v2\/posts\/36645\/revisions"}],"predecessor-version":[{"id":36646,"href":"https:\/\/www.siqueiracastro.com.br\/noticias\/wp-json\/wp\/v2\/posts\/36645\/revisions\/36646"}],"wp:attachment":[{"href":"https:\/\/www.siqueiracastro.com.br\/noticias\/wp-json\/wp\/v2\/media?parent=36645"}],"wp:term":[{"taxonomy":"category","embeddable":true,"href":"https:\/\/www.siqueiracastro.com.br\/noticias\/wp-json\/wp\/v2\/categories?post=36645"},{"taxonomy":"post_tag","embeddable":true,"href":"https:\/\/www.siqueiracastro.com.br\/noticias\/wp-json\/wp\/v2\/tags?post=36645"}],"curies":[{"name":"wp","href":"https:\/\/api.w.org\/{rel}","templated":true}]}}