{"id":37688,"date":"2023-11-08T09:09:52","date_gmt":"2023-11-08T12:09:52","guid":{"rendered":"https:\/\/www.siqueiracastro.com.br\/noticias\/?p=37688"},"modified":"2023-11-08T09:09:53","modified_gmt":"2023-11-08T12:09:53","slug":"justica-federal-de-sao-paulo-reconhece-ilegalidade-em-juntada-de-relatorio-do-coaf-sem-autorizacao-judicial","status":"publish","type":"post","link":"https:\/\/www.siqueiracastro.com.br\/noticias\/justica-federal-de-sao-paulo-reconhece-ilegalidade-em-juntada-de-relatorio-do-coaf-sem-autorizacao-judicial\/","title":{"rendered":"Justi\u00e7a Federal de S\u00e3o Paulo reconhece ilegalidade em juntada de relat\u00f3rio do COAF sem autoriza\u00e7\u00e3o judicial\u00a0"},"content":{"rendered":"\n<p>O ju\u00edzo da 4\u00aa Vara Criminal Federal de S\u00e3o Paulo, em decis\u00e3o proferida ap\u00f3s pedido do Minist\u00e9rio P\u00fablico Federal de afastamento do sigilo banc\u00e1rio de investigado, reconheceu a ilegalidade da inclus\u00e3o de Relat\u00f3rio Financeiro elaborado pelo Conselho de Controle de Atividades Financeiras (COAF) em inqu\u00e9rito que investiga lavagem de dinheiro. O magistrado respons\u00e1vel Massimo Palazzolo destacou a imprescindibilidade de autoriza\u00e7\u00e3o judicial pr\u00e9via para a obten\u00e7\u00e3o desse documento.&nbsp;<\/p>\n\n\n\n<figure class=\"wp-block-image size-large\"><img loading=\"lazy\" decoding=\"async\" width=\"1024\" height=\"453\" src=\"https:\/\/www.siqueiracastro.com.br\/noticias\/wp-content\/uploads\/11\/Justica-Federal-de-Sao-Paulo-reconhece-ilegalidade-em-juntada-de-relatorio-do-COAF-sem-autorizacao-judicial-1024x453.jpg\" alt=\"\" class=\"wp-image-37679\" srcset=\"https:\/\/www.siqueiracastro.com.br\/noticias\/wp-content\/uploads\/11\/Justica-Federal-de-Sao-Paulo-reconhece-ilegalidade-em-juntada-de-relatorio-do-COAF-sem-autorizacao-judicial-1024x453.jpg 1024w, https:\/\/www.siqueiracastro.com.br\/noticias\/wp-content\/uploads\/11\/Justica-Federal-de-Sao-Paulo-reconhece-ilegalidade-em-juntada-de-relatorio-do-COAF-sem-autorizacao-judicial-300x133.jpg 300w, https:\/\/www.siqueiracastro.com.br\/noticias\/wp-content\/uploads\/11\/Justica-Federal-de-Sao-Paulo-reconhece-ilegalidade-em-juntada-de-relatorio-do-COAF-sem-autorizacao-judicial-768x340.jpg 768w, https:\/\/www.siqueiracastro.com.br\/noticias\/wp-content\/uploads\/11\/Justica-Federal-de-Sao-Paulo-reconhece-ilegalidade-em-juntada-de-relatorio-do-COAF-sem-autorizacao-judicial.jpg 1280w\" sizes=\"auto, (max-width: 1024px) 100vw, 1024px\" \/><\/figure>\n\n\n\n<p>A decis\u00e3o que declarou il\u00edcita a prova obtida pela Autoridade policial teve origem em uma investiga\u00e7\u00e3o desdobrada em S\u00e3o Jos\u00e9 dos&nbsp;<\/p>\n\n\n\n<p>&nbsp;Campos, que apura suposto esquema de compra superfaturada de respiradores no Amazonas, no per\u00edodo da pandemia de Covid-19. Segundo a decis\u00e3o, o relat\u00f3rio foi anexado aos autos sem a devida indica\u00e7\u00e3o de autoriza\u00e7\u00e3o judicial para sua obten\u00e7\u00e3o e sem maiores informa\u00e7\u00f5es da origem do documento.&nbsp;<\/p>\n\n\n\n<p>A decis\u00e3o se embasou em entendimento do Superior Tribunal de Justi\u00e7a e do Supremo Tribunal Federal para apontar que a quest\u00e3o central \u00e9 o compartilhamento de dados sigilosos entre a Receita Federal e o Minist\u00e9rio P\u00fablico Federal.&nbsp;&nbsp;<\/p>\n\n\n\n<p>Nesse sentido, ainda que tal compartilhamento seja admiss\u00edvel quando se verificam ind\u00edcios de atua\u00e7\u00e3o criminosa, a exig\u00eancia de autoriza\u00e7\u00e3o judicial \u00e9 considerada um requisito fundamental para assegurar a legalidade do procedimento.&nbsp;<\/p>\n\n\n\n<p>Em outras palavras, \u00e9 poss\u00edvel o compartilhamento de dados do Coaf com o \u00f3rg\u00e3o acusador, verificados os ind\u00edcios de ilegalidade. Todavia, na aus\u00eancia de autoriza\u00e7\u00e3o judicial e outras informa\u00e7\u00f5es sobre a origem da prova, o uso do relat\u00f3rio pode ser compreendido como &#8220;pesca probat\u00f3ria&#8221; (<em>fishing expedition<\/em>).&nbsp;&nbsp;<\/p>\n\n\n\n<p>A pr\u00e1tica se caracteriza pela arbitrariedade de agentes que \u201cse aproveitam dos espa\u00e7os de exerc\u00edcio de poder para subverter a l\u00f3gica das garantias constitucionais, vasculhando-se a intimidade, a vida privada, enfim, violando-se direitos fundamentais, para al\u00e9m dos limites legais\u201d, conforme explica o ministro Rogerio Schietti Cruz.&nbsp;<\/p>\n\n\n\n<p>A decis\u00e3o resultou no indeferimento do pedido de quebra de sigilo banc\u00e1rio, com base na ilegalidade da obten\u00e7\u00e3o do relat\u00f3rio do Coaf, remetendo-se os autos ao MPF\u202fpara decidir se, sem o relat\u00f3rio, ainda se justifica o inqu\u00e9rito.&nbsp;<\/p>\n\n\n\n<p>Proc. n.\u00ba 5008683-31.2022.4.03.6181&nbsp;&nbsp;<\/p>\n","protected":false},"excerpt":{"rendered":"<p>O ju\u00edzo da 4\u00aa Vara Criminal Federal de S\u00e3o Paulo, em decis\u00e3o proferida ap\u00f3s pedido do Minist\u00e9rio P\u00fablico Federal de afastamento do sigilo banc\u00e1rio de investigado, reconheceu a ilegalidade da inclus\u00e3o de Relat\u00f3rio Financeiro elaborado pelo Conselho de Controle de Atividades Financeiras (COAF) em inqu\u00e9rito que investiga lavagem de dinheiro. O magistrado respons\u00e1vel Massimo Palazzolo [&hellip;]<\/p>\n","protected":false},"author":13,"featured_media":0,"comment_status":"open","ping_status":"open","sticky":false,"template":"","format":"standard","meta":{"_acf_changed":false,"footnotes":""},"categories":[5],"tags":[184],"class_list":["post-37688","post","type-post","status-publish","format-standard","hentry","category-informativos","tag-penal-empresarial"],"fields":{"_edit_lock":["1699445395:13"],"tdc_dirty_content":["1"],"tdc_icon_fonts":["a:0:{}"],"tdc_google_fonts":["a:0:{}"],"_edit_last":["13"],"arquivo":[""],"_arquivo":["field_5cd093c67f0aa"],"subtitulo":[""],"_subtitulo":["field_5cc755a87dc0e"],"fonte":[""],"_fonte":["field_5cc73bceda287"],"td_post_theme_settings":["a:1:{s:16:\"td_post_template\";s:15:\"single_template\";}"],"_yoast_wpseo_primary_category":["5"],"_yoast_wpseo_focuskw":["Justi\u00e7a Federal de S\u00e3o Paulo reconhece ilegalidade em juntada de relat\u00f3rio do COAF sem autoriza\u00e7\u00e3o judicial"],"_yoast_wpseo_metadesc":["O ju\u00edzo da 4\u00aa Vara Criminal Federal de S\u00e3o Paulo, em decis\u00e3o proferida ap\u00f3s pedido do Minist\u00e9rio P\u00fablico Federal de afastamento do sigilo banc\u00e1rio de investigado, reconheceu a ilegalidade da inclus\u00e3o de Relat\u00f3rio Financeiro elaborado pelo Conselho de Controle de Atividades Financeiras (COAF) em inqu\u00e9rito que investiga lavagem de dinheiro. O magistrado respons\u00e1vel Massimo Palazzolo destacou a imprescindibilidade de autoriza\u00e7\u00e3o judicial pr\u00e9via para a obten\u00e7\u00e3o desse documento.\u00a0"],"_yoast_wpseo_linkdex":["48"],"_yoast_wpseo_content_score":["30"],"_yoast_wpseo_estimated-reading-time-minutes":["3"],"post_views_count":["486"]},"acf":[],"yoast_head":"<!-- This site is optimized with the Yoast SEO plugin v27.4 - https:\/\/yoast.com\/product\/yoast-seo-wordpress\/ -->\n<title>Justi\u00e7a Federal de S\u00e3o Paulo reconhece ilegalidade em juntada de relat\u00f3rio do COAF sem autoriza\u00e7\u00e3o judicial\u00a0 - Not\u00edcias | Siqueira Castro<\/title>\n<meta name=\"description\" content=\"O ju\u00edzo da 4\u00aa Vara Criminal Federal de S\u00e3o Paulo, em decis\u00e3o proferida ap\u00f3s pedido do Minist\u00e9rio P\u00fablico Federal de afastamento do sigilo banc\u00e1rio de investigado, reconheceu a ilegalidade da inclus\u00e3o de Relat\u00f3rio Financeiro elaborado pelo Conselho de Controle de Atividades Financeiras (COAF) em inqu\u00e9rito que investiga lavagem de dinheiro. O magistrado respons\u00e1vel Massimo Palazzolo destacou a imprescindibilidade de autoriza\u00e7\u00e3o judicial pr\u00e9via para a obten\u00e7\u00e3o desse documento.\u00a0\" \/>\n<meta name=\"robots\" content=\"index, follow, max-snippet:-1, max-image-preview:large, max-video-preview:-1\" \/>\n<link rel=\"canonical\" href=\"https:\/\/www.siqueiracastro.com.br\/noticias\/justica-federal-de-sao-paulo-reconhece-ilegalidade-em-juntada-de-relatorio-do-coaf-sem-autorizacao-judicial\/\" \/>\n<meta property=\"og:locale\" content=\"pt_BR\" \/>\n<meta property=\"og:type\" content=\"article\" \/>\n<meta property=\"og:title\" content=\"Justi\u00e7a Federal de S\u00e3o Paulo reconhece ilegalidade em juntada de relat\u00f3rio do COAF sem autoriza\u00e7\u00e3o judicial\u00a0 - Not\u00edcias | Siqueira Castro\" \/>\n<meta property=\"og:description\" content=\"O ju\u00edzo da 4\u00aa Vara Criminal Federal de S\u00e3o Paulo, em decis\u00e3o proferida ap\u00f3s pedido do Minist\u00e9rio P\u00fablico Federal de afastamento do sigilo banc\u00e1rio de investigado, reconheceu a ilegalidade da inclus\u00e3o de Relat\u00f3rio Financeiro elaborado pelo Conselho de Controle de Atividades Financeiras (COAF) em inqu\u00e9rito que investiga lavagem de dinheiro. O magistrado respons\u00e1vel Massimo Palazzolo destacou a imprescindibilidade de autoriza\u00e7\u00e3o judicial pr\u00e9via para a obten\u00e7\u00e3o desse documento.\u00a0\" \/>\n<meta property=\"og:url\" content=\"https:\/\/www.siqueiracastro.com.br\/noticias\/justica-federal-de-sao-paulo-reconhece-ilegalidade-em-juntada-de-relatorio-do-coaf-sem-autorizacao-judicial\/\" \/>\n<meta property=\"og:site_name\" content=\"Not\u00edcias | Siqueira Castro\" \/>\n<meta property=\"article:publisher\" content=\"https:\/\/www.facebook.com\/siqueiracastro.advogados\" \/>\n<meta property=\"article:published_time\" content=\"2023-11-08T12:09:52+00:00\" \/>\n<meta property=\"article:modified_time\" content=\"2023-11-08T12:09:53+00:00\" \/>\n<meta property=\"og:image\" content=\"https:\/\/www.siqueiracastro.com.br\/noticias\/wp-content\/uploads\/11\/Justica-Federal-de-Sao-Paulo-reconhece-ilegalidade-em-juntada-de-relatorio-do-COAF-sem-autorizacao-judicial-1024x453.jpg\" \/>\n<meta name=\"author\" content=\"Annie Pereira Andrade\" \/>\n<meta name=\"twitter:card\" content=\"summary_large_image\" \/>\n<meta name=\"twitter:creator\" content=\"@_SiqueiraCastro\" \/>\n<meta name=\"twitter:site\" content=\"@_SiqueiraCastro\" \/>\n<meta name=\"twitter:label1\" content=\"Escrito por\" \/>\n\t<meta name=\"twitter:data1\" content=\"Annie Pereira Andrade\" \/>\n\t<meta name=\"twitter:label2\" content=\"Est. tempo de leitura\" \/>\n\t<meta name=\"twitter:data2\" content=\"3 minutos\" \/>\n<script type=\"application\/ld+json\" class=\"yoast-schema-graph\">{\"@context\":\"https:\\\/\\\/schema.org\",\"@graph\":[{\"@type\":\"Article\",\"@id\":\"https:\\\/\\\/www.siqueiracastro.com.br\\\/noticias\\\/justica-federal-de-sao-paulo-reconhece-ilegalidade-em-juntada-de-relatorio-do-coaf-sem-autorizacao-judicial\\\/#article\",\"isPartOf\":{\"@id\":\"https:\\\/\\\/www.siqueiracastro.com.br\\\/noticias\\\/justica-federal-de-sao-paulo-reconhece-ilegalidade-em-juntada-de-relatorio-do-coaf-sem-autorizacao-judicial\\\/\"},\"author\":{\"name\":\"Annie Pereira Andrade\",\"@id\":\"https:\\\/\\\/www.siqueiracastro.com.br\\\/noticias\\\/#\\\/schema\\\/person\\\/b3ad81cd2d679684cb660d7048070c31\"},\"headline\":\"Justi\u00e7a Federal de S\u00e3o Paulo reconhece ilegalidade em juntada de relat\u00f3rio do COAF sem autoriza\u00e7\u00e3o judicial\u00a0\",\"datePublished\":\"2023-11-08T12:09:52+00:00\",\"dateModified\":\"2023-11-08T12:09:53+00:00\",\"mainEntityOfPage\":{\"@id\":\"https:\\\/\\\/www.siqueiracastro.com.br\\\/noticias\\\/justica-federal-de-sao-paulo-reconhece-ilegalidade-em-juntada-de-relatorio-do-coaf-sem-autorizacao-judicial\\\/\"},\"wordCount\":417,\"commentCount\":0,\"publisher\":{\"@id\":\"https:\\\/\\\/www.siqueiracastro.com.br\\\/noticias\\\/#organization\"},\"image\":{\"@id\":\"https:\\\/\\\/www.siqueiracastro.com.br\\\/noticias\\\/justica-federal-de-sao-paulo-reconhece-ilegalidade-em-juntada-de-relatorio-do-coaf-sem-autorizacao-judicial\\\/#primaryimage\"},\"thumbnailUrl\":\"https:\\\/\\\/www.siqueiracastro.com.br\\\/noticias\\\/wp-content\\\/uploads\\\/11\\\/Justica-Federal-de-Sao-Paulo-reconhece-ilegalidade-em-juntada-de-relatorio-do-COAF-sem-autorizacao-judicial-1024x453.jpg\",\"keywords\":[\"Penal Empresarial\"],\"articleSection\":[\"Informativos\"],\"inLanguage\":\"pt-BR\",\"potentialAction\":[{\"@type\":\"CommentAction\",\"name\":\"Comment\",\"target\":[\"https:\\\/\\\/www.siqueiracastro.com.br\\\/noticias\\\/justica-federal-de-sao-paulo-reconhece-ilegalidade-em-juntada-de-relatorio-do-coaf-sem-autorizacao-judicial\\\/#respond\"]}]},{\"@type\":\"WebPage\",\"@id\":\"https:\\\/\\\/www.siqueiracastro.com.br\\\/noticias\\\/justica-federal-de-sao-paulo-reconhece-ilegalidade-em-juntada-de-relatorio-do-coaf-sem-autorizacao-judicial\\\/\",\"url\":\"https:\\\/\\\/www.siqueiracastro.com.br\\\/noticias\\\/justica-federal-de-sao-paulo-reconhece-ilegalidade-em-juntada-de-relatorio-do-coaf-sem-autorizacao-judicial\\\/\",\"name\":\"Justi\u00e7a Federal de S\u00e3o Paulo reconhece ilegalidade em juntada de relat\u00f3rio do COAF sem autoriza\u00e7\u00e3o judicial\u00a0 - Not\u00edcias | Siqueira Castro\",\"isPartOf\":{\"@id\":\"https:\\\/\\\/www.siqueiracastro.com.br\\\/noticias\\\/#website\"},\"primaryImageOfPage\":{\"@id\":\"https:\\\/\\\/www.siqueiracastro.com.br\\\/noticias\\\/justica-federal-de-sao-paulo-reconhece-ilegalidade-em-juntada-de-relatorio-do-coaf-sem-autorizacao-judicial\\\/#primaryimage\"},\"image\":{\"@id\":\"https:\\\/\\\/www.siqueiracastro.com.br\\\/noticias\\\/justica-federal-de-sao-paulo-reconhece-ilegalidade-em-juntada-de-relatorio-do-coaf-sem-autorizacao-judicial\\\/#primaryimage\"},\"thumbnailUrl\":\"https:\\\/\\\/www.siqueiracastro.com.br\\\/noticias\\\/wp-content\\\/uploads\\\/11\\\/Justica-Federal-de-Sao-Paulo-reconhece-ilegalidade-em-juntada-de-relatorio-do-COAF-sem-autorizacao-judicial-1024x453.jpg\",\"datePublished\":\"2023-11-08T12:09:52+00:00\",\"dateModified\":\"2023-11-08T12:09:53+00:00\",\"description\":\"O ju\u00edzo da 4\u00aa Vara Criminal Federal de S\u00e3o Paulo, em decis\u00e3o proferida ap\u00f3s pedido do Minist\u00e9rio P\u00fablico Federal de afastamento do sigilo banc\u00e1rio de investigado, reconheceu a ilegalidade da inclus\u00e3o de Relat\u00f3rio Financeiro elaborado pelo Conselho de Controle de Atividades Financeiras (COAF) em inqu\u00e9rito que investiga lavagem de dinheiro. O magistrado respons\u00e1vel Massimo Palazzolo destacou a imprescindibilidade de autoriza\u00e7\u00e3o judicial pr\u00e9via para a obten\u00e7\u00e3o desse documento.\u00a0\",\"breadcrumb\":{\"@id\":\"https:\\\/\\\/www.siqueiracastro.com.br\\\/noticias\\\/justica-federal-de-sao-paulo-reconhece-ilegalidade-em-juntada-de-relatorio-do-coaf-sem-autorizacao-judicial\\\/#breadcrumb\"},\"inLanguage\":\"pt-BR\",\"potentialAction\":[{\"@type\":\"ReadAction\",\"target\":[\"https:\\\/\\\/www.siqueiracastro.com.br\\\/noticias\\\/justica-federal-de-sao-paulo-reconhece-ilegalidade-em-juntada-de-relatorio-do-coaf-sem-autorizacao-judicial\\\/\"]}]},{\"@type\":\"ImageObject\",\"inLanguage\":\"pt-BR\",\"@id\":\"https:\\\/\\\/www.siqueiracastro.com.br\\\/noticias\\\/justica-federal-de-sao-paulo-reconhece-ilegalidade-em-juntada-de-relatorio-do-coaf-sem-autorizacao-judicial\\\/#primaryimage\",\"url\":\"https:\\\/\\\/www.siqueiracastro.com.br\\\/noticias\\\/wp-content\\\/uploads\\\/11\\\/Justica-Federal-de-Sao-Paulo-reconhece-ilegalidade-em-juntada-de-relatorio-do-COAF-sem-autorizacao-judicial.jpg\",\"contentUrl\":\"https:\\\/\\\/www.siqueiracastro.com.br\\\/noticias\\\/wp-content\\\/uploads\\\/11\\\/Justica-Federal-de-Sao-Paulo-reconhece-ilegalidade-em-juntada-de-relatorio-do-COAF-sem-autorizacao-judicial.jpg\",\"width\":1280,\"height\":566},{\"@type\":\"BreadcrumbList\",\"@id\":\"https:\\\/\\\/www.siqueiracastro.com.br\\\/noticias\\\/justica-federal-de-sao-paulo-reconhece-ilegalidade-em-juntada-de-relatorio-do-coaf-sem-autorizacao-judicial\\\/#breadcrumb\",\"itemListElement\":[{\"@type\":\"ListItem\",\"position\":1,\"name\":\"In\u00edcio\",\"item\":\"https:\\\/\\\/www.siqueiracastro.com.br\\\/noticias\\\/\"},{\"@type\":\"ListItem\",\"position\":2,\"name\":\"Justi\u00e7a Federal de S\u00e3o Paulo reconhece ilegalidade em juntada de relat\u00f3rio do COAF sem autoriza\u00e7\u00e3o judicial\u00a0\"}]},{\"@type\":\"WebSite\",\"@id\":\"https:\\\/\\\/www.siqueiracastro.com.br\\\/noticias\\\/#website\",\"url\":\"https:\\\/\\\/www.siqueiracastro.com.br\\\/noticias\\\/\",\"name\":\"Not\u00edcias | Siqueira Castro\",\"description\":\"Not\u00edcias Siqueira Castro\",\"publisher\":{\"@id\":\"https:\\\/\\\/www.siqueiracastro.com.br\\\/noticias\\\/#organization\"},\"potentialAction\":[{\"@type\":\"SearchAction\",\"target\":{\"@type\":\"EntryPoint\",\"urlTemplate\":\"https:\\\/\\\/www.siqueiracastro.com.br\\\/noticias\\\/?s={search_term_string}\"},\"query-input\":{\"@type\":\"PropertyValueSpecification\",\"valueRequired\":true,\"valueName\":\"search_term_string\"}}],\"inLanguage\":\"pt-BR\"},{\"@type\":\"Organization\",\"@id\":\"https:\\\/\\\/www.siqueiracastro.com.br\\\/noticias\\\/#organization\",\"name\":\"Not\u00edcias | Siqueira Castro\",\"url\":\"https:\\\/\\\/www.siqueiracastro.com.br\\\/noticias\\\/\",\"logo\":{\"@type\":\"ImageObject\",\"inLanguage\":\"pt-BR\",\"@id\":\"https:\\\/\\\/www.siqueiracastro.com.br\\\/noticias\\\/#\\\/schema\\\/logo\\\/image\\\/\",\"url\":\"https:\\\/\\\/www.siqueiracastro.com.br\\\/noticias\\\/wp-content\\\/uploads\\\/04\\\/logo-sca-mobile.png\",\"contentUrl\":\"https:\\\/\\\/www.siqueiracastro.com.br\\\/noticias\\\/wp-content\\\/uploads\\\/04\\\/logo-sca-mobile.png\",\"width\":286,\"height\":70,\"caption\":\"Not\u00edcias | Siqueira Castro\"},\"image\":{\"@id\":\"https:\\\/\\\/www.siqueiracastro.com.br\\\/noticias\\\/#\\\/schema\\\/logo\\\/image\\\/\"},\"sameAs\":[\"https:\\\/\\\/www.facebook.com\\\/siqueiracastro.advogados\",\"https:\\\/\\\/x.com\\\/_SiqueiraCastro\"]},{\"@type\":\"Person\",\"@id\":\"https:\\\/\\\/www.siqueiracastro.com.br\\\/noticias\\\/#\\\/schema\\\/person\\\/b3ad81cd2d679684cb660d7048070c31\",\"name\":\"Annie Pereira Andrade\",\"image\":{\"@type\":\"ImageObject\",\"inLanguage\":\"pt-BR\",\"@id\":\"https:\\\/\\\/www.siqueiracastro.com.br\\\/noticias\\\/wp-content\\\/litespeed\\\/avatar\\\/ea8ff2f7d87cd5ad3a1cb5e87cd025b6.jpg?ver=1776956466\",\"url\":\"https:\\\/\\\/www.siqueiracastro.com.br\\\/noticias\\\/wp-content\\\/litespeed\\\/avatar\\\/ea8ff2f7d87cd5ad3a1cb5e87cd025b6.jpg?ver=1776956466\",\"contentUrl\":\"https:\\\/\\\/www.siqueiracastro.com.br\\\/noticias\\\/wp-content\\\/litespeed\\\/avatar\\\/ea8ff2f7d87cd5ad3a1cb5e87cd025b6.jpg?ver=1776956466\",\"caption\":\"Annie Pereira Andrade\"},\"url\":\"https:\\\/\\\/www.siqueiracastro.com.br\\\/noticias\\\/author\\\/annie\\\/\"}]}<\/script>\n<!-- \/ Yoast SEO plugin. -->","yoast_head_json":{"title":"Justi\u00e7a Federal de S\u00e3o Paulo reconhece ilegalidade em juntada de relat\u00f3rio do COAF sem autoriza\u00e7\u00e3o judicial\u00a0 - Not\u00edcias | Siqueira Castro","description":"O ju\u00edzo da 4\u00aa Vara Criminal Federal de S\u00e3o Paulo, em decis\u00e3o proferida ap\u00f3s pedido do Minist\u00e9rio P\u00fablico Federal de afastamento do sigilo banc\u00e1rio de investigado, reconheceu a ilegalidade da inclus\u00e3o de Relat\u00f3rio Financeiro elaborado pelo Conselho de Controle de Atividades Financeiras (COAF) em inqu\u00e9rito que investiga lavagem de dinheiro. O magistrado respons\u00e1vel Massimo Palazzolo destacou a imprescindibilidade de autoriza\u00e7\u00e3o judicial pr\u00e9via para a obten\u00e7\u00e3o desse documento.\u00a0","robots":{"index":"index","follow":"follow","max-snippet":"max-snippet:-1","max-image-preview":"max-image-preview:large","max-video-preview":"max-video-preview:-1"},"canonical":"https:\/\/www.siqueiracastro.com.br\/noticias\/justica-federal-de-sao-paulo-reconhece-ilegalidade-em-juntada-de-relatorio-do-coaf-sem-autorizacao-judicial\/","og_locale":"pt_BR","og_type":"article","og_title":"Justi\u00e7a Federal de S\u00e3o Paulo reconhece ilegalidade em juntada de relat\u00f3rio do COAF sem autoriza\u00e7\u00e3o judicial\u00a0 - Not\u00edcias | Siqueira Castro","og_description":"O ju\u00edzo da 4\u00aa Vara Criminal Federal de S\u00e3o Paulo, em decis\u00e3o proferida ap\u00f3s pedido do Minist\u00e9rio P\u00fablico Federal de afastamento do sigilo banc\u00e1rio de investigado, reconheceu a ilegalidade da inclus\u00e3o de Relat\u00f3rio Financeiro elaborado pelo Conselho de Controle de Atividades Financeiras (COAF) em inqu\u00e9rito que investiga lavagem de dinheiro. O magistrado respons\u00e1vel Massimo Palazzolo destacou a imprescindibilidade de autoriza\u00e7\u00e3o judicial pr\u00e9via para a obten\u00e7\u00e3o desse documento.\u00a0","og_url":"https:\/\/www.siqueiracastro.com.br\/noticias\/justica-federal-de-sao-paulo-reconhece-ilegalidade-em-juntada-de-relatorio-do-coaf-sem-autorizacao-judicial\/","og_site_name":"Not\u00edcias | Siqueira Castro","article_publisher":"https:\/\/www.facebook.com\/siqueiracastro.advogados","article_published_time":"2023-11-08T12:09:52+00:00","article_modified_time":"2023-11-08T12:09:53+00:00","og_image":[{"url":"https:\/\/www.siqueiracastro.com.br\/noticias\/wp-content\/uploads\/11\/Justica-Federal-de-Sao-Paulo-reconhece-ilegalidade-em-juntada-de-relatorio-do-COAF-sem-autorizacao-judicial-1024x453.jpg","type":"","width":"","height":""}],"author":"Annie Pereira Andrade","twitter_card":"summary_large_image","twitter_creator":"@_SiqueiraCastro","twitter_site":"@_SiqueiraCastro","twitter_misc":{"Escrito por":"Annie Pereira Andrade","Est. tempo de leitura":"3 minutos"},"schema":{"@context":"https:\/\/schema.org","@graph":[{"@type":"Article","@id":"https:\/\/www.siqueiracastro.com.br\/noticias\/justica-federal-de-sao-paulo-reconhece-ilegalidade-em-juntada-de-relatorio-do-coaf-sem-autorizacao-judicial\/#article","isPartOf":{"@id":"https:\/\/www.siqueiracastro.com.br\/noticias\/justica-federal-de-sao-paulo-reconhece-ilegalidade-em-juntada-de-relatorio-do-coaf-sem-autorizacao-judicial\/"},"author":{"name":"Annie Pereira Andrade","@id":"https:\/\/www.siqueiracastro.com.br\/noticias\/#\/schema\/person\/b3ad81cd2d679684cb660d7048070c31"},"headline":"Justi\u00e7a Federal de S\u00e3o Paulo reconhece ilegalidade em juntada de relat\u00f3rio do COAF sem autoriza\u00e7\u00e3o judicial\u00a0","datePublished":"2023-11-08T12:09:52+00:00","dateModified":"2023-11-08T12:09:53+00:00","mainEntityOfPage":{"@id":"https:\/\/www.siqueiracastro.com.br\/noticias\/justica-federal-de-sao-paulo-reconhece-ilegalidade-em-juntada-de-relatorio-do-coaf-sem-autorizacao-judicial\/"},"wordCount":417,"commentCount":0,"publisher":{"@id":"https:\/\/www.siqueiracastro.com.br\/noticias\/#organization"},"image":{"@id":"https:\/\/www.siqueiracastro.com.br\/noticias\/justica-federal-de-sao-paulo-reconhece-ilegalidade-em-juntada-de-relatorio-do-coaf-sem-autorizacao-judicial\/#primaryimage"},"thumbnailUrl":"https:\/\/www.siqueiracastro.com.br\/noticias\/wp-content\/uploads\/11\/Justica-Federal-de-Sao-Paulo-reconhece-ilegalidade-em-juntada-de-relatorio-do-COAF-sem-autorizacao-judicial-1024x453.jpg","keywords":["Penal Empresarial"],"articleSection":["Informativos"],"inLanguage":"pt-BR","potentialAction":[{"@type":"CommentAction","name":"Comment","target":["https:\/\/www.siqueiracastro.com.br\/noticias\/justica-federal-de-sao-paulo-reconhece-ilegalidade-em-juntada-de-relatorio-do-coaf-sem-autorizacao-judicial\/#respond"]}]},{"@type":"WebPage","@id":"https:\/\/www.siqueiracastro.com.br\/noticias\/justica-federal-de-sao-paulo-reconhece-ilegalidade-em-juntada-de-relatorio-do-coaf-sem-autorizacao-judicial\/","url":"https:\/\/www.siqueiracastro.com.br\/noticias\/justica-federal-de-sao-paulo-reconhece-ilegalidade-em-juntada-de-relatorio-do-coaf-sem-autorizacao-judicial\/","name":"Justi\u00e7a Federal de S\u00e3o Paulo reconhece ilegalidade em juntada de relat\u00f3rio do COAF sem autoriza\u00e7\u00e3o judicial\u00a0 - Not\u00edcias | Siqueira Castro","isPartOf":{"@id":"https:\/\/www.siqueiracastro.com.br\/noticias\/#website"},"primaryImageOfPage":{"@id":"https:\/\/www.siqueiracastro.com.br\/noticias\/justica-federal-de-sao-paulo-reconhece-ilegalidade-em-juntada-de-relatorio-do-coaf-sem-autorizacao-judicial\/#primaryimage"},"image":{"@id":"https:\/\/www.siqueiracastro.com.br\/noticias\/justica-federal-de-sao-paulo-reconhece-ilegalidade-em-juntada-de-relatorio-do-coaf-sem-autorizacao-judicial\/#primaryimage"},"thumbnailUrl":"https:\/\/www.siqueiracastro.com.br\/noticias\/wp-content\/uploads\/11\/Justica-Federal-de-Sao-Paulo-reconhece-ilegalidade-em-juntada-de-relatorio-do-COAF-sem-autorizacao-judicial-1024x453.jpg","datePublished":"2023-11-08T12:09:52+00:00","dateModified":"2023-11-08T12:09:53+00:00","description":"O ju\u00edzo da 4\u00aa Vara Criminal Federal de S\u00e3o Paulo, em decis\u00e3o proferida ap\u00f3s pedido do Minist\u00e9rio P\u00fablico Federal de afastamento do sigilo banc\u00e1rio de investigado, reconheceu a ilegalidade da inclus\u00e3o de Relat\u00f3rio Financeiro elaborado pelo Conselho de Controle de Atividades Financeiras (COAF) em inqu\u00e9rito que investiga lavagem de dinheiro. O magistrado respons\u00e1vel Massimo Palazzolo destacou a imprescindibilidade de autoriza\u00e7\u00e3o judicial pr\u00e9via para a obten\u00e7\u00e3o desse documento.\u00a0","breadcrumb":{"@id":"https:\/\/www.siqueiracastro.com.br\/noticias\/justica-federal-de-sao-paulo-reconhece-ilegalidade-em-juntada-de-relatorio-do-coaf-sem-autorizacao-judicial\/#breadcrumb"},"inLanguage":"pt-BR","potentialAction":[{"@type":"ReadAction","target":["https:\/\/www.siqueiracastro.com.br\/noticias\/justica-federal-de-sao-paulo-reconhece-ilegalidade-em-juntada-de-relatorio-do-coaf-sem-autorizacao-judicial\/"]}]},{"@type":"ImageObject","inLanguage":"pt-BR","@id":"https:\/\/www.siqueiracastro.com.br\/noticias\/justica-federal-de-sao-paulo-reconhece-ilegalidade-em-juntada-de-relatorio-do-coaf-sem-autorizacao-judicial\/#primaryimage","url":"https:\/\/www.siqueiracastro.com.br\/noticias\/wp-content\/uploads\/11\/Justica-Federal-de-Sao-Paulo-reconhece-ilegalidade-em-juntada-de-relatorio-do-COAF-sem-autorizacao-judicial.jpg","contentUrl":"https:\/\/www.siqueiracastro.com.br\/noticias\/wp-content\/uploads\/11\/Justica-Federal-de-Sao-Paulo-reconhece-ilegalidade-em-juntada-de-relatorio-do-COAF-sem-autorizacao-judicial.jpg","width":1280,"height":566},{"@type":"BreadcrumbList","@id":"https:\/\/www.siqueiracastro.com.br\/noticias\/justica-federal-de-sao-paulo-reconhece-ilegalidade-em-juntada-de-relatorio-do-coaf-sem-autorizacao-judicial\/#breadcrumb","itemListElement":[{"@type":"ListItem","position":1,"name":"In\u00edcio","item":"https:\/\/www.siqueiracastro.com.br\/noticias\/"},{"@type":"ListItem","position":2,"name":"Justi\u00e7a Federal de S\u00e3o Paulo reconhece ilegalidade em juntada de relat\u00f3rio do COAF sem autoriza\u00e7\u00e3o judicial\u00a0"}]},{"@type":"WebSite","@id":"https:\/\/www.siqueiracastro.com.br\/noticias\/#website","url":"https:\/\/www.siqueiracastro.com.br\/noticias\/","name":"Not\u00edcias | Siqueira Castro","description":"Not\u00edcias Siqueira Castro","publisher":{"@id":"https:\/\/www.siqueiracastro.com.br\/noticias\/#organization"},"potentialAction":[{"@type":"SearchAction","target":{"@type":"EntryPoint","urlTemplate":"https:\/\/www.siqueiracastro.com.br\/noticias\/?s={search_term_string}"},"query-input":{"@type":"PropertyValueSpecification","valueRequired":true,"valueName":"search_term_string"}}],"inLanguage":"pt-BR"},{"@type":"Organization","@id":"https:\/\/www.siqueiracastro.com.br\/noticias\/#organization","name":"Not\u00edcias | Siqueira Castro","url":"https:\/\/www.siqueiracastro.com.br\/noticias\/","logo":{"@type":"ImageObject","inLanguage":"pt-BR","@id":"https:\/\/www.siqueiracastro.com.br\/noticias\/#\/schema\/logo\/image\/","url":"https:\/\/www.siqueiracastro.com.br\/noticias\/wp-content\/uploads\/04\/logo-sca-mobile.png","contentUrl":"https:\/\/www.siqueiracastro.com.br\/noticias\/wp-content\/uploads\/04\/logo-sca-mobile.png","width":286,"height":70,"caption":"Not\u00edcias | Siqueira Castro"},"image":{"@id":"https:\/\/www.siqueiracastro.com.br\/noticias\/#\/schema\/logo\/image\/"},"sameAs":["https:\/\/www.facebook.com\/siqueiracastro.advogados","https:\/\/x.com\/_SiqueiraCastro"]},{"@type":"Person","@id":"https:\/\/www.siqueiracastro.com.br\/noticias\/#\/schema\/person\/b3ad81cd2d679684cb660d7048070c31","name":"Annie Pereira Andrade","image":{"@type":"ImageObject","inLanguage":"pt-BR","@id":"https:\/\/www.siqueiracastro.com.br\/noticias\/wp-content\/litespeed\/avatar\/ea8ff2f7d87cd5ad3a1cb5e87cd025b6.jpg?ver=1776956466","url":"https:\/\/www.siqueiracastro.com.br\/noticias\/wp-content\/litespeed\/avatar\/ea8ff2f7d87cd5ad3a1cb5e87cd025b6.jpg?ver=1776956466","contentUrl":"https:\/\/www.siqueiracastro.com.br\/noticias\/wp-content\/litespeed\/avatar\/ea8ff2f7d87cd5ad3a1cb5e87cd025b6.jpg?ver=1776956466","caption":"Annie Pereira Andrade"},"url":"https:\/\/www.siqueiracastro.com.br\/noticias\/author\/annie\/"}]}},"_links":{"self":[{"href":"https:\/\/www.siqueiracastro.com.br\/noticias\/wp-json\/wp\/v2\/posts\/37688","targetHints":{"allow":["GET"]}}],"collection":[{"href":"https:\/\/www.siqueiracastro.com.br\/noticias\/wp-json\/wp\/v2\/posts"}],"about":[{"href":"https:\/\/www.siqueiracastro.com.br\/noticias\/wp-json\/wp\/v2\/types\/post"}],"author":[{"embeddable":true,"href":"https:\/\/www.siqueiracastro.com.br\/noticias\/wp-json\/wp\/v2\/users\/13"}],"replies":[{"embeddable":true,"href":"https:\/\/www.siqueiracastro.com.br\/noticias\/wp-json\/wp\/v2\/comments?post=37688"}],"version-history":[{"count":1,"href":"https:\/\/www.siqueiracastro.com.br\/noticias\/wp-json\/wp\/v2\/posts\/37688\/revisions"}],"predecessor-version":[{"id":37689,"href":"https:\/\/www.siqueiracastro.com.br\/noticias\/wp-json\/wp\/v2\/posts\/37688\/revisions\/37689"}],"wp:attachment":[{"href":"https:\/\/www.siqueiracastro.com.br\/noticias\/wp-json\/wp\/v2\/media?parent=37688"}],"wp:term":[{"taxonomy":"category","embeddable":true,"href":"https:\/\/www.siqueiracastro.com.br\/noticias\/wp-json\/wp\/v2\/categories?post=37688"},{"taxonomy":"post_tag","embeddable":true,"href":"https:\/\/www.siqueiracastro.com.br\/noticias\/wp-json\/wp\/v2\/tags?post=37688"}],"curies":[{"name":"wp","href":"https:\/\/api.w.org\/{rel}","templated":true}]}}