{"id":37959,"date":"2024-01-04T15:55:33","date_gmt":"2024-01-04T18:55:33","guid":{"rendered":"https:\/\/www.siqueiracastro.com.br\/noticias\/?p=37959"},"modified":"2024-01-04T15:55:35","modified_gmt":"2024-01-04T18:55:35","slug":"stj-novo-pedido-de-precatorio-ou-rpv-cancelados-prescreve-em-5-anos","status":"publish","type":"post","link":"https:\/\/www.siqueiracastro.com.br\/noticias\/stj-novo-pedido-de-precatorio-ou-rpv-cancelados-prescreve-em-5-anos\/","title":{"rendered":"STJ: Novo pedido de precat\u00f3rio ou RPV cancelados prescreve em 5 anos\u00a0"},"content":{"rendered":"\n<p>Em julgamento de recursos\u202frepetitivos\u202f(Tema 1.141), a 1a\u202fse\u00e7\u00e3o do STJ estabeleceu a tese de que a pretens\u00e3o de expedi\u00e7\u00e3o de novo\u202fprecat\u00f3rio\u202fou de RPV &#8211; requisi\u00e7\u00e3o de pequeno valor, com base nos arts. 2\u00ba e 3\u00ba da\u202flei 13.463\/17, est\u00e1 sujeita ao prazo prescricional de cinco anos previsto no art. 1\u00ba do\u202fdecreto 20.910\/32. De acordo com o colegiado, o marco\u202finicial\u202fda contagem do prazo \u00e9 a notifica\u00e7\u00e3o do credor, nos termos do art. 2\u00ba, par\u00e1grafo 4\u00ba, da lei 13.463\/17.\u00a0<\/p>\n\n\n\n<figure class=\"wp-block-image size-full is-resized\"><img loading=\"lazy\" decoding=\"async\" width=\"900\" height=\"506\" src=\"https:\/\/www.siqueiracastro.com.br\/noticias\/wp-content\/uploads\/01\/Novo-pedido-de-precatorio-ou-RPV-cancelados-prescreve-em-5-anos.jpg\" alt=\"\" class=\"wp-image-37960\" style=\"aspect-ratio:1.7786561264822134;width:640px;height:auto\" srcset=\"https:\/\/www.siqueiracastro.com.br\/noticias\/wp-content\/uploads\/01\/Novo-pedido-de-precatorio-ou-RPV-cancelados-prescreve-em-5-anos.jpg 900w, https:\/\/www.siqueiracastro.com.br\/noticias\/wp-content\/uploads\/01\/Novo-pedido-de-precatorio-ou-RPV-cancelados-prescreve-em-5-anos-300x169.jpg 300w, https:\/\/www.siqueiracastro.com.br\/noticias\/wp-content\/uploads\/01\/Novo-pedido-de-precatorio-ou-RPV-cancelados-prescreve-em-5-anos-768x432.jpg 768w\" sizes=\"auto, (max-width: 900px) 100vw, 900px\" \/><\/figure>\n\n\n\n<p>Com a fixa\u00e7\u00e3o do entendimento, poder\u00e3o voltar a tramitar os processos individuais e coletivos, em 2a inst\u00e2ncia ou no STJ, nos quais havia sido interposto\u202frecurso especial\u202fou\u202fagravo em recurso especial\u202fcom a mesma quest\u00e3o jur\u00eddica. As a\u00e7\u00f5es estavam suspensas, por determina\u00e7\u00e3o do STJ, at\u00e9 a defini\u00e7\u00e3o do precedente qualificado.&nbsp;<\/p>\n\n\n\n<p>A Relatora dos\u202frecursos especiais repetitivos, Ministra Assusete Magalh\u00e3es lembrou que, ap\u00f3s a afeta\u00e7\u00e3o do Tema 1.141 pela 1a se\u00e7\u00e3o, o STF, na\u202fADI 5.755, declarou a inconstitucionalidade material do art. 2\u00ba,\u202fcaput\u202fe par\u00e1grafo 1\u00ba, da lei 13.463\/17. Contudo, a ministra explicou que esse julgamento n\u00e3o prejudica a an\u00e1lise do tema\u202frepetitivo\u202fdo STJ, porque o STF definiu que a sua decis\u00e3o s\u00f3 produziria efeitos a partir da publica\u00e7\u00e3o (6\/7\/22), mantendo, assim, o cancelamento anterior de in\u00fameros precat\u00f3rios e RPVs: &#8220;<em>Em segundo lugar, o art. 3\u00ba da lei 1<\/em> <em>q3.463\/17 &#8211; que estabelece o direito de requerer a expedi\u00e7\u00e3o de novo of\u00edcio requisit\u00f3rio e constitui o objeto do presente recurso &#8211; n\u00e3o foi impugnado pela ADI 5.755. Por isso, n\u00e3o h\u00e1, no pronunciamento do STF, qualquer defini\u00e7\u00e3o acerca da prescritibilidade desse direito e muito menos a afirma\u00e7\u00e3o de que se trataria de um direito perp\u00e9tuo<\/em>&#8220;.&nbsp;<\/p>\n\n\n\n<p>Apesar de reconhecer diverg\u00eancias entre a Primeira Turma, para a qual n\u00e3o haveria\u202fprescri\u00e7\u00e3o\u202fpara nova solicita\u00e7\u00e3o de expedi\u00e7\u00e3o de\u202fprecat\u00f3rio\u202fou RPV cancelados, e a Segunda Turma, segundo a qual seria aplic\u00e1vel o prazo prescricional, a Mnistra Assusete Magalh\u00e3es destacou que, conforme previsto no art. 1\u00ba do decreto 20.910\/32, est\u00e3o sujeitas ao prazo prescricional de cinco anos as d\u00edvidas do poder p\u00fablico, assim como qualquer direito ou a\u00e7\u00e3o contra a Fazenda Federal, estadual ou municipal.&nbsp;<\/p>\n\n\n\n<p>No entendimento da relatora, a lei 13.463\/17, ao mesmo tempo em que prev\u00ea o cancelamento da requisi\u00e7\u00e3o de pagamento, permite ao credor resguardar o seu direito mediante pedido de expedi\u00e7\u00e3o de nova ordem. Nesse momento, esclareceu a ministra, o credor volta a ter apenas um cr\u00e9dito, &#8220;cuja satisfa\u00e7\u00e3o, evidentemente, depende de presta\u00e7\u00e3o do devedor, isto \u00e9, volta a ter uma pretens\u00e3o&#8221;.&nbsp;<\/p>\n\n\n\n<p>Nesse contexto, Assusete Magalh\u00e3es refor\u00e7ou que, nos termos do\u202fart. 189 do C\u00f3digo Civil, com a viola\u00e7\u00e3o do direito, nasce para seu titular a pretens\u00e3o, a qual se extingue pela\u202fprescri\u00e7\u00e3o. Segundo a posi\u00e7\u00e3o do STJ, o dispositivo do C\u00f3digo Civil \u00e9 aplicado tanto aos casos que envolvem particulares quanto \u00e0s a\u00e7\u00f5es relativas \u00e0 Fazenda P\u00fablica, o que refor\u00e7a o entendimento de que incide o prazo prescricional quinquenal aos novos pedidos de precat\u00f3rios ou RPV cancelados. \u202f&nbsp;<\/p>\n","protected":false},"excerpt":{"rendered":"<p>Em julgamento de recursos\u202frepetitivos\u202f(Tema 1.141), a 1a\u202fse\u00e7\u00e3o do STJ estabeleceu a tese de que a pretens\u00e3o de expedi\u00e7\u00e3o de novo\u202fprecat\u00f3rio\u202fou de RPV &#8211; requisi\u00e7\u00e3o de pequeno valor, com base nos arts. 2\u00ba e 3\u00ba da\u202flei 13.463\/17, est\u00e1 sujeita ao prazo prescricional de cinco anos previsto no art. 1\u00ba do\u202fdecreto 20.910\/32. De acordo com o colegiado, [&hellip;]<\/p>\n","protected":false},"author":13,"featured_media":0,"comment_status":"open","ping_status":"open","sticky":false,"template":"","format":"standard","meta":{"_acf_changed":false,"footnotes":""},"categories":[5],"tags":[261],"class_list":["post-37959","post","type-post","status-publish","format-standard","hentry","category-informativos","tag-contencioso-estrategico-e-arbitragem"],"fields":{"_edit_lock":["1704394740:13"],"tdc_dirty_content":["1"],"tdc_icon_fonts":["a:0:{}"],"tdc_google_fonts":["a:0:{}"],"_edit_last":["13"],"arquivo":[""],"_arquivo":["field_5cd093c67f0aa"],"subtitulo":[""],"_subtitulo":["field_5cc755a87dc0e"],"fonte":[""],"_fonte":["field_5cc73bceda287"],"_yoast_wpseo_primary_category":["5"],"_yoast_wpseo_content_score":["30"],"_yoast_wpseo_estimated-reading-time-minutes":["3"],"post_views_count":["894"]},"acf":[],"yoast_head":"<!-- This site is optimized with the Yoast SEO plugin v27.4 - https:\/\/yoast.com\/product\/yoast-seo-wordpress\/ -->\n<title>STJ: Novo pedido de precat\u00f3rio ou RPV cancelados prescreve em 5 anos\u00a0 - Not\u00edcias | Siqueira Castro<\/title>\n<meta name=\"robots\" content=\"index, follow, max-snippet:-1, max-image-preview:large, max-video-preview:-1\" \/>\n<link rel=\"canonical\" href=\"https:\/\/www.siqueiracastro.com.br\/noticias\/stj-novo-pedido-de-precatorio-ou-rpv-cancelados-prescreve-em-5-anos\/\" \/>\n<meta property=\"og:locale\" content=\"pt_BR\" \/>\n<meta property=\"og:type\" content=\"article\" \/>\n<meta property=\"og:title\" content=\"STJ: Novo pedido de precat\u00f3rio ou RPV cancelados prescreve em 5 anos\u00a0 - Not\u00edcias | Siqueira Castro\" \/>\n<meta property=\"og:description\" content=\"Em julgamento de recursos\u202frepetitivos\u202f(Tema 1.141), a 1a\u202fse\u00e7\u00e3o do STJ estabeleceu a tese de que a pretens\u00e3o de expedi\u00e7\u00e3o de novo\u202fprecat\u00f3rio\u202fou de RPV &#8211; requisi\u00e7\u00e3o de pequeno valor, com base nos arts. 2\u00ba e 3\u00ba da\u202flei 13.463\/17, est\u00e1 sujeita ao prazo prescricional de cinco anos previsto no art. 1\u00ba do\u202fdecreto 20.910\/32. De acordo com o colegiado, [&hellip;]\" \/>\n<meta property=\"og:url\" content=\"https:\/\/www.siqueiracastro.com.br\/noticias\/stj-novo-pedido-de-precatorio-ou-rpv-cancelados-prescreve-em-5-anos\/\" \/>\n<meta property=\"og:site_name\" content=\"Not\u00edcias | Siqueira Castro\" \/>\n<meta property=\"article:publisher\" content=\"https:\/\/www.facebook.com\/siqueiracastro.advogados\" \/>\n<meta property=\"article:published_time\" content=\"2024-01-04T18:55:33+00:00\" \/>\n<meta property=\"article:modified_time\" content=\"2024-01-04T18:55:35+00:00\" \/>\n<meta property=\"og:image\" content=\"https:\/\/www.siqueiracastro.com.br\/noticias\/wp-content\/uploads\/01\/Novo-pedido-de-precatorio-ou-RPV-cancelados-prescreve-em-5-anos.jpg\" \/>\n<meta name=\"author\" content=\"Annie Pereira Andrade\" \/>\n<meta name=\"twitter:card\" content=\"summary_large_image\" \/>\n<meta name=\"twitter:creator\" content=\"@_SiqueiraCastro\" \/>\n<meta name=\"twitter:site\" content=\"@_SiqueiraCastro\" \/>\n<meta name=\"twitter:label1\" content=\"Escrito por\" \/>\n\t<meta name=\"twitter:data1\" content=\"Annie Pereira Andrade\" \/>\n\t<meta name=\"twitter:label2\" content=\"Est. tempo de leitura\" \/>\n\t<meta name=\"twitter:data2\" content=\"3 minutos\" \/>\n<script type=\"application\/ld+json\" class=\"yoast-schema-graph\">{\"@context\":\"https:\\\/\\\/schema.org\",\"@graph\":[{\"@type\":\"Article\",\"@id\":\"https:\\\/\\\/www.siqueiracastro.com.br\\\/noticias\\\/stj-novo-pedido-de-precatorio-ou-rpv-cancelados-prescreve-em-5-anos\\\/#article\",\"isPartOf\":{\"@id\":\"https:\\\/\\\/www.siqueiracastro.com.br\\\/noticias\\\/stj-novo-pedido-de-precatorio-ou-rpv-cancelados-prescreve-em-5-anos\\\/\"},\"author\":{\"name\":\"Annie Pereira Andrade\",\"@id\":\"https:\\\/\\\/www.siqueiracastro.com.br\\\/noticias\\\/#\\\/schema\\\/person\\\/b3ad81cd2d679684cb660d7048070c31\"},\"headline\":\"STJ: Novo pedido de precat\u00f3rio ou RPV cancelados prescreve em 5 anos\u00a0\",\"datePublished\":\"2024-01-04T18:55:33+00:00\",\"dateModified\":\"2024-01-04T18:55:35+00:00\",\"mainEntityOfPage\":{\"@id\":\"https:\\\/\\\/www.siqueiracastro.com.br\\\/noticias\\\/stj-novo-pedido-de-precatorio-ou-rpv-cancelados-prescreve-em-5-anos\\\/\"},\"wordCount\":549,\"commentCount\":0,\"publisher\":{\"@id\":\"https:\\\/\\\/www.siqueiracastro.com.br\\\/noticias\\\/#organization\"},\"image\":{\"@id\":\"https:\\\/\\\/www.siqueiracastro.com.br\\\/noticias\\\/stj-novo-pedido-de-precatorio-ou-rpv-cancelados-prescreve-em-5-anos\\\/#primaryimage\"},\"thumbnailUrl\":\"https:\\\/\\\/www.siqueiracastro.com.br\\\/noticias\\\/wp-content\\\/uploads\\\/01\\\/Novo-pedido-de-precatorio-ou-RPV-cancelados-prescreve-em-5-anos.jpg\",\"keywords\":[\"Contencioso estrat\u00e9gico e arbitragem\"],\"articleSection\":[\"Informativos\"],\"inLanguage\":\"pt-BR\",\"potentialAction\":[{\"@type\":\"CommentAction\",\"name\":\"Comment\",\"target\":[\"https:\\\/\\\/www.siqueiracastro.com.br\\\/noticias\\\/stj-novo-pedido-de-precatorio-ou-rpv-cancelados-prescreve-em-5-anos\\\/#respond\"]}]},{\"@type\":\"WebPage\",\"@id\":\"https:\\\/\\\/www.siqueiracastro.com.br\\\/noticias\\\/stj-novo-pedido-de-precatorio-ou-rpv-cancelados-prescreve-em-5-anos\\\/\",\"url\":\"https:\\\/\\\/www.siqueiracastro.com.br\\\/noticias\\\/stj-novo-pedido-de-precatorio-ou-rpv-cancelados-prescreve-em-5-anos\\\/\",\"name\":\"STJ: Novo pedido de precat\u00f3rio ou RPV cancelados prescreve em 5 anos\u00a0 - Not\u00edcias | Siqueira Castro\",\"isPartOf\":{\"@id\":\"https:\\\/\\\/www.siqueiracastro.com.br\\\/noticias\\\/#website\"},\"primaryImageOfPage\":{\"@id\":\"https:\\\/\\\/www.siqueiracastro.com.br\\\/noticias\\\/stj-novo-pedido-de-precatorio-ou-rpv-cancelados-prescreve-em-5-anos\\\/#primaryimage\"},\"image\":{\"@id\":\"https:\\\/\\\/www.siqueiracastro.com.br\\\/noticias\\\/stj-novo-pedido-de-precatorio-ou-rpv-cancelados-prescreve-em-5-anos\\\/#primaryimage\"},\"thumbnailUrl\":\"https:\\\/\\\/www.siqueiracastro.com.br\\\/noticias\\\/wp-content\\\/uploads\\\/01\\\/Novo-pedido-de-precatorio-ou-RPV-cancelados-prescreve-em-5-anos.jpg\",\"datePublished\":\"2024-01-04T18:55:33+00:00\",\"dateModified\":\"2024-01-04T18:55:35+00:00\",\"breadcrumb\":{\"@id\":\"https:\\\/\\\/www.siqueiracastro.com.br\\\/noticias\\\/stj-novo-pedido-de-precatorio-ou-rpv-cancelados-prescreve-em-5-anos\\\/#breadcrumb\"},\"inLanguage\":\"pt-BR\",\"potentialAction\":[{\"@type\":\"ReadAction\",\"target\":[\"https:\\\/\\\/www.siqueiracastro.com.br\\\/noticias\\\/stj-novo-pedido-de-precatorio-ou-rpv-cancelados-prescreve-em-5-anos\\\/\"]}]},{\"@type\":\"ImageObject\",\"inLanguage\":\"pt-BR\",\"@id\":\"https:\\\/\\\/www.siqueiracastro.com.br\\\/noticias\\\/stj-novo-pedido-de-precatorio-ou-rpv-cancelados-prescreve-em-5-anos\\\/#primaryimage\",\"url\":\"https:\\\/\\\/www.siqueiracastro.com.br\\\/noticias\\\/wp-content\\\/uploads\\\/01\\\/Novo-pedido-de-precatorio-ou-RPV-cancelados-prescreve-em-5-anos.jpg\",\"contentUrl\":\"https:\\\/\\\/www.siqueiracastro.com.br\\\/noticias\\\/wp-content\\\/uploads\\\/01\\\/Novo-pedido-de-precatorio-ou-RPV-cancelados-prescreve-em-5-anos.jpg\",\"width\":900,\"height\":506,\"caption\":\"What Are The 3 Possible Outcomes of An Appeals Court Decision - Alves RadCliffe\"},{\"@type\":\"BreadcrumbList\",\"@id\":\"https:\\\/\\\/www.siqueiracastro.com.br\\\/noticias\\\/stj-novo-pedido-de-precatorio-ou-rpv-cancelados-prescreve-em-5-anos\\\/#breadcrumb\",\"itemListElement\":[{\"@type\":\"ListItem\",\"position\":1,\"name\":\"In\u00edcio\",\"item\":\"https:\\\/\\\/www.siqueiracastro.com.br\\\/noticias\\\/\"},{\"@type\":\"ListItem\",\"position\":2,\"name\":\"STJ: Novo pedido de precat\u00f3rio ou RPV cancelados prescreve em 5 anos\u00a0\"}]},{\"@type\":\"WebSite\",\"@id\":\"https:\\\/\\\/www.siqueiracastro.com.br\\\/noticias\\\/#website\",\"url\":\"https:\\\/\\\/www.siqueiracastro.com.br\\\/noticias\\\/\",\"name\":\"Not\u00edcias | Siqueira Castro\",\"description\":\"Not\u00edcias Siqueira Castro\",\"publisher\":{\"@id\":\"https:\\\/\\\/www.siqueiracastro.com.br\\\/noticias\\\/#organization\"},\"potentialAction\":[{\"@type\":\"SearchAction\",\"target\":{\"@type\":\"EntryPoint\",\"urlTemplate\":\"https:\\\/\\\/www.siqueiracastro.com.br\\\/noticias\\\/?s={search_term_string}\"},\"query-input\":{\"@type\":\"PropertyValueSpecification\",\"valueRequired\":true,\"valueName\":\"search_term_string\"}}],\"inLanguage\":\"pt-BR\"},{\"@type\":\"Organization\",\"@id\":\"https:\\\/\\\/www.siqueiracastro.com.br\\\/noticias\\\/#organization\",\"name\":\"Not\u00edcias | Siqueira Castro\",\"url\":\"https:\\\/\\\/www.siqueiracastro.com.br\\\/noticias\\\/\",\"logo\":{\"@type\":\"ImageObject\",\"inLanguage\":\"pt-BR\",\"@id\":\"https:\\\/\\\/www.siqueiracastro.com.br\\\/noticias\\\/#\\\/schema\\\/logo\\\/image\\\/\",\"url\":\"https:\\\/\\\/www.siqueiracastro.com.br\\\/noticias\\\/wp-content\\\/uploads\\\/04\\\/logo-sca-mobile.png\",\"contentUrl\":\"https:\\\/\\\/www.siqueiracastro.com.br\\\/noticias\\\/wp-content\\\/uploads\\\/04\\\/logo-sca-mobile.png\",\"width\":286,\"height\":70,\"caption\":\"Not\u00edcias | Siqueira Castro\"},\"image\":{\"@id\":\"https:\\\/\\\/www.siqueiracastro.com.br\\\/noticias\\\/#\\\/schema\\\/logo\\\/image\\\/\"},\"sameAs\":[\"https:\\\/\\\/www.facebook.com\\\/siqueiracastro.advogados\",\"https:\\\/\\\/x.com\\\/_SiqueiraCastro\"]},{\"@type\":\"Person\",\"@id\":\"https:\\\/\\\/www.siqueiracastro.com.br\\\/noticias\\\/#\\\/schema\\\/person\\\/b3ad81cd2d679684cb660d7048070c31\",\"name\":\"Annie Pereira Andrade\",\"image\":{\"@type\":\"ImageObject\",\"inLanguage\":\"pt-BR\",\"@id\":\"https:\\\/\\\/www.siqueiracastro.com.br\\\/noticias\\\/wp-content\\\/litespeed\\\/avatar\\\/ea8ff2f7d87cd5ad3a1cb5e87cd025b6.jpg?ver=1776956466\",\"url\":\"https:\\\/\\\/www.siqueiracastro.com.br\\\/noticias\\\/wp-content\\\/litespeed\\\/avatar\\\/ea8ff2f7d87cd5ad3a1cb5e87cd025b6.jpg?ver=1776956466\",\"contentUrl\":\"https:\\\/\\\/www.siqueiracastro.com.br\\\/noticias\\\/wp-content\\\/litespeed\\\/avatar\\\/ea8ff2f7d87cd5ad3a1cb5e87cd025b6.jpg?ver=1776956466\",\"caption\":\"Annie Pereira Andrade\"},\"url\":\"https:\\\/\\\/www.siqueiracastro.com.br\\\/noticias\\\/author\\\/annie\\\/\"}]}<\/script>\n<!-- \/ Yoast SEO plugin. -->","yoast_head_json":{"title":"STJ: Novo pedido de precat\u00f3rio ou RPV cancelados prescreve em 5 anos\u00a0 - Not\u00edcias | Siqueira Castro","robots":{"index":"index","follow":"follow","max-snippet":"max-snippet:-1","max-image-preview":"max-image-preview:large","max-video-preview":"max-video-preview:-1"},"canonical":"https:\/\/www.siqueiracastro.com.br\/noticias\/stj-novo-pedido-de-precatorio-ou-rpv-cancelados-prescreve-em-5-anos\/","og_locale":"pt_BR","og_type":"article","og_title":"STJ: Novo pedido de precat\u00f3rio ou RPV cancelados prescreve em 5 anos\u00a0 - Not\u00edcias | Siqueira Castro","og_description":"Em julgamento de recursos\u202frepetitivos\u202f(Tema 1.141), a 1a\u202fse\u00e7\u00e3o do STJ estabeleceu a tese de que a pretens\u00e3o de expedi\u00e7\u00e3o de novo\u202fprecat\u00f3rio\u202fou de RPV &#8211; requisi\u00e7\u00e3o de pequeno valor, com base nos arts. 2\u00ba e 3\u00ba da\u202flei 13.463\/17, est\u00e1 sujeita ao prazo prescricional de cinco anos previsto no art. 1\u00ba do\u202fdecreto 20.910\/32. De acordo com o colegiado, [&hellip;]","og_url":"https:\/\/www.siqueiracastro.com.br\/noticias\/stj-novo-pedido-de-precatorio-ou-rpv-cancelados-prescreve-em-5-anos\/","og_site_name":"Not\u00edcias | Siqueira Castro","article_publisher":"https:\/\/www.facebook.com\/siqueiracastro.advogados","article_published_time":"2024-01-04T18:55:33+00:00","article_modified_time":"2024-01-04T18:55:35+00:00","og_image":[{"url":"https:\/\/www.siqueiracastro.com.br\/noticias\/wp-content\/uploads\/01\/Novo-pedido-de-precatorio-ou-RPV-cancelados-prescreve-em-5-anos.jpg","type":"","width":"","height":""}],"author":"Annie Pereira Andrade","twitter_card":"summary_large_image","twitter_creator":"@_SiqueiraCastro","twitter_site":"@_SiqueiraCastro","twitter_misc":{"Escrito por":"Annie Pereira Andrade","Est. tempo de leitura":"3 minutos"},"schema":{"@context":"https:\/\/schema.org","@graph":[{"@type":"Article","@id":"https:\/\/www.siqueiracastro.com.br\/noticias\/stj-novo-pedido-de-precatorio-ou-rpv-cancelados-prescreve-em-5-anos\/#article","isPartOf":{"@id":"https:\/\/www.siqueiracastro.com.br\/noticias\/stj-novo-pedido-de-precatorio-ou-rpv-cancelados-prescreve-em-5-anos\/"},"author":{"name":"Annie Pereira Andrade","@id":"https:\/\/www.siqueiracastro.com.br\/noticias\/#\/schema\/person\/b3ad81cd2d679684cb660d7048070c31"},"headline":"STJ: Novo pedido de precat\u00f3rio ou RPV cancelados prescreve em 5 anos\u00a0","datePublished":"2024-01-04T18:55:33+00:00","dateModified":"2024-01-04T18:55:35+00:00","mainEntityOfPage":{"@id":"https:\/\/www.siqueiracastro.com.br\/noticias\/stj-novo-pedido-de-precatorio-ou-rpv-cancelados-prescreve-em-5-anos\/"},"wordCount":549,"commentCount":0,"publisher":{"@id":"https:\/\/www.siqueiracastro.com.br\/noticias\/#organization"},"image":{"@id":"https:\/\/www.siqueiracastro.com.br\/noticias\/stj-novo-pedido-de-precatorio-ou-rpv-cancelados-prescreve-em-5-anos\/#primaryimage"},"thumbnailUrl":"https:\/\/www.siqueiracastro.com.br\/noticias\/wp-content\/uploads\/01\/Novo-pedido-de-precatorio-ou-RPV-cancelados-prescreve-em-5-anos.jpg","keywords":["Contencioso estrat\u00e9gico e arbitragem"],"articleSection":["Informativos"],"inLanguage":"pt-BR","potentialAction":[{"@type":"CommentAction","name":"Comment","target":["https:\/\/www.siqueiracastro.com.br\/noticias\/stj-novo-pedido-de-precatorio-ou-rpv-cancelados-prescreve-em-5-anos\/#respond"]}]},{"@type":"WebPage","@id":"https:\/\/www.siqueiracastro.com.br\/noticias\/stj-novo-pedido-de-precatorio-ou-rpv-cancelados-prescreve-em-5-anos\/","url":"https:\/\/www.siqueiracastro.com.br\/noticias\/stj-novo-pedido-de-precatorio-ou-rpv-cancelados-prescreve-em-5-anos\/","name":"STJ: Novo pedido de precat\u00f3rio ou RPV cancelados prescreve em 5 anos\u00a0 - Not\u00edcias | Siqueira Castro","isPartOf":{"@id":"https:\/\/www.siqueiracastro.com.br\/noticias\/#website"},"primaryImageOfPage":{"@id":"https:\/\/www.siqueiracastro.com.br\/noticias\/stj-novo-pedido-de-precatorio-ou-rpv-cancelados-prescreve-em-5-anos\/#primaryimage"},"image":{"@id":"https:\/\/www.siqueiracastro.com.br\/noticias\/stj-novo-pedido-de-precatorio-ou-rpv-cancelados-prescreve-em-5-anos\/#primaryimage"},"thumbnailUrl":"https:\/\/www.siqueiracastro.com.br\/noticias\/wp-content\/uploads\/01\/Novo-pedido-de-precatorio-ou-RPV-cancelados-prescreve-em-5-anos.jpg","datePublished":"2024-01-04T18:55:33+00:00","dateModified":"2024-01-04T18:55:35+00:00","breadcrumb":{"@id":"https:\/\/www.siqueiracastro.com.br\/noticias\/stj-novo-pedido-de-precatorio-ou-rpv-cancelados-prescreve-em-5-anos\/#breadcrumb"},"inLanguage":"pt-BR","potentialAction":[{"@type":"ReadAction","target":["https:\/\/www.siqueiracastro.com.br\/noticias\/stj-novo-pedido-de-precatorio-ou-rpv-cancelados-prescreve-em-5-anos\/"]}]},{"@type":"ImageObject","inLanguage":"pt-BR","@id":"https:\/\/www.siqueiracastro.com.br\/noticias\/stj-novo-pedido-de-precatorio-ou-rpv-cancelados-prescreve-em-5-anos\/#primaryimage","url":"https:\/\/www.siqueiracastro.com.br\/noticias\/wp-content\/uploads\/01\/Novo-pedido-de-precatorio-ou-RPV-cancelados-prescreve-em-5-anos.jpg","contentUrl":"https:\/\/www.siqueiracastro.com.br\/noticias\/wp-content\/uploads\/01\/Novo-pedido-de-precatorio-ou-RPV-cancelados-prescreve-em-5-anos.jpg","width":900,"height":506,"caption":"What Are The 3 Possible Outcomes of An Appeals Court Decision - Alves RadCliffe"},{"@type":"BreadcrumbList","@id":"https:\/\/www.siqueiracastro.com.br\/noticias\/stj-novo-pedido-de-precatorio-ou-rpv-cancelados-prescreve-em-5-anos\/#breadcrumb","itemListElement":[{"@type":"ListItem","position":1,"name":"In\u00edcio","item":"https:\/\/www.siqueiracastro.com.br\/noticias\/"},{"@type":"ListItem","position":2,"name":"STJ: Novo pedido de precat\u00f3rio ou RPV cancelados prescreve em 5 anos\u00a0"}]},{"@type":"WebSite","@id":"https:\/\/www.siqueiracastro.com.br\/noticias\/#website","url":"https:\/\/www.siqueiracastro.com.br\/noticias\/","name":"Not\u00edcias | Siqueira Castro","description":"Not\u00edcias Siqueira Castro","publisher":{"@id":"https:\/\/www.siqueiracastro.com.br\/noticias\/#organization"},"potentialAction":[{"@type":"SearchAction","target":{"@type":"EntryPoint","urlTemplate":"https:\/\/www.siqueiracastro.com.br\/noticias\/?s={search_term_string}"},"query-input":{"@type":"PropertyValueSpecification","valueRequired":true,"valueName":"search_term_string"}}],"inLanguage":"pt-BR"},{"@type":"Organization","@id":"https:\/\/www.siqueiracastro.com.br\/noticias\/#organization","name":"Not\u00edcias | Siqueira Castro","url":"https:\/\/www.siqueiracastro.com.br\/noticias\/","logo":{"@type":"ImageObject","inLanguage":"pt-BR","@id":"https:\/\/www.siqueiracastro.com.br\/noticias\/#\/schema\/logo\/image\/","url":"https:\/\/www.siqueiracastro.com.br\/noticias\/wp-content\/uploads\/04\/logo-sca-mobile.png","contentUrl":"https:\/\/www.siqueiracastro.com.br\/noticias\/wp-content\/uploads\/04\/logo-sca-mobile.png","width":286,"height":70,"caption":"Not\u00edcias | Siqueira Castro"},"image":{"@id":"https:\/\/www.siqueiracastro.com.br\/noticias\/#\/schema\/logo\/image\/"},"sameAs":["https:\/\/www.facebook.com\/siqueiracastro.advogados","https:\/\/x.com\/_SiqueiraCastro"]},{"@type":"Person","@id":"https:\/\/www.siqueiracastro.com.br\/noticias\/#\/schema\/person\/b3ad81cd2d679684cb660d7048070c31","name":"Annie Pereira Andrade","image":{"@type":"ImageObject","inLanguage":"pt-BR","@id":"https:\/\/www.siqueiracastro.com.br\/noticias\/wp-content\/litespeed\/avatar\/ea8ff2f7d87cd5ad3a1cb5e87cd025b6.jpg?ver=1776956466","url":"https:\/\/www.siqueiracastro.com.br\/noticias\/wp-content\/litespeed\/avatar\/ea8ff2f7d87cd5ad3a1cb5e87cd025b6.jpg?ver=1776956466","contentUrl":"https:\/\/www.siqueiracastro.com.br\/noticias\/wp-content\/litespeed\/avatar\/ea8ff2f7d87cd5ad3a1cb5e87cd025b6.jpg?ver=1776956466","caption":"Annie Pereira Andrade"},"url":"https:\/\/www.siqueiracastro.com.br\/noticias\/author\/annie\/"}]}},"_links":{"self":[{"href":"https:\/\/www.siqueiracastro.com.br\/noticias\/wp-json\/wp\/v2\/posts\/37959","targetHints":{"allow":["GET"]}}],"collection":[{"href":"https:\/\/www.siqueiracastro.com.br\/noticias\/wp-json\/wp\/v2\/posts"}],"about":[{"href":"https:\/\/www.siqueiracastro.com.br\/noticias\/wp-json\/wp\/v2\/types\/post"}],"author":[{"embeddable":true,"href":"https:\/\/www.siqueiracastro.com.br\/noticias\/wp-json\/wp\/v2\/users\/13"}],"replies":[{"embeddable":true,"href":"https:\/\/www.siqueiracastro.com.br\/noticias\/wp-json\/wp\/v2\/comments?post=37959"}],"version-history":[{"count":1,"href":"https:\/\/www.siqueiracastro.com.br\/noticias\/wp-json\/wp\/v2\/posts\/37959\/revisions"}],"predecessor-version":[{"id":37961,"href":"https:\/\/www.siqueiracastro.com.br\/noticias\/wp-json\/wp\/v2\/posts\/37959\/revisions\/37961"}],"wp:attachment":[{"href":"https:\/\/www.siqueiracastro.com.br\/noticias\/wp-json\/wp\/v2\/media?parent=37959"}],"wp:term":[{"taxonomy":"category","embeddable":true,"href":"https:\/\/www.siqueiracastro.com.br\/noticias\/wp-json\/wp\/v2\/categories?post=37959"},{"taxonomy":"post_tag","embeddable":true,"href":"https:\/\/www.siqueiracastro.com.br\/noticias\/wp-json\/wp\/v2\/tags?post=37959"}],"curies":[{"name":"wp","href":"https:\/\/api.w.org\/{rel}","templated":true}]}}