{"id":38267,"date":"2024-04-18T10:16:40","date_gmt":"2024-04-18T13:16:40","guid":{"rendered":"https:\/\/www.siqueiracastro.com.br\/noticias\/?p=38267"},"modified":"2024-04-18T12:28:09","modified_gmt":"2024-04-18T15:28:09","slug":"valor-da-venda-de-bem-de-familia-e-impenhoravel","status":"publish","type":"post","link":"https:\/\/www.siqueiracastro.com.br\/noticias\/valor-da-venda-de-bem-de-familia-e-impenhoravel\/","title":{"rendered":"Valor da venda de bem de fam\u00edlia \u00e9 impenhor\u00e1vel"},"content":{"rendered":"\n<p>Um Executado teve as contas banc\u00e1rias penhoradas.&nbsp;&nbsp;<\/p>\n\n\n\n<p>O Juiz Bruno Rodolfo de Oliveira Melo, da 7\u00aa Unidade de Apoio em Execu\u00e7\u00e3o Fiscal da Justi\u00e7a Federal entendeu que os valores s\u00e3o impenhor\u00e1veis, uma vez que s\u00e3o decorrentes da aliena\u00e7\u00e3o de bem de fam\u00edlia tamb\u00e9m s\u00e3o impenhor\u00e1veis e assim est\u00e3o abrangidos pela prote\u00e7\u00e3o da Lei n\u00ba 8.009\/1990.&nbsp;&nbsp;<\/p>\n\n\n\n<figure class=\"wp-block-image size-large\"><img loading=\"lazy\" decoding=\"async\" width=\"1024\" height=\"450\" src=\"https:\/\/www.siqueiracastro.com.br\/noticias\/wp-content\/uploads\/04\/impenhoravel-5-1024x450.jpg\" alt=\"\" class=\"wp-image-38258\" srcset=\"https:\/\/www.siqueiracastro.com.br\/noticias\/wp-content\/uploads\/04\/impenhoravel-5-1024x450.jpg 1024w, https:\/\/www.siqueiracastro.com.br\/noticias\/wp-content\/uploads\/04\/impenhoravel-5-300x132.jpg 300w, https:\/\/www.siqueiracastro.com.br\/noticias\/wp-content\/uploads\/04\/impenhoravel-5-768x337.jpg 768w, https:\/\/www.siqueiracastro.com.br\/noticias\/wp-content\/uploads\/04\/impenhoravel-5-1536x674.jpg 1536w, https:\/\/www.siqueiracastro.com.br\/noticias\/wp-content\/uploads\/04\/impenhoravel-5-2048x899.jpg 2048w\" sizes=\"auto, (max-width: 1024px) 100vw, 1024px\" \/><\/figure>\n\n\n\n<p>O Executado demonstrou que a quantia era proveniente da venda do im\u00f3vel onde morava, \u00fanico bem que possu\u00eda, conforme fatura de energia el\u00e9trica.&nbsp;&nbsp;<\/p>\n\n\n\n<p>Demonstrou ainda que tinha a inten\u00e7\u00e3o de adquirir um novo lar, afinal n\u00e3o possu\u00eda outro im\u00f3vel.&nbsp;&nbsp;<\/p>\n\n\n\n<p>Na decis\u00e3o o juiz afirmou que a Lei n\u00ba 8.009\/1990 deve ser interpretada de acordo com a Constitui\u00e7\u00e3o Federal, protegendo o direito \u00e0 moradia e a fun\u00e7\u00e3o da propriedade dos n\u00facleos familiares, considerados direitos fundamentais.\u00a0\u00a0<\/p>\n\n\n\n<p>E esclareceu tamb\u00e9m que \u201cexistindo colis\u00e3o entre o direito fundamental \u00e0 moradia do executado e o direito \u00e0 satisfa\u00e7\u00e3o de cr\u00e9dito decorrente de multa administrativa do exequente, entendo que o primeiro deve prosperar, entendimento esse balizado pelos sistemas global e interamericano de direitos humanos\u201d.&nbsp;<\/p>\n\n\n\n<p>Fonte: <a href=\"https:\/\/www.trf4.jus.br\/trf4\/controlador.php?acao=noticia_visualizar&amp;id_noticia=28096\">TRF4<\/a><\/p>\n","protected":false},"excerpt":{"rendered":"<p>Um Executado teve as contas banc\u00e1rias penhoradas.&nbsp;&nbsp; O Juiz Bruno Rodolfo de Oliveira Melo, da 7\u00aa Unidade de Apoio em Execu\u00e7\u00e3o Fiscal da Justi\u00e7a Federal entendeu que os valores s\u00e3o impenhor\u00e1veis, uma vez que s\u00e3o decorrentes da aliena\u00e7\u00e3o de bem de fam\u00edlia tamb\u00e9m s\u00e3o impenhor\u00e1veis e assim est\u00e3o abrangidos pela prote\u00e7\u00e3o da Lei n\u00ba 8.009\/1990.&nbsp;&nbsp; [&hellip;]<\/p>\n","protected":false},"author":13,"featured_media":0,"comment_status":"open","ping_status":"open","sticky":false,"template":"","format":"standard","meta":{"_acf_changed":false,"footnotes":""},"categories":[5],"tags":[251],"class_list":["post-38267","post","type-post","status-publish","format-standard","hentry","category-informativos","tag-setor-imobiliario"],"fields":{"_edit_lock":["1713454089:13"],"tdc_dirty_content":["1"],"tdc_icon_fonts":["a:0:{}"],"tdc_google_fonts":["a:0:{}"],"_edit_last":["13"],"arquivo":[""],"_arquivo":["field_5cd093c67f0aa"],"subtitulo":[""],"_subtitulo":["field_5cc755a87dc0e"],"fonte":[""],"_fonte":["field_5cc73bceda287"],"td_post_theme_settings":["a:1:{s:16:\"td_post_template\";s:15:\"single_template\";}"],"_yoast_wpseo_primary_category":["5"],"_yoast_wpseo_focuskw":["Valor da venda de bem de fam\u00edlia \u00e9 impenhor\u00e1vel"],"_yoast_wpseo_metadesc":["Um Executado teve as contas banc\u00e1rias penhoradas.\u00a0\u00a0O Juiz Bruno Rodolfo de Oliveira Melo, da 7\u00aa Unidade de Apoio em Execu\u00e7\u00e3o Fiscal da Justi\u00e7a Federal entendeu que os valores s\u00e3o impenhor\u00e1veis, uma vez que s\u00e3o decorrentes da aliena\u00e7\u00e3o de bem de fam\u00edlia tamb\u00e9m s\u00e3o impenhor\u00e1veis e assim est\u00e3o abrangidos pela prote\u00e7\u00e3o da Lei n\u00ba 8.009\/1990."],"_yoast_wpseo_linkdex":["51"],"_yoast_wpseo_content_score":["30"],"_yoast_wpseo_estimated-reading-time-minutes":["2"],"post_views_count":["657"]},"acf":[],"yoast_head":"<!-- This site is optimized with the Yoast SEO plugin v27.4 - https:\/\/yoast.com\/product\/yoast-seo-wordpress\/ -->\n<title>Valor da venda de bem de fam\u00edlia \u00e9 impenhor\u00e1vel - Not\u00edcias | Siqueira Castro<\/title>\n<meta name=\"description\" content=\"Um Executado teve as contas banc\u00e1rias penhoradas.\u00a0\u00a0O Juiz Bruno Rodolfo de Oliveira Melo, da 7\u00aa Unidade de Apoio em Execu\u00e7\u00e3o Fiscal da Justi\u00e7a Federal entendeu que os valores s\u00e3o impenhor\u00e1veis, uma vez que s\u00e3o decorrentes da aliena\u00e7\u00e3o de bem de fam\u00edlia tamb\u00e9m s\u00e3o impenhor\u00e1veis e assim est\u00e3o abrangidos pela prote\u00e7\u00e3o da Lei n\u00ba 8.009\/1990.\" \/>\n<meta name=\"robots\" content=\"index, follow, max-snippet:-1, max-image-preview:large, max-video-preview:-1\" \/>\n<link rel=\"canonical\" href=\"https:\/\/www.siqueiracastro.com.br\/noticias\/valor-da-venda-de-bem-de-familia-e-impenhoravel\/\" \/>\n<meta property=\"og:locale\" content=\"pt_BR\" \/>\n<meta property=\"og:type\" content=\"article\" \/>\n<meta property=\"og:title\" content=\"Valor da venda de bem de fam\u00edlia \u00e9 impenhor\u00e1vel - Not\u00edcias | Siqueira Castro\" \/>\n<meta property=\"og:description\" content=\"Um Executado teve as contas banc\u00e1rias penhoradas.\u00a0\u00a0O Juiz Bruno Rodolfo de Oliveira Melo, da 7\u00aa Unidade de Apoio em Execu\u00e7\u00e3o Fiscal da Justi\u00e7a Federal entendeu que os valores s\u00e3o impenhor\u00e1veis, uma vez que s\u00e3o decorrentes da aliena\u00e7\u00e3o de bem de fam\u00edlia tamb\u00e9m s\u00e3o impenhor\u00e1veis e assim est\u00e3o abrangidos pela prote\u00e7\u00e3o da Lei n\u00ba 8.009\/1990.\" \/>\n<meta property=\"og:url\" content=\"https:\/\/www.siqueiracastro.com.br\/noticias\/valor-da-venda-de-bem-de-familia-e-impenhoravel\/\" \/>\n<meta property=\"og:site_name\" content=\"Not\u00edcias | Siqueira Castro\" \/>\n<meta property=\"article:publisher\" content=\"https:\/\/www.facebook.com\/siqueiracastro.advogados\" \/>\n<meta property=\"article:published_time\" content=\"2024-04-18T13:16:40+00:00\" \/>\n<meta property=\"article:modified_time\" content=\"2024-04-18T15:28:09+00:00\" \/>\n<meta property=\"og:image\" content=\"https:\/\/www.siqueiracastro.com.br\/noticias\/wp-content\/uploads\/04\/impenhoravel-5-1024x450.jpg\" \/>\n<meta name=\"author\" content=\"Annie Pereira Andrade\" \/>\n<meta name=\"twitter:card\" content=\"summary_large_image\" \/>\n<meta name=\"twitter:creator\" content=\"@_SiqueiraCastro\" \/>\n<meta name=\"twitter:site\" content=\"@_SiqueiraCastro\" \/>\n<meta name=\"twitter:label1\" content=\"Escrito por\" \/>\n\t<meta name=\"twitter:data1\" content=\"Annie Pereira Andrade\" \/>\n\t<meta name=\"twitter:label2\" content=\"Est. tempo de leitura\" \/>\n\t<meta name=\"twitter:data2\" content=\"2 minutos\" \/>\n<script type=\"application\/ld+json\" class=\"yoast-schema-graph\">{\"@context\":\"https:\\\/\\\/schema.org\",\"@graph\":[{\"@type\":\"Article\",\"@id\":\"https:\\\/\\\/www.siqueiracastro.com.br\\\/noticias\\\/valor-da-venda-de-bem-de-familia-e-impenhoravel\\\/#article\",\"isPartOf\":{\"@id\":\"https:\\\/\\\/www.siqueiracastro.com.br\\\/noticias\\\/valor-da-venda-de-bem-de-familia-e-impenhoravel\\\/\"},\"author\":{\"name\":\"Annie Pereira Andrade\",\"@id\":\"https:\\\/\\\/www.siqueiracastro.com.br\\\/noticias\\\/#\\\/schema\\\/person\\\/b3ad81cd2d679684cb660d7048070c31\"},\"headline\":\"Valor da venda de bem de fam\u00edlia \u00e9 impenhor\u00e1vel\",\"datePublished\":\"2024-04-18T13:16:40+00:00\",\"dateModified\":\"2024-04-18T15:28:09+00:00\",\"mainEntityOfPage\":{\"@id\":\"https:\\\/\\\/www.siqueiracastro.com.br\\\/noticias\\\/valor-da-venda-de-bem-de-familia-e-impenhoravel\\\/\"},\"wordCount\":216,\"commentCount\":0,\"publisher\":{\"@id\":\"https:\\\/\\\/www.siqueiracastro.com.br\\\/noticias\\\/#organization\"},\"image\":{\"@id\":\"https:\\\/\\\/www.siqueiracastro.com.br\\\/noticias\\\/valor-da-venda-de-bem-de-familia-e-impenhoravel\\\/#primaryimage\"},\"thumbnailUrl\":\"https:\\\/\\\/www.siqueiracastro.com.br\\\/noticias\\\/wp-content\\\/uploads\\\/04\\\/impenhoravel-5-1024x450.jpg\",\"keywords\":[\"Setor Imobili\u00e1rio\"],\"articleSection\":[\"Informativos\"],\"inLanguage\":\"pt-BR\",\"potentialAction\":[{\"@type\":\"CommentAction\",\"name\":\"Comment\",\"target\":[\"https:\\\/\\\/www.siqueiracastro.com.br\\\/noticias\\\/valor-da-venda-de-bem-de-familia-e-impenhoravel\\\/#respond\"]}]},{\"@type\":\"WebPage\",\"@id\":\"https:\\\/\\\/www.siqueiracastro.com.br\\\/noticias\\\/valor-da-venda-de-bem-de-familia-e-impenhoravel\\\/\",\"url\":\"https:\\\/\\\/www.siqueiracastro.com.br\\\/noticias\\\/valor-da-venda-de-bem-de-familia-e-impenhoravel\\\/\",\"name\":\"Valor da venda de bem de fam\u00edlia \u00e9 impenhor\u00e1vel - Not\u00edcias | Siqueira Castro\",\"isPartOf\":{\"@id\":\"https:\\\/\\\/www.siqueiracastro.com.br\\\/noticias\\\/#website\"},\"primaryImageOfPage\":{\"@id\":\"https:\\\/\\\/www.siqueiracastro.com.br\\\/noticias\\\/valor-da-venda-de-bem-de-familia-e-impenhoravel\\\/#primaryimage\"},\"image\":{\"@id\":\"https:\\\/\\\/www.siqueiracastro.com.br\\\/noticias\\\/valor-da-venda-de-bem-de-familia-e-impenhoravel\\\/#primaryimage\"},\"thumbnailUrl\":\"https:\\\/\\\/www.siqueiracastro.com.br\\\/noticias\\\/wp-content\\\/uploads\\\/04\\\/impenhoravel-5-1024x450.jpg\",\"datePublished\":\"2024-04-18T13:16:40+00:00\",\"dateModified\":\"2024-04-18T15:28:09+00:00\",\"description\":\"Um Executado teve as contas banc\u00e1rias penhoradas.\u00a0\u00a0O Juiz Bruno Rodolfo de Oliveira Melo, da 7\u00aa Unidade de Apoio em Execu\u00e7\u00e3o Fiscal da Justi\u00e7a Federal entendeu que os valores s\u00e3o impenhor\u00e1veis, uma vez que s\u00e3o decorrentes da aliena\u00e7\u00e3o de bem de fam\u00edlia tamb\u00e9m s\u00e3o impenhor\u00e1veis e assim est\u00e3o abrangidos pela prote\u00e7\u00e3o da Lei n\u00ba 8.009\\\/1990.\",\"breadcrumb\":{\"@id\":\"https:\\\/\\\/www.siqueiracastro.com.br\\\/noticias\\\/valor-da-venda-de-bem-de-familia-e-impenhoravel\\\/#breadcrumb\"},\"inLanguage\":\"pt-BR\",\"potentialAction\":[{\"@type\":\"ReadAction\",\"target\":[\"https:\\\/\\\/www.siqueiracastro.com.br\\\/noticias\\\/valor-da-venda-de-bem-de-familia-e-impenhoravel\\\/\"]}]},{\"@type\":\"ImageObject\",\"inLanguage\":\"pt-BR\",\"@id\":\"https:\\\/\\\/www.siqueiracastro.com.br\\\/noticias\\\/valor-da-venda-de-bem-de-familia-e-impenhoravel\\\/#primaryimage\",\"url\":\"https:\\\/\\\/www.siqueiracastro.com.br\\\/noticias\\\/wp-content\\\/uploads\\\/04\\\/impenhoravel-5-scaled.jpg\",\"contentUrl\":\"https:\\\/\\\/www.siqueiracastro.com.br\\\/noticias\\\/wp-content\\\/uploads\\\/04\\\/impenhoravel-5-scaled.jpg\",\"width\":2560,\"height\":1124},{\"@type\":\"BreadcrumbList\",\"@id\":\"https:\\\/\\\/www.siqueiracastro.com.br\\\/noticias\\\/valor-da-venda-de-bem-de-familia-e-impenhoravel\\\/#breadcrumb\",\"itemListElement\":[{\"@type\":\"ListItem\",\"position\":1,\"name\":\"In\u00edcio\",\"item\":\"https:\\\/\\\/www.siqueiracastro.com.br\\\/noticias\\\/\"},{\"@type\":\"ListItem\",\"position\":2,\"name\":\"Valor da venda de bem de fam\u00edlia \u00e9 impenhor\u00e1vel\"}]},{\"@type\":\"WebSite\",\"@id\":\"https:\\\/\\\/www.siqueiracastro.com.br\\\/noticias\\\/#website\",\"url\":\"https:\\\/\\\/www.siqueiracastro.com.br\\\/noticias\\\/\",\"name\":\"Not\u00edcias | Siqueira Castro\",\"description\":\"Not\u00edcias Siqueira Castro\",\"publisher\":{\"@id\":\"https:\\\/\\\/www.siqueiracastro.com.br\\\/noticias\\\/#organization\"},\"potentialAction\":[{\"@type\":\"SearchAction\",\"target\":{\"@type\":\"EntryPoint\",\"urlTemplate\":\"https:\\\/\\\/www.siqueiracastro.com.br\\\/noticias\\\/?s={search_term_string}\"},\"query-input\":{\"@type\":\"PropertyValueSpecification\",\"valueRequired\":true,\"valueName\":\"search_term_string\"}}],\"inLanguage\":\"pt-BR\"},{\"@type\":\"Organization\",\"@id\":\"https:\\\/\\\/www.siqueiracastro.com.br\\\/noticias\\\/#organization\",\"name\":\"Not\u00edcias | Siqueira Castro\",\"url\":\"https:\\\/\\\/www.siqueiracastro.com.br\\\/noticias\\\/\",\"logo\":{\"@type\":\"ImageObject\",\"inLanguage\":\"pt-BR\",\"@id\":\"https:\\\/\\\/www.siqueiracastro.com.br\\\/noticias\\\/#\\\/schema\\\/logo\\\/image\\\/\",\"url\":\"https:\\\/\\\/www.siqueiracastro.com.br\\\/noticias\\\/wp-content\\\/uploads\\\/04\\\/logo-sca-mobile.png\",\"contentUrl\":\"https:\\\/\\\/www.siqueiracastro.com.br\\\/noticias\\\/wp-content\\\/uploads\\\/04\\\/logo-sca-mobile.png\",\"width\":286,\"height\":70,\"caption\":\"Not\u00edcias | Siqueira Castro\"},\"image\":{\"@id\":\"https:\\\/\\\/www.siqueiracastro.com.br\\\/noticias\\\/#\\\/schema\\\/logo\\\/image\\\/\"},\"sameAs\":[\"https:\\\/\\\/www.facebook.com\\\/siqueiracastro.advogados\",\"https:\\\/\\\/x.com\\\/_SiqueiraCastro\"]},{\"@type\":\"Person\",\"@id\":\"https:\\\/\\\/www.siqueiracastro.com.br\\\/noticias\\\/#\\\/schema\\\/person\\\/b3ad81cd2d679684cb660d7048070c31\",\"name\":\"Annie Pereira Andrade\",\"image\":{\"@type\":\"ImageObject\",\"inLanguage\":\"pt-BR\",\"@id\":\"https:\\\/\\\/www.siqueiracastro.com.br\\\/noticias\\\/wp-content\\\/litespeed\\\/avatar\\\/ea8ff2f7d87cd5ad3a1cb5e87cd025b6.jpg?ver=1776956466\",\"url\":\"https:\\\/\\\/www.siqueiracastro.com.br\\\/noticias\\\/wp-content\\\/litespeed\\\/avatar\\\/ea8ff2f7d87cd5ad3a1cb5e87cd025b6.jpg?ver=1776956466\",\"contentUrl\":\"https:\\\/\\\/www.siqueiracastro.com.br\\\/noticias\\\/wp-content\\\/litespeed\\\/avatar\\\/ea8ff2f7d87cd5ad3a1cb5e87cd025b6.jpg?ver=1776956466\",\"caption\":\"Annie Pereira Andrade\"},\"url\":\"https:\\\/\\\/www.siqueiracastro.com.br\\\/noticias\\\/author\\\/annie\\\/\"}]}<\/script>\n<!-- \/ Yoast SEO plugin. -->","yoast_head_json":{"title":"Valor da venda de bem de fam\u00edlia \u00e9 impenhor\u00e1vel - Not\u00edcias | Siqueira Castro","description":"Um Executado teve as contas banc\u00e1rias penhoradas.\u00a0\u00a0O Juiz Bruno Rodolfo de Oliveira Melo, da 7\u00aa Unidade de Apoio em Execu\u00e7\u00e3o Fiscal da Justi\u00e7a Federal entendeu que os valores s\u00e3o impenhor\u00e1veis, uma vez que s\u00e3o decorrentes da aliena\u00e7\u00e3o de bem de fam\u00edlia tamb\u00e9m s\u00e3o impenhor\u00e1veis e assim est\u00e3o abrangidos pela prote\u00e7\u00e3o da Lei n\u00ba 8.009\/1990.","robots":{"index":"index","follow":"follow","max-snippet":"max-snippet:-1","max-image-preview":"max-image-preview:large","max-video-preview":"max-video-preview:-1"},"canonical":"https:\/\/www.siqueiracastro.com.br\/noticias\/valor-da-venda-de-bem-de-familia-e-impenhoravel\/","og_locale":"pt_BR","og_type":"article","og_title":"Valor da venda de bem de fam\u00edlia \u00e9 impenhor\u00e1vel - Not\u00edcias | Siqueira Castro","og_description":"Um Executado teve as contas banc\u00e1rias penhoradas.\u00a0\u00a0O Juiz Bruno Rodolfo de Oliveira Melo, da 7\u00aa Unidade de Apoio em Execu\u00e7\u00e3o Fiscal da Justi\u00e7a Federal entendeu que os valores s\u00e3o impenhor\u00e1veis, uma vez que s\u00e3o decorrentes da aliena\u00e7\u00e3o de bem de fam\u00edlia tamb\u00e9m s\u00e3o impenhor\u00e1veis e assim est\u00e3o abrangidos pela prote\u00e7\u00e3o da Lei n\u00ba 8.009\/1990.","og_url":"https:\/\/www.siqueiracastro.com.br\/noticias\/valor-da-venda-de-bem-de-familia-e-impenhoravel\/","og_site_name":"Not\u00edcias | Siqueira Castro","article_publisher":"https:\/\/www.facebook.com\/siqueiracastro.advogados","article_published_time":"2024-04-18T13:16:40+00:00","article_modified_time":"2024-04-18T15:28:09+00:00","og_image":[{"url":"https:\/\/www.siqueiracastro.com.br\/noticias\/wp-content\/uploads\/04\/impenhoravel-5-1024x450.jpg","type":"","width":"","height":""}],"author":"Annie Pereira Andrade","twitter_card":"summary_large_image","twitter_creator":"@_SiqueiraCastro","twitter_site":"@_SiqueiraCastro","twitter_misc":{"Escrito por":"Annie Pereira Andrade","Est. tempo de leitura":"2 minutos"},"schema":{"@context":"https:\/\/schema.org","@graph":[{"@type":"Article","@id":"https:\/\/www.siqueiracastro.com.br\/noticias\/valor-da-venda-de-bem-de-familia-e-impenhoravel\/#article","isPartOf":{"@id":"https:\/\/www.siqueiracastro.com.br\/noticias\/valor-da-venda-de-bem-de-familia-e-impenhoravel\/"},"author":{"name":"Annie Pereira Andrade","@id":"https:\/\/www.siqueiracastro.com.br\/noticias\/#\/schema\/person\/b3ad81cd2d679684cb660d7048070c31"},"headline":"Valor da venda de bem de fam\u00edlia \u00e9 impenhor\u00e1vel","datePublished":"2024-04-18T13:16:40+00:00","dateModified":"2024-04-18T15:28:09+00:00","mainEntityOfPage":{"@id":"https:\/\/www.siqueiracastro.com.br\/noticias\/valor-da-venda-de-bem-de-familia-e-impenhoravel\/"},"wordCount":216,"commentCount":0,"publisher":{"@id":"https:\/\/www.siqueiracastro.com.br\/noticias\/#organization"},"image":{"@id":"https:\/\/www.siqueiracastro.com.br\/noticias\/valor-da-venda-de-bem-de-familia-e-impenhoravel\/#primaryimage"},"thumbnailUrl":"https:\/\/www.siqueiracastro.com.br\/noticias\/wp-content\/uploads\/04\/impenhoravel-5-1024x450.jpg","keywords":["Setor Imobili\u00e1rio"],"articleSection":["Informativos"],"inLanguage":"pt-BR","potentialAction":[{"@type":"CommentAction","name":"Comment","target":["https:\/\/www.siqueiracastro.com.br\/noticias\/valor-da-venda-de-bem-de-familia-e-impenhoravel\/#respond"]}]},{"@type":"WebPage","@id":"https:\/\/www.siqueiracastro.com.br\/noticias\/valor-da-venda-de-bem-de-familia-e-impenhoravel\/","url":"https:\/\/www.siqueiracastro.com.br\/noticias\/valor-da-venda-de-bem-de-familia-e-impenhoravel\/","name":"Valor da venda de bem de fam\u00edlia \u00e9 impenhor\u00e1vel - Not\u00edcias | Siqueira Castro","isPartOf":{"@id":"https:\/\/www.siqueiracastro.com.br\/noticias\/#website"},"primaryImageOfPage":{"@id":"https:\/\/www.siqueiracastro.com.br\/noticias\/valor-da-venda-de-bem-de-familia-e-impenhoravel\/#primaryimage"},"image":{"@id":"https:\/\/www.siqueiracastro.com.br\/noticias\/valor-da-venda-de-bem-de-familia-e-impenhoravel\/#primaryimage"},"thumbnailUrl":"https:\/\/www.siqueiracastro.com.br\/noticias\/wp-content\/uploads\/04\/impenhoravel-5-1024x450.jpg","datePublished":"2024-04-18T13:16:40+00:00","dateModified":"2024-04-18T15:28:09+00:00","description":"Um Executado teve as contas banc\u00e1rias penhoradas.\u00a0\u00a0O Juiz Bruno Rodolfo de Oliveira Melo, da 7\u00aa Unidade de Apoio em Execu\u00e7\u00e3o Fiscal da Justi\u00e7a Federal entendeu que os valores s\u00e3o impenhor\u00e1veis, uma vez que s\u00e3o decorrentes da aliena\u00e7\u00e3o de bem de fam\u00edlia tamb\u00e9m s\u00e3o impenhor\u00e1veis e assim est\u00e3o abrangidos pela prote\u00e7\u00e3o da Lei n\u00ba 8.009\/1990.","breadcrumb":{"@id":"https:\/\/www.siqueiracastro.com.br\/noticias\/valor-da-venda-de-bem-de-familia-e-impenhoravel\/#breadcrumb"},"inLanguage":"pt-BR","potentialAction":[{"@type":"ReadAction","target":["https:\/\/www.siqueiracastro.com.br\/noticias\/valor-da-venda-de-bem-de-familia-e-impenhoravel\/"]}]},{"@type":"ImageObject","inLanguage":"pt-BR","@id":"https:\/\/www.siqueiracastro.com.br\/noticias\/valor-da-venda-de-bem-de-familia-e-impenhoravel\/#primaryimage","url":"https:\/\/www.siqueiracastro.com.br\/noticias\/wp-content\/uploads\/04\/impenhoravel-5-scaled.jpg","contentUrl":"https:\/\/www.siqueiracastro.com.br\/noticias\/wp-content\/uploads\/04\/impenhoravel-5-scaled.jpg","width":2560,"height":1124},{"@type":"BreadcrumbList","@id":"https:\/\/www.siqueiracastro.com.br\/noticias\/valor-da-venda-de-bem-de-familia-e-impenhoravel\/#breadcrumb","itemListElement":[{"@type":"ListItem","position":1,"name":"In\u00edcio","item":"https:\/\/www.siqueiracastro.com.br\/noticias\/"},{"@type":"ListItem","position":2,"name":"Valor da venda de bem de fam\u00edlia \u00e9 impenhor\u00e1vel"}]},{"@type":"WebSite","@id":"https:\/\/www.siqueiracastro.com.br\/noticias\/#website","url":"https:\/\/www.siqueiracastro.com.br\/noticias\/","name":"Not\u00edcias | Siqueira Castro","description":"Not\u00edcias Siqueira Castro","publisher":{"@id":"https:\/\/www.siqueiracastro.com.br\/noticias\/#organization"},"potentialAction":[{"@type":"SearchAction","target":{"@type":"EntryPoint","urlTemplate":"https:\/\/www.siqueiracastro.com.br\/noticias\/?s={search_term_string}"},"query-input":{"@type":"PropertyValueSpecification","valueRequired":true,"valueName":"search_term_string"}}],"inLanguage":"pt-BR"},{"@type":"Organization","@id":"https:\/\/www.siqueiracastro.com.br\/noticias\/#organization","name":"Not\u00edcias | Siqueira Castro","url":"https:\/\/www.siqueiracastro.com.br\/noticias\/","logo":{"@type":"ImageObject","inLanguage":"pt-BR","@id":"https:\/\/www.siqueiracastro.com.br\/noticias\/#\/schema\/logo\/image\/","url":"https:\/\/www.siqueiracastro.com.br\/noticias\/wp-content\/uploads\/04\/logo-sca-mobile.png","contentUrl":"https:\/\/www.siqueiracastro.com.br\/noticias\/wp-content\/uploads\/04\/logo-sca-mobile.png","width":286,"height":70,"caption":"Not\u00edcias | Siqueira Castro"},"image":{"@id":"https:\/\/www.siqueiracastro.com.br\/noticias\/#\/schema\/logo\/image\/"},"sameAs":["https:\/\/www.facebook.com\/siqueiracastro.advogados","https:\/\/x.com\/_SiqueiraCastro"]},{"@type":"Person","@id":"https:\/\/www.siqueiracastro.com.br\/noticias\/#\/schema\/person\/b3ad81cd2d679684cb660d7048070c31","name":"Annie Pereira Andrade","image":{"@type":"ImageObject","inLanguage":"pt-BR","@id":"https:\/\/www.siqueiracastro.com.br\/noticias\/wp-content\/litespeed\/avatar\/ea8ff2f7d87cd5ad3a1cb5e87cd025b6.jpg?ver=1776956466","url":"https:\/\/www.siqueiracastro.com.br\/noticias\/wp-content\/litespeed\/avatar\/ea8ff2f7d87cd5ad3a1cb5e87cd025b6.jpg?ver=1776956466","contentUrl":"https:\/\/www.siqueiracastro.com.br\/noticias\/wp-content\/litespeed\/avatar\/ea8ff2f7d87cd5ad3a1cb5e87cd025b6.jpg?ver=1776956466","caption":"Annie Pereira Andrade"},"url":"https:\/\/www.siqueiracastro.com.br\/noticias\/author\/annie\/"}]}},"_links":{"self":[{"href":"https:\/\/www.siqueiracastro.com.br\/noticias\/wp-json\/wp\/v2\/posts\/38267","targetHints":{"allow":["GET"]}}],"collection":[{"href":"https:\/\/www.siqueiracastro.com.br\/noticias\/wp-json\/wp\/v2\/posts"}],"about":[{"href":"https:\/\/www.siqueiracastro.com.br\/noticias\/wp-json\/wp\/v2\/types\/post"}],"author":[{"embeddable":true,"href":"https:\/\/www.siqueiracastro.com.br\/noticias\/wp-json\/wp\/v2\/users\/13"}],"replies":[{"embeddable":true,"href":"https:\/\/www.siqueiracastro.com.br\/noticias\/wp-json\/wp\/v2\/comments?post=38267"}],"version-history":[{"count":2,"href":"https:\/\/www.siqueiracastro.com.br\/noticias\/wp-json\/wp\/v2\/posts\/38267\/revisions"}],"predecessor-version":[{"id":38272,"href":"https:\/\/www.siqueiracastro.com.br\/noticias\/wp-json\/wp\/v2\/posts\/38267\/revisions\/38272"}],"wp:attachment":[{"href":"https:\/\/www.siqueiracastro.com.br\/noticias\/wp-json\/wp\/v2\/media?parent=38267"}],"wp:term":[{"taxonomy":"category","embeddable":true,"href":"https:\/\/www.siqueiracastro.com.br\/noticias\/wp-json\/wp\/v2\/categories?post=38267"},{"taxonomy":"post_tag","embeddable":true,"href":"https:\/\/www.siqueiracastro.com.br\/noticias\/wp-json\/wp\/v2\/tags?post=38267"}],"curies":[{"name":"wp","href":"https:\/\/api.w.org\/{rel}","templated":true}]}}