{"id":38767,"date":"2025-05-09T12:33:50","date_gmt":"2025-05-09T15:33:50","guid":{"rendered":"https:\/\/www.siqueiracastro.com.br\/noticias\/?p=38767"},"modified":"2025-05-09T12:33:51","modified_gmt":"2025-05-09T15:33:51","slug":"stj-entende-que-e-legitima-a-destituicao-compulsoria-de-advogados-de-defesa-que-postergam-de-maneira-desarrazoada-o-desfecho-da-acao-penal","status":"publish","type":"post","link":"https:\/\/www.siqueiracastro.com.br\/noticias\/stj-entende-que-e-legitima-a-destituicao-compulsoria-de-advogados-de-defesa-que-postergam-de-maneira-desarrazoada-o-desfecho-da-acao-penal\/","title":{"rendered":"STJ entende que \u00e9 leg\u00edtima a destitui\u00e7\u00e3o compuls\u00f3ria de advogados de defesa que postergam de maneira desarrazoada o desfecho da A\u00e7\u00e3o Penal.\u00a0"},"content":{"rendered":"\n<p>A Sexta Turma do Superior Tribunal de Justi\u00e7a, de maneira un\u00e2nime, julgou legal a decis\u00e3o da magistrada que destituiu advogado que deixou de apresentar alega\u00e7\u00f5es finais de r\u00e9u por 8 meses, mesmo tendo sido intimado 4 vezes nesse per\u00edodo. Tal mora se deu de maneira deliberada por conta do inconformismo da defesa t\u00e9cnica com decis\u00e3o anterior \u00e0 nega\u00e7\u00e3o do requerimento de dilig\u00eancia complementar.&nbsp;<\/p>\n\n\n\n<figure class=\"wp-block-image size-large\"><img loading=\"lazy\" decoding=\"async\" width=\"1024\" height=\"683\" src=\"https:\/\/www.siqueiracastro.com.br\/noticias\/wp-content\/uploads\/05\/2-1024x683.jpg\" alt=\"\" class=\"wp-image-38760\" srcset=\"https:\/\/www.siqueiracastro.com.br\/noticias\/wp-content\/uploads\/05\/2-1024x683.jpg 1024w, https:\/\/www.siqueiracastro.com.br\/noticias\/wp-content\/uploads\/05\/2-300x200.jpg 300w, https:\/\/www.siqueiracastro.com.br\/noticias\/wp-content\/uploads\/05\/2-768x512.jpg 768w, https:\/\/www.siqueiracastro.com.br\/noticias\/wp-content\/uploads\/05\/2-1536x1024.jpg 1536w, https:\/\/www.siqueiracastro.com.br\/noticias\/wp-content\/uploads\/05\/2-2048x1365.jpg 2048w\" sizes=\"auto, (max-width: 1024px) 100vw, 1024px\" \/><\/figure>\n\n\n\n<p>A Corte reconheceu o car\u00e1ter extremo da medida adotada pela magistrada de primeiro grau, mas entendeu estar devidamente fundamentada e motivada pela \u201c<em>postura recalcitrante e protelat\u00f3ria da defesa, ainda que a pretexto de insistir que fosse sanado suposto v\u00edcio em decis\u00f5es anteriores, circunst\u00e2ncia que, na hip\u00f3tese em testilha, n\u00e3o obstaria aos caus\u00eddicos dar cumprimento \u00e0 determina\u00e7\u00e3o judicial<\/em>\u201d.&nbsp;<\/p>\n\n\n\n<p>A postura do advogado desrespeitou determina\u00e7\u00f5es judiciais, criou embara\u00e7os ao regular andamento do processo e afrontou os princ\u00edpios da lealdade e da boa-f\u00e9 processual, configurando, assim, ato atentat\u00f3rio \u00e0 dignidade da Justi\u00e7a.&nbsp;<\/p>\n\n\n\n<p><strong>(<\/strong><a href=\"https:\/\/processo.stj.jus.br\/SCON\/jurisprudencia\/toc.jsp?livre=%28%28AROMS.clas.+ou+%22AgRg+no+RMS%22.clap.%29+e+%40num%3D%2274055%22%29+ou+%28%28AROMS+ou+%22AgRg+no+RMS%22%29+adj+%2274055%22%29.suce.%22%20\\t%20%22_blank\" target=\"_blank\" rel=\"noreferrer noopener\"><strong>AgRg no RMS 74.055-SP<\/strong><\/a><strong>, Rel. <\/strong><strong>Ministro Antonio Saldanha Palheiro, Sexta Turma, por unanimidade, julgado em 22\/4\/2025, DJEN 28\/4\/2025)<\/strong>&nbsp;<\/p>\n","protected":false},"excerpt":{"rendered":"<p>A Sexta Turma do Superior Tribunal de Justi\u00e7a, de maneira un\u00e2nime, julgou legal a decis\u00e3o da magistrada que destituiu advogado que deixou de apresentar alega\u00e7\u00f5es finais de r\u00e9u por 8 meses, mesmo tendo sido intimado 4 vezes nesse per\u00edodo. Tal mora se deu de maneira deliberada por conta do inconformismo da defesa t\u00e9cnica com decis\u00e3o [&hellip;]<\/p>\n","protected":false},"author":13,"featured_media":0,"comment_status":"open","ping_status":"open","sticky":false,"template":"","format":"standard","meta":{"_acf_changed":false,"footnotes":""},"categories":[5],"tags":[184],"class_list":["post-38767","post","type-post","status-publish","format-standard","hentry","category-informativos","tag-penal-empresarial"],"fields":{"_edit_lock":["1746804854:13"],"_edit_last":["13"],"arquivo":[""],"_arquivo":["field_5cd093c67f0aa"],"subtitulo":[""],"_subtitulo":["field_5cc755a87dc0e"],"fonte":[""],"_fonte":["field_5cc73bceda287"],"td_post_theme_settings":["a:1:{s:16:\"td_post_template\";s:15:\"single_template\";}"],"_yoast_wpseo_primary_category":["5"],"_yoast_wpseo_focuskw":["STJ entende que \u00e9 leg\u00edtima a destitui\u00e7\u00e3o compuls\u00f3ria de advogados de defesa que postergam de maneira desarrazoada o desfecho da A\u00e7\u00e3o Penal."],"_yoast_wpseo_metadesc":["A Sexta Turma do Superior Tribunal de Justi\u00e7a, de maneira un\u00e2nime, julgou legal a decis\u00e3o da magistrada que destituiu advogado que deixou de apresentar alega\u00e7\u00f5es finais de r\u00e9u por 8 meses, mesmo tendo sido intimado 4 vezes nesse per\u00edodo. Tal mora se deu de maneira deliberada por conta do inconformismo da defesa t\u00e9cnica com decis\u00e3o anterior \u00e0 nega\u00e7\u00e3o do requerimento de dilig\u00eancia complementar.\u00a0"],"_yoast_wpseo_linkdex":["41"],"_yoast_wpseo_content_score":["30"],"_yoast_wpseo_estimated-reading-time-minutes":["2"],"post_views_count":["282"]},"acf":[],"yoast_head":"<!-- This site is optimized with the Yoast SEO plugin v27.4 - https:\/\/yoast.com\/product\/yoast-seo-wordpress\/ -->\n<title>STJ entende que \u00e9 leg\u00edtima a destitui\u00e7\u00e3o compuls\u00f3ria de advogados de defesa que postergam de maneira desarrazoada o desfecho da A\u00e7\u00e3o Penal.\u00a0 - Not\u00edcias | Siqueira Castro<\/title>\n<meta name=\"description\" content=\"A Sexta Turma do Superior Tribunal de Justi\u00e7a, de maneira un\u00e2nime, julgou legal a decis\u00e3o da magistrada que destituiu advogado que deixou de apresentar alega\u00e7\u00f5es finais de r\u00e9u por 8 meses, mesmo tendo sido intimado 4 vezes nesse per\u00edodo. Tal mora se deu de maneira deliberada por conta do inconformismo da defesa t\u00e9cnica com decis\u00e3o anterior \u00e0 nega\u00e7\u00e3o do requerimento de dilig\u00eancia complementar.\u00a0\" \/>\n<meta name=\"robots\" content=\"index, follow, max-snippet:-1, max-image-preview:large, max-video-preview:-1\" \/>\n<link rel=\"canonical\" href=\"https:\/\/www.siqueiracastro.com.br\/noticias\/stj-entende-que-e-legitima-a-destituicao-compulsoria-de-advogados-de-defesa-que-postergam-de-maneira-desarrazoada-o-desfecho-da-acao-penal\/\" \/>\n<meta property=\"og:locale\" content=\"pt_BR\" \/>\n<meta property=\"og:type\" content=\"article\" \/>\n<meta property=\"og:title\" content=\"STJ entende que \u00e9 leg\u00edtima a destitui\u00e7\u00e3o compuls\u00f3ria de advogados de defesa que postergam de maneira desarrazoada o desfecho da A\u00e7\u00e3o Penal.\u00a0 - Not\u00edcias | Siqueira Castro\" \/>\n<meta property=\"og:description\" content=\"A Sexta Turma do Superior Tribunal de Justi\u00e7a, de maneira un\u00e2nime, julgou legal a decis\u00e3o da magistrada que destituiu advogado que deixou de apresentar alega\u00e7\u00f5es finais de r\u00e9u por 8 meses, mesmo tendo sido intimado 4 vezes nesse per\u00edodo. Tal mora se deu de maneira deliberada por conta do inconformismo da defesa t\u00e9cnica com decis\u00e3o anterior \u00e0 nega\u00e7\u00e3o do requerimento de dilig\u00eancia complementar.\u00a0\" \/>\n<meta property=\"og:url\" content=\"https:\/\/www.siqueiracastro.com.br\/noticias\/stj-entende-que-e-legitima-a-destituicao-compulsoria-de-advogados-de-defesa-que-postergam-de-maneira-desarrazoada-o-desfecho-da-acao-penal\/\" \/>\n<meta property=\"og:site_name\" content=\"Not\u00edcias | Siqueira Castro\" \/>\n<meta property=\"article:publisher\" content=\"https:\/\/www.facebook.com\/siqueiracastro.advogados\" \/>\n<meta property=\"article:published_time\" content=\"2025-05-09T15:33:50+00:00\" \/>\n<meta property=\"article:modified_time\" content=\"2025-05-09T15:33:51+00:00\" \/>\n<meta property=\"og:image\" content=\"https:\/\/www.siqueiracastro.com.br\/noticias\/wp-content\/uploads\/05\/2-scaled.jpg\" \/>\n\t<meta property=\"og:image:width\" content=\"2560\" \/>\n\t<meta property=\"og:image:height\" content=\"1707\" \/>\n\t<meta property=\"og:image:type\" content=\"image\/jpeg\" \/>\n<meta name=\"author\" content=\"Annie Pereira Andrade\" \/>\n<meta name=\"twitter:card\" content=\"summary_large_image\" \/>\n<meta name=\"twitter:creator\" content=\"@_SiqueiraCastro\" \/>\n<meta name=\"twitter:site\" content=\"@_SiqueiraCastro\" \/>\n<meta name=\"twitter:label1\" content=\"Escrito por\" \/>\n\t<meta name=\"twitter:data1\" content=\"Annie Pereira Andrade\" \/>\n\t<meta name=\"twitter:label2\" content=\"Est. tempo de leitura\" \/>\n\t<meta name=\"twitter:data2\" content=\"2 minutos\" \/>\n<script type=\"application\/ld+json\" class=\"yoast-schema-graph\">{\"@context\":\"https:\\\/\\\/schema.org\",\"@graph\":[{\"@type\":\"Article\",\"@id\":\"https:\\\/\\\/www.siqueiracastro.com.br\\\/noticias\\\/stj-entende-que-e-legitima-a-destituicao-compulsoria-de-advogados-de-defesa-que-postergam-de-maneira-desarrazoada-o-desfecho-da-acao-penal\\\/#article\",\"isPartOf\":{\"@id\":\"https:\\\/\\\/www.siqueiracastro.com.br\\\/noticias\\\/stj-entende-que-e-legitima-a-destituicao-compulsoria-de-advogados-de-defesa-que-postergam-de-maneira-desarrazoada-o-desfecho-da-acao-penal\\\/\"},\"author\":{\"name\":\"Annie Pereira Andrade\",\"@id\":\"https:\\\/\\\/www.siqueiracastro.com.br\\\/noticias\\\/#\\\/schema\\\/person\\\/b3ad81cd2d679684cb660d7048070c31\"},\"headline\":\"STJ entende que \u00e9 leg\u00edtima a destitui\u00e7\u00e3o compuls\u00f3ria de advogados de defesa que postergam de maneira desarrazoada o desfecho da A\u00e7\u00e3o Penal.\u00a0\",\"datePublished\":\"2025-05-09T15:33:50+00:00\",\"dateModified\":\"2025-05-09T15:33:51+00:00\",\"mainEntityOfPage\":{\"@id\":\"https:\\\/\\\/www.siqueiracastro.com.br\\\/noticias\\\/stj-entende-que-e-legitima-a-destituicao-compulsoria-de-advogados-de-defesa-que-postergam-de-maneira-desarrazoada-o-desfecho-da-acao-penal\\\/\"},\"wordCount\":216,\"commentCount\":0,\"publisher\":{\"@id\":\"https:\\\/\\\/www.siqueiracastro.com.br\\\/noticias\\\/#organization\"},\"image\":{\"@id\":\"https:\\\/\\\/www.siqueiracastro.com.br\\\/noticias\\\/stj-entende-que-e-legitima-a-destituicao-compulsoria-de-advogados-de-defesa-que-postergam-de-maneira-desarrazoada-o-desfecho-da-acao-penal\\\/#primaryimage\"},\"thumbnailUrl\":\"https:\\\/\\\/www.siqueiracastro.com.br\\\/noticias\\\/wp-content\\\/uploads\\\/05\\\/2-1024x683.jpg\",\"keywords\":[\"Penal Empresarial\"],\"articleSection\":[\"Informativos\"],\"inLanguage\":\"pt-BR\",\"potentialAction\":[{\"@type\":\"CommentAction\",\"name\":\"Comment\",\"target\":[\"https:\\\/\\\/www.siqueiracastro.com.br\\\/noticias\\\/stj-entende-que-e-legitima-a-destituicao-compulsoria-de-advogados-de-defesa-que-postergam-de-maneira-desarrazoada-o-desfecho-da-acao-penal\\\/#respond\"]}]},{\"@type\":\"WebPage\",\"@id\":\"https:\\\/\\\/www.siqueiracastro.com.br\\\/noticias\\\/stj-entende-que-e-legitima-a-destituicao-compulsoria-de-advogados-de-defesa-que-postergam-de-maneira-desarrazoada-o-desfecho-da-acao-penal\\\/\",\"url\":\"https:\\\/\\\/www.siqueiracastro.com.br\\\/noticias\\\/stj-entende-que-e-legitima-a-destituicao-compulsoria-de-advogados-de-defesa-que-postergam-de-maneira-desarrazoada-o-desfecho-da-acao-penal\\\/\",\"name\":\"STJ entende que \u00e9 leg\u00edtima a destitui\u00e7\u00e3o compuls\u00f3ria de advogados de defesa que postergam de maneira desarrazoada o desfecho da A\u00e7\u00e3o Penal.\u00a0 - Not\u00edcias | Siqueira Castro\",\"isPartOf\":{\"@id\":\"https:\\\/\\\/www.siqueiracastro.com.br\\\/noticias\\\/#website\"},\"primaryImageOfPage\":{\"@id\":\"https:\\\/\\\/www.siqueiracastro.com.br\\\/noticias\\\/stj-entende-que-e-legitima-a-destituicao-compulsoria-de-advogados-de-defesa-que-postergam-de-maneira-desarrazoada-o-desfecho-da-acao-penal\\\/#primaryimage\"},\"image\":{\"@id\":\"https:\\\/\\\/www.siqueiracastro.com.br\\\/noticias\\\/stj-entende-que-e-legitima-a-destituicao-compulsoria-de-advogados-de-defesa-que-postergam-de-maneira-desarrazoada-o-desfecho-da-acao-penal\\\/#primaryimage\"},\"thumbnailUrl\":\"https:\\\/\\\/www.siqueiracastro.com.br\\\/noticias\\\/wp-content\\\/uploads\\\/05\\\/2-1024x683.jpg\",\"datePublished\":\"2025-05-09T15:33:50+00:00\",\"dateModified\":\"2025-05-09T15:33:51+00:00\",\"description\":\"A Sexta Turma do Superior Tribunal de Justi\u00e7a, de maneira un\u00e2nime, julgou legal a decis\u00e3o da magistrada que destituiu advogado que deixou de apresentar alega\u00e7\u00f5es finais de r\u00e9u por 8 meses, mesmo tendo sido intimado 4 vezes nesse per\u00edodo. Tal mora se deu de maneira deliberada por conta do inconformismo da defesa t\u00e9cnica com decis\u00e3o anterior \u00e0 nega\u00e7\u00e3o do requerimento de dilig\u00eancia complementar.\u00a0\",\"breadcrumb\":{\"@id\":\"https:\\\/\\\/www.siqueiracastro.com.br\\\/noticias\\\/stj-entende-que-e-legitima-a-destituicao-compulsoria-de-advogados-de-defesa-que-postergam-de-maneira-desarrazoada-o-desfecho-da-acao-penal\\\/#breadcrumb\"},\"inLanguage\":\"pt-BR\",\"potentialAction\":[{\"@type\":\"ReadAction\",\"target\":[\"https:\\\/\\\/www.siqueiracastro.com.br\\\/noticias\\\/stj-entende-que-e-legitima-a-destituicao-compulsoria-de-advogados-de-defesa-que-postergam-de-maneira-desarrazoada-o-desfecho-da-acao-penal\\\/\"]}]},{\"@type\":\"ImageObject\",\"inLanguage\":\"pt-BR\",\"@id\":\"https:\\\/\\\/www.siqueiracastro.com.br\\\/noticias\\\/stj-entende-que-e-legitima-a-destituicao-compulsoria-de-advogados-de-defesa-que-postergam-de-maneira-desarrazoada-o-desfecho-da-acao-penal\\\/#primaryimage\",\"url\":\"https:\\\/\\\/www.siqueiracastro.com.br\\\/noticias\\\/wp-content\\\/uploads\\\/05\\\/2-scaled.jpg\",\"contentUrl\":\"https:\\\/\\\/www.siqueiracastro.com.br\\\/noticias\\\/wp-content\\\/uploads\\\/05\\\/2-scaled.jpg\",\"width\":2560,\"height\":1707,\"caption\":\"Cropped image of business partners carrying briefcases on the foreground while their colleague standing on the background\"},{\"@type\":\"BreadcrumbList\",\"@id\":\"https:\\\/\\\/www.siqueiracastro.com.br\\\/noticias\\\/stj-entende-que-e-legitima-a-destituicao-compulsoria-de-advogados-de-defesa-que-postergam-de-maneira-desarrazoada-o-desfecho-da-acao-penal\\\/#breadcrumb\",\"itemListElement\":[{\"@type\":\"ListItem\",\"position\":1,\"name\":\"In\u00edcio\",\"item\":\"https:\\\/\\\/www.siqueiracastro.com.br\\\/noticias\\\/\"},{\"@type\":\"ListItem\",\"position\":2,\"name\":\"STJ entende que \u00e9 leg\u00edtima a destitui\u00e7\u00e3o compuls\u00f3ria de advogados de defesa que postergam de maneira desarrazoada o desfecho da A\u00e7\u00e3o Penal.\u00a0\"}]},{\"@type\":\"WebSite\",\"@id\":\"https:\\\/\\\/www.siqueiracastro.com.br\\\/noticias\\\/#website\",\"url\":\"https:\\\/\\\/www.siqueiracastro.com.br\\\/noticias\\\/\",\"name\":\"Not\u00edcias | Siqueira Castro\",\"description\":\"Not\u00edcias Siqueira Castro\",\"publisher\":{\"@id\":\"https:\\\/\\\/www.siqueiracastro.com.br\\\/noticias\\\/#organization\"},\"potentialAction\":[{\"@type\":\"SearchAction\",\"target\":{\"@type\":\"EntryPoint\",\"urlTemplate\":\"https:\\\/\\\/www.siqueiracastro.com.br\\\/noticias\\\/?s={search_term_string}\"},\"query-input\":{\"@type\":\"PropertyValueSpecification\",\"valueRequired\":true,\"valueName\":\"search_term_string\"}}],\"inLanguage\":\"pt-BR\"},{\"@type\":\"Organization\",\"@id\":\"https:\\\/\\\/www.siqueiracastro.com.br\\\/noticias\\\/#organization\",\"name\":\"Not\u00edcias | Siqueira Castro\",\"url\":\"https:\\\/\\\/www.siqueiracastro.com.br\\\/noticias\\\/\",\"logo\":{\"@type\":\"ImageObject\",\"inLanguage\":\"pt-BR\",\"@id\":\"https:\\\/\\\/www.siqueiracastro.com.br\\\/noticias\\\/#\\\/schema\\\/logo\\\/image\\\/\",\"url\":\"https:\\\/\\\/www.siqueiracastro.com.br\\\/noticias\\\/wp-content\\\/uploads\\\/04\\\/logo-sca-mobile.png\",\"contentUrl\":\"https:\\\/\\\/www.siqueiracastro.com.br\\\/noticias\\\/wp-content\\\/uploads\\\/04\\\/logo-sca-mobile.png\",\"width\":286,\"height\":70,\"caption\":\"Not\u00edcias | Siqueira Castro\"},\"image\":{\"@id\":\"https:\\\/\\\/www.siqueiracastro.com.br\\\/noticias\\\/#\\\/schema\\\/logo\\\/image\\\/\"},\"sameAs\":[\"https:\\\/\\\/www.facebook.com\\\/siqueiracastro.advogados\",\"https:\\\/\\\/x.com\\\/_SiqueiraCastro\"]},{\"@type\":\"Person\",\"@id\":\"https:\\\/\\\/www.siqueiracastro.com.br\\\/noticias\\\/#\\\/schema\\\/person\\\/b3ad81cd2d679684cb660d7048070c31\",\"name\":\"Annie Pereira Andrade\",\"image\":{\"@type\":\"ImageObject\",\"inLanguage\":\"pt-BR\",\"@id\":\"https:\\\/\\\/www.siqueiracastro.com.br\\\/noticias\\\/wp-content\\\/litespeed\\\/avatar\\\/ea8ff2f7d87cd5ad3a1cb5e87cd025b6.jpg?ver=1777561346\",\"url\":\"https:\\\/\\\/www.siqueiracastro.com.br\\\/noticias\\\/wp-content\\\/litespeed\\\/avatar\\\/ea8ff2f7d87cd5ad3a1cb5e87cd025b6.jpg?ver=1777561346\",\"contentUrl\":\"https:\\\/\\\/www.siqueiracastro.com.br\\\/noticias\\\/wp-content\\\/litespeed\\\/avatar\\\/ea8ff2f7d87cd5ad3a1cb5e87cd025b6.jpg?ver=1777561346\",\"caption\":\"Annie Pereira Andrade\"},\"url\":\"https:\\\/\\\/www.siqueiracastro.com.br\\\/noticias\\\/author\\\/annie\\\/\"}]}<\/script>\n<!-- \/ Yoast SEO plugin. -->","yoast_head_json":{"title":"STJ entende que \u00e9 leg\u00edtima a destitui\u00e7\u00e3o compuls\u00f3ria de advogados de defesa que postergam de maneira desarrazoada o desfecho da A\u00e7\u00e3o Penal.\u00a0 - Not\u00edcias | Siqueira Castro","description":"A Sexta Turma do Superior Tribunal de Justi\u00e7a, de maneira un\u00e2nime, julgou legal a decis\u00e3o da magistrada que destituiu advogado que deixou de apresentar alega\u00e7\u00f5es finais de r\u00e9u por 8 meses, mesmo tendo sido intimado 4 vezes nesse per\u00edodo. Tal mora se deu de maneira deliberada por conta do inconformismo da defesa t\u00e9cnica com decis\u00e3o anterior \u00e0 nega\u00e7\u00e3o do requerimento de dilig\u00eancia complementar.\u00a0","robots":{"index":"index","follow":"follow","max-snippet":"max-snippet:-1","max-image-preview":"max-image-preview:large","max-video-preview":"max-video-preview:-1"},"canonical":"https:\/\/www.siqueiracastro.com.br\/noticias\/stj-entende-que-e-legitima-a-destituicao-compulsoria-de-advogados-de-defesa-que-postergam-de-maneira-desarrazoada-o-desfecho-da-acao-penal\/","og_locale":"pt_BR","og_type":"article","og_title":"STJ entende que \u00e9 leg\u00edtima a destitui\u00e7\u00e3o compuls\u00f3ria de advogados de defesa que postergam de maneira desarrazoada o desfecho da A\u00e7\u00e3o Penal.\u00a0 - Not\u00edcias | Siqueira Castro","og_description":"A Sexta Turma do Superior Tribunal de Justi\u00e7a, de maneira un\u00e2nime, julgou legal a decis\u00e3o da magistrada que destituiu advogado que deixou de apresentar alega\u00e7\u00f5es finais de r\u00e9u por 8 meses, mesmo tendo sido intimado 4 vezes nesse per\u00edodo. Tal mora se deu de maneira deliberada por conta do inconformismo da defesa t\u00e9cnica com decis\u00e3o anterior \u00e0 nega\u00e7\u00e3o do requerimento de dilig\u00eancia complementar.\u00a0","og_url":"https:\/\/www.siqueiracastro.com.br\/noticias\/stj-entende-que-e-legitima-a-destituicao-compulsoria-de-advogados-de-defesa-que-postergam-de-maneira-desarrazoada-o-desfecho-da-acao-penal\/","og_site_name":"Not\u00edcias | Siqueira Castro","article_publisher":"https:\/\/www.facebook.com\/siqueiracastro.advogados","article_published_time":"2025-05-09T15:33:50+00:00","article_modified_time":"2025-05-09T15:33:51+00:00","og_image":[{"width":2560,"height":1707,"url":"https:\/\/www.siqueiracastro.com.br\/noticias\/wp-content\/uploads\/05\/2-scaled.jpg","type":"image\/jpeg"}],"author":"Annie Pereira Andrade","twitter_card":"summary_large_image","twitter_creator":"@_SiqueiraCastro","twitter_site":"@_SiqueiraCastro","twitter_misc":{"Escrito por":"Annie Pereira Andrade","Est. tempo de leitura":"2 minutos"},"schema":{"@context":"https:\/\/schema.org","@graph":[{"@type":"Article","@id":"https:\/\/www.siqueiracastro.com.br\/noticias\/stj-entende-que-e-legitima-a-destituicao-compulsoria-de-advogados-de-defesa-que-postergam-de-maneira-desarrazoada-o-desfecho-da-acao-penal\/#article","isPartOf":{"@id":"https:\/\/www.siqueiracastro.com.br\/noticias\/stj-entende-que-e-legitima-a-destituicao-compulsoria-de-advogados-de-defesa-que-postergam-de-maneira-desarrazoada-o-desfecho-da-acao-penal\/"},"author":{"name":"Annie Pereira Andrade","@id":"https:\/\/www.siqueiracastro.com.br\/noticias\/#\/schema\/person\/b3ad81cd2d679684cb660d7048070c31"},"headline":"STJ entende que \u00e9 leg\u00edtima a destitui\u00e7\u00e3o compuls\u00f3ria de advogados de defesa que postergam de maneira desarrazoada o desfecho da A\u00e7\u00e3o Penal.\u00a0","datePublished":"2025-05-09T15:33:50+00:00","dateModified":"2025-05-09T15:33:51+00:00","mainEntityOfPage":{"@id":"https:\/\/www.siqueiracastro.com.br\/noticias\/stj-entende-que-e-legitima-a-destituicao-compulsoria-de-advogados-de-defesa-que-postergam-de-maneira-desarrazoada-o-desfecho-da-acao-penal\/"},"wordCount":216,"commentCount":0,"publisher":{"@id":"https:\/\/www.siqueiracastro.com.br\/noticias\/#organization"},"image":{"@id":"https:\/\/www.siqueiracastro.com.br\/noticias\/stj-entende-que-e-legitima-a-destituicao-compulsoria-de-advogados-de-defesa-que-postergam-de-maneira-desarrazoada-o-desfecho-da-acao-penal\/#primaryimage"},"thumbnailUrl":"https:\/\/www.siqueiracastro.com.br\/noticias\/wp-content\/uploads\/05\/2-1024x683.jpg","keywords":["Penal Empresarial"],"articleSection":["Informativos"],"inLanguage":"pt-BR","potentialAction":[{"@type":"CommentAction","name":"Comment","target":["https:\/\/www.siqueiracastro.com.br\/noticias\/stj-entende-que-e-legitima-a-destituicao-compulsoria-de-advogados-de-defesa-que-postergam-de-maneira-desarrazoada-o-desfecho-da-acao-penal\/#respond"]}]},{"@type":"WebPage","@id":"https:\/\/www.siqueiracastro.com.br\/noticias\/stj-entende-que-e-legitima-a-destituicao-compulsoria-de-advogados-de-defesa-que-postergam-de-maneira-desarrazoada-o-desfecho-da-acao-penal\/","url":"https:\/\/www.siqueiracastro.com.br\/noticias\/stj-entende-que-e-legitima-a-destituicao-compulsoria-de-advogados-de-defesa-que-postergam-de-maneira-desarrazoada-o-desfecho-da-acao-penal\/","name":"STJ entende que \u00e9 leg\u00edtima a destitui\u00e7\u00e3o compuls\u00f3ria de advogados de defesa que postergam de maneira desarrazoada o desfecho da A\u00e7\u00e3o Penal.\u00a0 - Not\u00edcias | Siqueira Castro","isPartOf":{"@id":"https:\/\/www.siqueiracastro.com.br\/noticias\/#website"},"primaryImageOfPage":{"@id":"https:\/\/www.siqueiracastro.com.br\/noticias\/stj-entende-que-e-legitima-a-destituicao-compulsoria-de-advogados-de-defesa-que-postergam-de-maneira-desarrazoada-o-desfecho-da-acao-penal\/#primaryimage"},"image":{"@id":"https:\/\/www.siqueiracastro.com.br\/noticias\/stj-entende-que-e-legitima-a-destituicao-compulsoria-de-advogados-de-defesa-que-postergam-de-maneira-desarrazoada-o-desfecho-da-acao-penal\/#primaryimage"},"thumbnailUrl":"https:\/\/www.siqueiracastro.com.br\/noticias\/wp-content\/uploads\/05\/2-1024x683.jpg","datePublished":"2025-05-09T15:33:50+00:00","dateModified":"2025-05-09T15:33:51+00:00","description":"A Sexta Turma do Superior Tribunal de Justi\u00e7a, de maneira un\u00e2nime, julgou legal a decis\u00e3o da magistrada que destituiu advogado que deixou de apresentar alega\u00e7\u00f5es finais de r\u00e9u por 8 meses, mesmo tendo sido intimado 4 vezes nesse per\u00edodo. Tal mora se deu de maneira deliberada por conta do inconformismo da defesa t\u00e9cnica com decis\u00e3o anterior \u00e0 nega\u00e7\u00e3o do requerimento de dilig\u00eancia complementar.\u00a0","breadcrumb":{"@id":"https:\/\/www.siqueiracastro.com.br\/noticias\/stj-entende-que-e-legitima-a-destituicao-compulsoria-de-advogados-de-defesa-que-postergam-de-maneira-desarrazoada-o-desfecho-da-acao-penal\/#breadcrumb"},"inLanguage":"pt-BR","potentialAction":[{"@type":"ReadAction","target":["https:\/\/www.siqueiracastro.com.br\/noticias\/stj-entende-que-e-legitima-a-destituicao-compulsoria-de-advogados-de-defesa-que-postergam-de-maneira-desarrazoada-o-desfecho-da-acao-penal\/"]}]},{"@type":"ImageObject","inLanguage":"pt-BR","@id":"https:\/\/www.siqueiracastro.com.br\/noticias\/stj-entende-que-e-legitima-a-destituicao-compulsoria-de-advogados-de-defesa-que-postergam-de-maneira-desarrazoada-o-desfecho-da-acao-penal\/#primaryimage","url":"https:\/\/www.siqueiracastro.com.br\/noticias\/wp-content\/uploads\/05\/2-scaled.jpg","contentUrl":"https:\/\/www.siqueiracastro.com.br\/noticias\/wp-content\/uploads\/05\/2-scaled.jpg","width":2560,"height":1707,"caption":"Cropped image of business partners carrying briefcases on the foreground while their colleague standing on the background"},{"@type":"BreadcrumbList","@id":"https:\/\/www.siqueiracastro.com.br\/noticias\/stj-entende-que-e-legitima-a-destituicao-compulsoria-de-advogados-de-defesa-que-postergam-de-maneira-desarrazoada-o-desfecho-da-acao-penal\/#breadcrumb","itemListElement":[{"@type":"ListItem","position":1,"name":"In\u00edcio","item":"https:\/\/www.siqueiracastro.com.br\/noticias\/"},{"@type":"ListItem","position":2,"name":"STJ entende que \u00e9 leg\u00edtima a destitui\u00e7\u00e3o compuls\u00f3ria de advogados de defesa que postergam de maneira desarrazoada o desfecho da A\u00e7\u00e3o Penal.\u00a0"}]},{"@type":"WebSite","@id":"https:\/\/www.siqueiracastro.com.br\/noticias\/#website","url":"https:\/\/www.siqueiracastro.com.br\/noticias\/","name":"Not\u00edcias | Siqueira Castro","description":"Not\u00edcias Siqueira Castro","publisher":{"@id":"https:\/\/www.siqueiracastro.com.br\/noticias\/#organization"},"potentialAction":[{"@type":"SearchAction","target":{"@type":"EntryPoint","urlTemplate":"https:\/\/www.siqueiracastro.com.br\/noticias\/?s={search_term_string}"},"query-input":{"@type":"PropertyValueSpecification","valueRequired":true,"valueName":"search_term_string"}}],"inLanguage":"pt-BR"},{"@type":"Organization","@id":"https:\/\/www.siqueiracastro.com.br\/noticias\/#organization","name":"Not\u00edcias | Siqueira Castro","url":"https:\/\/www.siqueiracastro.com.br\/noticias\/","logo":{"@type":"ImageObject","inLanguage":"pt-BR","@id":"https:\/\/www.siqueiracastro.com.br\/noticias\/#\/schema\/logo\/image\/","url":"https:\/\/www.siqueiracastro.com.br\/noticias\/wp-content\/uploads\/04\/logo-sca-mobile.png","contentUrl":"https:\/\/www.siqueiracastro.com.br\/noticias\/wp-content\/uploads\/04\/logo-sca-mobile.png","width":286,"height":70,"caption":"Not\u00edcias | Siqueira Castro"},"image":{"@id":"https:\/\/www.siqueiracastro.com.br\/noticias\/#\/schema\/logo\/image\/"},"sameAs":["https:\/\/www.facebook.com\/siqueiracastro.advogados","https:\/\/x.com\/_SiqueiraCastro"]},{"@type":"Person","@id":"https:\/\/www.siqueiracastro.com.br\/noticias\/#\/schema\/person\/b3ad81cd2d679684cb660d7048070c31","name":"Annie Pereira Andrade","image":{"@type":"ImageObject","inLanguage":"pt-BR","@id":"https:\/\/www.siqueiracastro.com.br\/noticias\/wp-content\/litespeed\/avatar\/ea8ff2f7d87cd5ad3a1cb5e87cd025b6.jpg?ver=1777561346","url":"https:\/\/www.siqueiracastro.com.br\/noticias\/wp-content\/litespeed\/avatar\/ea8ff2f7d87cd5ad3a1cb5e87cd025b6.jpg?ver=1777561346","contentUrl":"https:\/\/www.siqueiracastro.com.br\/noticias\/wp-content\/litespeed\/avatar\/ea8ff2f7d87cd5ad3a1cb5e87cd025b6.jpg?ver=1777561346","caption":"Annie Pereira Andrade"},"url":"https:\/\/www.siqueiracastro.com.br\/noticias\/author\/annie\/"}]}},"_links":{"self":[{"href":"https:\/\/www.siqueiracastro.com.br\/noticias\/wp-json\/wp\/v2\/posts\/38767","targetHints":{"allow":["GET"]}}],"collection":[{"href":"https:\/\/www.siqueiracastro.com.br\/noticias\/wp-json\/wp\/v2\/posts"}],"about":[{"href":"https:\/\/www.siqueiracastro.com.br\/noticias\/wp-json\/wp\/v2\/types\/post"}],"author":[{"embeddable":true,"href":"https:\/\/www.siqueiracastro.com.br\/noticias\/wp-json\/wp\/v2\/users\/13"}],"replies":[{"embeddable":true,"href":"https:\/\/www.siqueiracastro.com.br\/noticias\/wp-json\/wp\/v2\/comments?post=38767"}],"version-history":[{"count":1,"href":"https:\/\/www.siqueiracastro.com.br\/noticias\/wp-json\/wp\/v2\/posts\/38767\/revisions"}],"predecessor-version":[{"id":38768,"href":"https:\/\/www.siqueiracastro.com.br\/noticias\/wp-json\/wp\/v2\/posts\/38767\/revisions\/38768"}],"wp:attachment":[{"href":"https:\/\/www.siqueiracastro.com.br\/noticias\/wp-json\/wp\/v2\/media?parent=38767"}],"wp:term":[{"taxonomy":"category","embeddable":true,"href":"https:\/\/www.siqueiracastro.com.br\/noticias\/wp-json\/wp\/v2\/categories?post=38767"},{"taxonomy":"post_tag","embeddable":true,"href":"https:\/\/www.siqueiracastro.com.br\/noticias\/wp-json\/wp\/v2\/tags?post=38767"}],"curies":[{"name":"wp","href":"https:\/\/api.w.org\/{rel}","templated":true}]}}