{"id":39846,"date":"2026-04-24T07:55:51","date_gmt":"2026-04-24T10:55:51","guid":{"rendered":"https:\/\/www.siqueiracastro.com.br\/noticias\/?p=39846"},"modified":"2026-04-24T07:56:20","modified_gmt":"2026-04-24T10:56:20","slug":"siqueiracastro-promove-quatro-advogados-associados-a-socios-de-capital-nas-areas-de-contencioso-estrategico-e-penal-empresarial","status":"publish","type":"post","link":"https:\/\/www.siqueiracastro.com.br\/noticias\/siqueiracastro-promove-quatro-advogados-associados-a-socios-de-capital-nas-areas-de-contencioso-estrategico-e-penal-empresarial\/","title":{"rendered":"SiqueiraCastro\u00a0promove quatro advogados associados a s\u00f3cios de capital nas \u00e1reas de Contencioso Estrat\u00e9gico e Penal Empresarial\u00a0"},"content":{"rendered":"\n<p><em>Profissionais formados internamente refor\u00e7am atua\u00e7\u00e3o integrada do escrit\u00f3rio em duas \u00e1reas estrat\u00e9gicas com presen\u00e7a consolidada e coordena\u00e7\u00e3o em \u00e2mbito nacional.<\/em>&nbsp;<\/p>\n\n\n\n<figure class=\"wp-block-image size-full\"><img loading=\"lazy\" decoding=\"async\" width=\"800\" height=\"281\" src=\"https:\/\/www.siqueiracastro.com.br\/noticias\/wp-content\/uploads\/04\/Socios.jpg\" alt=\"\" class=\"wp-image-39860\" srcset=\"https:\/\/www.siqueiracastro.com.br\/noticias\/wp-content\/uploads\/04\/Socios.jpg 800w, https:\/\/www.siqueiracastro.com.br\/noticias\/wp-content\/uploads\/04\/Socios-300x105.jpg 300w, https:\/\/www.siqueiracastro.com.br\/noticias\/wp-content\/uploads\/04\/Socios-768x270.jpg 768w\" sizes=\"auto, (max-width: 800px) 100vw, 800px\" \/><\/figure>\n\n\n\n<p><br>S\u00e3o Paulo e Rio de Janeiro, abril de 2026 &#8211; A\u00a0SiqueiraCastro\u00a0anuncia a promo\u00e7\u00e3o de quatro advogados associados ao quadro de s\u00f3cios de capital em duas \u00e1reas de atua\u00e7\u00e3o: Contencioso Estrat\u00e9gico e Arbitragem e Penal Empresarial. Os quatro s\u00e3o profissionais formados internamente, que constru\u00edram trajet\u00f3rias dentro do pr\u00f3prio escrit\u00f3rio e chegam \u00e0 sociedade com o conhecimento aprofundado da cultura, clientes e metodologia de trabalho da SiqueiraCastro.\u00a0<\/p>\n\n\n\n<p>&#8220;A promo\u00e7\u00e3o de talentos formados dentro de casa \u00e9 uma relevante afirma\u00e7\u00e3o de cultura. Quando algu\u00e9m cresce na&nbsp;SiqueiraCastro&nbsp;e chega \u00e0 sociedade, traz, al\u00e9m da compet\u00eancia t\u00e9cnica, o DNA do escrit\u00f3rio: \u00e9tica, vis\u00e3o estrat\u00e9gica, excel\u00eancia t\u00e9cnica e comprometimento com nossos clientes\u201d, afirma Carlos Fernando Siqueira Castro, CEO.&nbsp;<\/p>\n\n\n\n<p><strong>Contencioso Estrat\u00e9gico e Arbitragem: Expans\u00e3o e estrat\u00e9gia<\/strong>&nbsp;<\/p>\n\n\n\n<p>O Contencioso Estrat\u00e9gico e Arbitragem \u00e9 uma das \u00e1reas de crescimento priorit\u00e1rio da&nbsp;SiqueiraCastro. Com o refor\u00e7o de dois novos s\u00f3cios de capital, a \u00e1rea amplia a capacidade de lideran\u00e7a para acelerar o ganho de mercado em disputas complexas, arbitragens nacionais e internacionais, media\u00e7\u00e3o e assessoria estrat\u00e9gica em lit\u00edgios comerciais complexos.&nbsp;<\/p>\n\n\n\n<p><strong>Caroline Gomes&nbsp;Tabach&nbsp;da Rocha\u202f<\/strong>possui mais de 15 anos de experi\u00eancia na condu\u00e7\u00e3o de processos judiciais e procedimentos arbitrais de alta complexidade e media\u00e7\u00e3o. No escrit\u00f3rio desde 2013, atua em processos e arbitragens nacionais e internacionais que abrangem responsabilidade civil e contratos, disputas societ\u00e1rias, regula\u00e7\u00e3o, seguros, improbidade administrativa, concorr\u00eancia desleal e planejamento patrimonial.&nbsp;<\/p>\n\n\n\n<p>&#8220;Constru\u00ed minha trajet\u00f3ria profissional majoritariamente na&nbsp;SiqueiraCastro. Esta promo\u00e7\u00e3o \u00e9 o reconhecimento de um trabalho que sempre teve como norte a entrega de solu\u00e7\u00f5es efetivas para os nossos clientes, com estrat\u00e9gia e profundidade t\u00e9cnica\u201d, afirma Caroline.&nbsp;<\/p>\n\n\n\n<p><strong>Alberto Luiz&nbsp;Raffaini&nbsp;de Almeida Santos\u202f<\/strong>conta com mais de 15 anos de experi\u00eancia em lit\u00edgios comerciais complexos. Sua atua\u00e7\u00e3o concentra-se nas \u00e1reas de direito\u202fcivil, empresarial, imobili\u00e1rio e urban\u00edstico, com expertise consolidada na gest\u00e3o estrat\u00e9gica de demandas judiciais, condu\u00e7\u00e3o de disputas e negocia\u00e7\u00f5es de alto valor.&nbsp;<\/p>\n\n\n\n<p>&#8220;Esta promo\u00e7\u00e3o representa o reconhecimento de um trabalho constru\u00eddo com dedica\u00e7\u00e3o e foco em resultados. Meu compromisso segue o mesmo: conduzir disputas complexas com rigor t\u00e9cnico, vis\u00e3o estrat\u00e9gica e total alinhamento aos objetivos dos nossos clientes&#8221;, afirma Alberto.&nbsp;<\/p>\n\n\n\n<p><strong>Penal Empresarial: Lideran\u00e7a federalizada com conhecimento regional<\/strong>&nbsp;<\/p>\n\n\n\n<p>A \u00e1rea passa a contar com dois s\u00f3cios de capital simultaneamente promovidos em nossas duas principais unidades:\u202f<strong>Gilberto Alves J\u00fanior<\/strong>, em S\u00e3o Paulo, e\u202f<strong>Raphael Coelho dos Santos<\/strong>, no Rio de Janeiro. O movimento consolida uma estrutura de lideran\u00e7a federalizada, com conhecimento local aprofundado e capacidade de atua\u00e7\u00e3o coordenada em \u00e2mbito nacional.&nbsp;<\/p>\n\n\n\n<p>Gilberto Alves J\u00fanior possui mais de 20 anos de experi\u00eancia em Direito Penal, com \u00eanfase em Penal Empresarial. Sua atua\u00e7\u00e3o \u00e9 abrangente em todas as esferas da advocacia criminal, com forte atua\u00e7\u00e3o em lit\u00edgios criminais tribut\u00e1rios, ambientais, consumeristas e&nbsp;concorrenciais\u202f em&nbsp;todo o territ\u00f3rio nacional. Possui vasta experi\u00eancia na condu\u00e7\u00e3o de estrat\u00e9gias jur\u00eddicas em contextos de gest\u00e3o de crises corporativas, negocia\u00e7\u00f5es criminais e mitiga\u00e7\u00e3o de riscos legais.&nbsp;<\/p>\n\n\n\n<p>&#8220;A crescente complexidade das demandas penais no ambiente corporativo exige uma atua\u00e7\u00e3o cada vez mais coordenada e estrat\u00e9gica. Nosso foco \u00e9 fortalecer essa abordagem, conectando expertise t\u00e9cnica \u00e0 realidade dos neg\u00f3cios e \u00e0 gest\u00e3o de riscos&#8221;, comenta Gilberto.&nbsp;<\/p>\n\n\n\n<p>Raphael Coelho dos Santos tem cerca de 15 anos de atua\u00e7\u00e3o no Penal Empresarial da&nbsp;SiqueiraCastro, tendo anteriormente trabalhado em renomadas boutiques da \u00e1rea penal. Possui atua\u00e7\u00e3o destacada em demandas estrat\u00e9gicas de compliance criminal, responsabilidade penal empresarial e investiga\u00e7\u00f5es sens\u00edveis envolvendo empresas e altos executivos. Atua em processos criminais em todas as inst\u00e2ncias do Poder Judici\u00e1rio e assessora empresas na estrutura\u00e7\u00e3o de programas de integridade, pol\u00edticas de governan\u00e7a e mecanismos de preven\u00e7\u00e3o de riscos penais.&nbsp;<\/p>\n\n\n\n<p>&#8220;Assumir a posi\u00e7\u00e3o de s\u00f3cio neste momento reflete a evolu\u00e7\u00e3o de uma atua\u00e7\u00e3o cada vez mais estrat\u00e9gica e preventiva no Direito Penal Empresarial, o que \u00e9 poss\u00edvel gra\u00e7as \u00e0 nossa abrang\u00eancia nacional e \u00e0 nossa estrutura full&nbsp;service. Seguimos comprometidos em contribuir para decis\u00f5es seguras, alinhadas \u00e0 governan\u00e7a e \u00e0 mitiga\u00e7\u00e3o de riscos das organiza\u00e7\u00f5es&#8221;, afirma Raphael.&nbsp;<\/p>\n\n\n\n<p><\/p>\n\n\n\n<p><\/p>\n","protected":false},"excerpt":{"rendered":"<p>Profissionais formados internamente refor\u00e7am atua\u00e7\u00e3o integrada do escrit\u00f3rio em duas \u00e1reas estrat\u00e9gicas com presen\u00e7a consolidada e coordena\u00e7\u00e3o em \u00e2mbito nacional.&nbsp; S\u00e3o Paulo e Rio de Janeiro, abril de 2026 &#8211; A\u00a0SiqueiraCastro\u00a0anuncia a promo\u00e7\u00e3o de quatro advogados associados ao quadro de s\u00f3cios de capital em duas \u00e1reas de atua\u00e7\u00e3o: Contencioso Estrat\u00e9gico e Arbitragem e Penal Empresarial. [&hellip;]<\/p>\n","protected":false},"author":13,"featured_media":0,"comment_status":"open","ping_status":"open","sticky":false,"template":"","format":"standard","meta":{"_acf_changed":false,"footnotes":""},"categories":[366,421,440,374],"tags":[261,184],"class_list":["post-39846","post","type-post","status-publish","format-standard","hentry","category-contencioso-estrategico-e-arbitragem","category-institucional","category-noticias","category-penal-empresarial-2","tag-contencioso-estrategico-e-arbitragem","tag-penal-empresarial"],"fields":{"_edit_lock":["1777028182:18"],"_edit_last":["18"],"arquivo":[""],"_arquivo":["field_5cd093c67f0aa"],"subtitulo":[""],"_subtitulo":["field_5cc755a87dc0e"],"fonte":[""],"_fonte":["field_5cc73bceda287"],"td_post_theme_settings":["a:1:{s:16:\"td_post_template\";s:15:\"single_template\";}"],"_yoast_wpseo_primary_category":["440"],"_yoast_wpseo_focuskw":["SiqueiraCastro\u00a0promove quatro advogados associados a s\u00f3cios de capital nas \u00e1reas de Contencioso Estrat\u00e9gico e Penal Empresarial"],"_yoast_wpseo_metadesc":["Profissionais formados internamente refor\u00e7am atua\u00e7\u00e3o integrada do escrit\u00f3rio em duas \u00e1reas estrat\u00e9gicas com presen\u00e7a consolidada e coordena\u00e7\u00e3o em \u00e2mbito nacional.\u00a0"],"_yoast_wpseo_content_score":["30"],"_yoast_wpseo_estimated-reading-time-minutes":["4"],"post_views_count":["14"],"_yoast_wpseo_linkdex":["60"],"_wp_old_date":["2026-04-23"],"_pingme":["1"],"_encloseme":["1"]},"acf":[],"yoast_head":"<!-- This site is optimized with the Yoast SEO plugin v27.4 - https:\/\/yoast.com\/product\/yoast-seo-wordpress\/ -->\n<title>SiqueiraCastro\u00a0promove quatro advogados associados a s\u00f3cios de capital nas \u00e1reas de Contencioso Estrat\u00e9gico e Penal Empresarial\u00a0 - Not\u00edcias | Siqueira Castro<\/title>\n<meta name=\"description\" content=\"Profissionais formados internamente refor\u00e7am atua\u00e7\u00e3o integrada do escrit\u00f3rio em duas \u00e1reas estrat\u00e9gicas com presen\u00e7a consolidada e coordena\u00e7\u00e3o em \u00e2mbito nacional.\u00a0\" \/>\n<meta name=\"robots\" content=\"index, follow, max-snippet:-1, max-image-preview:large, max-video-preview:-1\" \/>\n<link rel=\"canonical\" href=\"https:\/\/www.siqueiracastro.com.br\/noticias\/siqueiracastro-promove-quatro-advogados-associados-a-socios-de-capital-nas-areas-de-contencioso-estrategico-e-penal-empresarial\/\" \/>\n<meta property=\"og:locale\" content=\"pt_BR\" \/>\n<meta property=\"og:type\" content=\"article\" \/>\n<meta property=\"og:title\" content=\"SiqueiraCastro\u00a0promove quatro advogados associados a s\u00f3cios de capital nas \u00e1reas de Contencioso Estrat\u00e9gico e Penal Empresarial\u00a0 - Not\u00edcias | Siqueira Castro\" \/>\n<meta property=\"og:description\" content=\"Profissionais formados internamente refor\u00e7am atua\u00e7\u00e3o integrada do escrit\u00f3rio em duas \u00e1reas estrat\u00e9gicas com presen\u00e7a consolidada e coordena\u00e7\u00e3o em \u00e2mbito nacional.\u00a0\" \/>\n<meta property=\"og:url\" content=\"https:\/\/www.siqueiracastro.com.br\/noticias\/siqueiracastro-promove-quatro-advogados-associados-a-socios-de-capital-nas-areas-de-contencioso-estrategico-e-penal-empresarial\/\" \/>\n<meta property=\"og:site_name\" content=\"Not\u00edcias | Siqueira Castro\" \/>\n<meta property=\"article:publisher\" content=\"https:\/\/www.facebook.com\/siqueiracastro.advogados\" \/>\n<meta property=\"article:published_time\" content=\"2026-04-24T10:55:51+00:00\" \/>\n<meta property=\"article:modified_time\" content=\"2026-04-24T10:56:20+00:00\" \/>\n<meta property=\"og:image\" content=\"https:\/\/www.siqueiracastro.com.br\/noticias\/wp-content\/uploads\/04\/Socios.jpg\" \/>\n\t<meta property=\"og:image:width\" content=\"800\" \/>\n\t<meta property=\"og:image:height\" content=\"281\" \/>\n\t<meta property=\"og:image:type\" content=\"image\/jpeg\" \/>\n<meta name=\"author\" content=\"Annie Pereira Andrade\" \/>\n<meta name=\"twitter:card\" content=\"summary_large_image\" \/>\n<meta name=\"twitter:creator\" content=\"@_SiqueiraCastro\" \/>\n<meta name=\"twitter:site\" content=\"@_SiqueiraCastro\" \/>\n<meta name=\"twitter:label1\" content=\"Escrito por\" \/>\n\t<meta name=\"twitter:data1\" content=\"Annie Pereira Andrade\" \/>\n\t<meta name=\"twitter:label2\" content=\"Est. tempo de leitura\" \/>\n\t<meta name=\"twitter:data2\" content=\"4 minutos\" \/>\n<script type=\"application\/ld+json\" class=\"yoast-schema-graph\">{\"@context\":\"https:\\\/\\\/schema.org\",\"@graph\":[{\"@type\":\"Article\",\"@id\":\"https:\\\/\\\/www.siqueiracastro.com.br\\\/noticias\\\/siqueiracastro-promove-quatro-advogados-associados-a-socios-de-capital-nas-areas-de-contencioso-estrategico-e-penal-empresarial\\\/#article\",\"isPartOf\":{\"@id\":\"https:\\\/\\\/www.siqueiracastro.com.br\\\/noticias\\\/siqueiracastro-promove-quatro-advogados-associados-a-socios-de-capital-nas-areas-de-contencioso-estrategico-e-penal-empresarial\\\/\"},\"author\":{\"name\":\"Annie Pereira Andrade\",\"@id\":\"https:\\\/\\\/www.siqueiracastro.com.br\\\/noticias\\\/#\\\/schema\\\/person\\\/b3ad81cd2d679684cb660d7048070c31\"},\"headline\":\"SiqueiraCastro\u00a0promove quatro advogados associados a s\u00f3cios de capital nas \u00e1reas de Contencioso Estrat\u00e9gico e Penal Empresarial\u00a0\",\"datePublished\":\"2026-04-24T10:55:51+00:00\",\"dateModified\":\"2026-04-24T10:56:20+00:00\",\"mainEntityOfPage\":{\"@id\":\"https:\\\/\\\/www.siqueiracastro.com.br\\\/noticias\\\/siqueiracastro-promove-quatro-advogados-associados-a-socios-de-capital-nas-areas-de-contencioso-estrategico-e-penal-empresarial\\\/\"},\"wordCount\":802,\"commentCount\":0,\"publisher\":{\"@id\":\"https:\\\/\\\/www.siqueiracastro.com.br\\\/noticias\\\/#organization\"},\"image\":{\"@id\":\"https:\\\/\\\/www.siqueiracastro.com.br\\\/noticias\\\/siqueiracastro-promove-quatro-advogados-associados-a-socios-de-capital-nas-areas-de-contencioso-estrategico-e-penal-empresarial\\\/#primaryimage\"},\"thumbnailUrl\":\"https:\\\/\\\/www.siqueiracastro.com.br\\\/noticias\\\/wp-content\\\/uploads\\\/04\\\/Socios.jpg\",\"keywords\":[\"Contencioso estrat\u00e9gico e arbitragem\",\"Penal Empresarial\"],\"articleSection\":[\"Contencioso Estrat\u00e9gico e Arbitragem\",\"Institucional\",\"Not\u00edcias\",\"Penal Empresarial\"],\"inLanguage\":\"pt-BR\",\"potentialAction\":[{\"@type\":\"CommentAction\",\"name\":\"Comment\",\"target\":[\"https:\\\/\\\/www.siqueiracastro.com.br\\\/noticias\\\/siqueiracastro-promove-quatro-advogados-associados-a-socios-de-capital-nas-areas-de-contencioso-estrategico-e-penal-empresarial\\\/#respond\"]}]},{\"@type\":\"WebPage\",\"@id\":\"https:\\\/\\\/www.siqueiracastro.com.br\\\/noticias\\\/siqueiracastro-promove-quatro-advogados-associados-a-socios-de-capital-nas-areas-de-contencioso-estrategico-e-penal-empresarial\\\/\",\"url\":\"https:\\\/\\\/www.siqueiracastro.com.br\\\/noticias\\\/siqueiracastro-promove-quatro-advogados-associados-a-socios-de-capital-nas-areas-de-contencioso-estrategico-e-penal-empresarial\\\/\",\"name\":\"SiqueiraCastro\u00a0promove quatro advogados associados a s\u00f3cios de capital nas \u00e1reas de Contencioso Estrat\u00e9gico e Penal Empresarial\u00a0 - Not\u00edcias | Siqueira Castro\",\"isPartOf\":{\"@id\":\"https:\\\/\\\/www.siqueiracastro.com.br\\\/noticias\\\/#website\"},\"primaryImageOfPage\":{\"@id\":\"https:\\\/\\\/www.siqueiracastro.com.br\\\/noticias\\\/siqueiracastro-promove-quatro-advogados-associados-a-socios-de-capital-nas-areas-de-contencioso-estrategico-e-penal-empresarial\\\/#primaryimage\"},\"image\":{\"@id\":\"https:\\\/\\\/www.siqueiracastro.com.br\\\/noticias\\\/siqueiracastro-promove-quatro-advogados-associados-a-socios-de-capital-nas-areas-de-contencioso-estrategico-e-penal-empresarial\\\/#primaryimage\"},\"thumbnailUrl\":\"https:\\\/\\\/www.siqueiracastro.com.br\\\/noticias\\\/wp-content\\\/uploads\\\/04\\\/Socios.jpg\",\"datePublished\":\"2026-04-24T10:55:51+00:00\",\"dateModified\":\"2026-04-24T10:56:20+00:00\",\"description\":\"Profissionais formados internamente refor\u00e7am atua\u00e7\u00e3o integrada do escrit\u00f3rio em duas \u00e1reas estrat\u00e9gicas com presen\u00e7a consolidada e coordena\u00e7\u00e3o em \u00e2mbito nacional.\u00a0\",\"breadcrumb\":{\"@id\":\"https:\\\/\\\/www.siqueiracastro.com.br\\\/noticias\\\/siqueiracastro-promove-quatro-advogados-associados-a-socios-de-capital-nas-areas-de-contencioso-estrategico-e-penal-empresarial\\\/#breadcrumb\"},\"inLanguage\":\"pt-BR\",\"potentialAction\":[{\"@type\":\"ReadAction\",\"target\":[\"https:\\\/\\\/www.siqueiracastro.com.br\\\/noticias\\\/siqueiracastro-promove-quatro-advogados-associados-a-socios-de-capital-nas-areas-de-contencioso-estrategico-e-penal-empresarial\\\/\"]}]},{\"@type\":\"ImageObject\",\"inLanguage\":\"pt-BR\",\"@id\":\"https:\\\/\\\/www.siqueiracastro.com.br\\\/noticias\\\/siqueiracastro-promove-quatro-advogados-associados-a-socios-de-capital-nas-areas-de-contencioso-estrategico-e-penal-empresarial\\\/#primaryimage\",\"url\":\"https:\\\/\\\/www.siqueiracastro.com.br\\\/noticias\\\/wp-content\\\/uploads\\\/04\\\/Socios.jpg\",\"contentUrl\":\"https:\\\/\\\/www.siqueiracastro.com.br\\\/noticias\\\/wp-content\\\/uploads\\\/04\\\/Socios.jpg\",\"width\":800,\"height\":281},{\"@type\":\"BreadcrumbList\",\"@id\":\"https:\\\/\\\/www.siqueiracastro.com.br\\\/noticias\\\/siqueiracastro-promove-quatro-advogados-associados-a-socios-de-capital-nas-areas-de-contencioso-estrategico-e-penal-empresarial\\\/#breadcrumb\",\"itemListElement\":[{\"@type\":\"ListItem\",\"position\":1,\"name\":\"In\u00edcio\",\"item\":\"https:\\\/\\\/www.siqueiracastro.com.br\\\/noticias\\\/\"},{\"@type\":\"ListItem\",\"position\":2,\"name\":\"SiqueiraCastro\u00a0promove quatro advogados associados a s\u00f3cios de capital nas \u00e1reas de Contencioso Estrat\u00e9gico e Penal Empresarial\u00a0\"}]},{\"@type\":\"WebSite\",\"@id\":\"https:\\\/\\\/www.siqueiracastro.com.br\\\/noticias\\\/#website\",\"url\":\"https:\\\/\\\/www.siqueiracastro.com.br\\\/noticias\\\/\",\"name\":\"Not\u00edcias | Siqueira Castro\",\"description\":\"Not\u00edcias Siqueira Castro\",\"publisher\":{\"@id\":\"https:\\\/\\\/www.siqueiracastro.com.br\\\/noticias\\\/#organization\"},\"potentialAction\":[{\"@type\":\"SearchAction\",\"target\":{\"@type\":\"EntryPoint\",\"urlTemplate\":\"https:\\\/\\\/www.siqueiracastro.com.br\\\/noticias\\\/?s={search_term_string}\"},\"query-input\":{\"@type\":\"PropertyValueSpecification\",\"valueRequired\":true,\"valueName\":\"search_term_string\"}}],\"inLanguage\":\"pt-BR\"},{\"@type\":\"Organization\",\"@id\":\"https:\\\/\\\/www.siqueiracastro.com.br\\\/noticias\\\/#organization\",\"name\":\"Not\u00edcias | Siqueira Castro\",\"url\":\"https:\\\/\\\/www.siqueiracastro.com.br\\\/noticias\\\/\",\"logo\":{\"@type\":\"ImageObject\",\"inLanguage\":\"pt-BR\",\"@id\":\"https:\\\/\\\/www.siqueiracastro.com.br\\\/noticias\\\/#\\\/schema\\\/logo\\\/image\\\/\",\"url\":\"https:\\\/\\\/www.siqueiracastro.com.br\\\/noticias\\\/wp-content\\\/uploads\\\/04\\\/logo-sca-mobile.png\",\"contentUrl\":\"https:\\\/\\\/www.siqueiracastro.com.br\\\/noticias\\\/wp-content\\\/uploads\\\/04\\\/logo-sca-mobile.png\",\"width\":286,\"height\":70,\"caption\":\"Not\u00edcias | Siqueira Castro\"},\"image\":{\"@id\":\"https:\\\/\\\/www.siqueiracastro.com.br\\\/noticias\\\/#\\\/schema\\\/logo\\\/image\\\/\"},\"sameAs\":[\"https:\\\/\\\/www.facebook.com\\\/siqueiracastro.advogados\",\"https:\\\/\\\/x.com\\\/_SiqueiraCastro\"]},{\"@type\":\"Person\",\"@id\":\"https:\\\/\\\/www.siqueiracastro.com.br\\\/noticias\\\/#\\\/schema\\\/person\\\/b3ad81cd2d679684cb660d7048070c31\",\"name\":\"Annie Pereira Andrade\",\"image\":{\"@type\":\"ImageObject\",\"inLanguage\":\"pt-BR\",\"@id\":\"https:\\\/\\\/www.siqueiracastro.com.br\\\/noticias\\\/wp-content\\\/litespeed\\\/avatar\\\/ea8ff2f7d87cd5ad3a1cb5e87cd025b6.jpg?ver=1776956466\",\"url\":\"https:\\\/\\\/www.siqueiracastro.com.br\\\/noticias\\\/wp-content\\\/litespeed\\\/avatar\\\/ea8ff2f7d87cd5ad3a1cb5e87cd025b6.jpg?ver=1776956466\",\"contentUrl\":\"https:\\\/\\\/www.siqueiracastro.com.br\\\/noticias\\\/wp-content\\\/litespeed\\\/avatar\\\/ea8ff2f7d87cd5ad3a1cb5e87cd025b6.jpg?ver=1776956466\",\"caption\":\"Annie Pereira Andrade\"},\"url\":\"https:\\\/\\\/www.siqueiracastro.com.br\\\/noticias\\\/author\\\/annie\\\/\"}]}<\/script>\n<!-- \/ Yoast SEO plugin. -->","yoast_head_json":{"title":"SiqueiraCastro\u00a0promove quatro advogados associados a s\u00f3cios de capital nas \u00e1reas de Contencioso Estrat\u00e9gico e Penal Empresarial\u00a0 - Not\u00edcias | Siqueira Castro","description":"Profissionais formados internamente refor\u00e7am atua\u00e7\u00e3o integrada do escrit\u00f3rio em duas \u00e1reas estrat\u00e9gicas com presen\u00e7a consolidada e coordena\u00e7\u00e3o em \u00e2mbito nacional.\u00a0","robots":{"index":"index","follow":"follow","max-snippet":"max-snippet:-1","max-image-preview":"max-image-preview:large","max-video-preview":"max-video-preview:-1"},"canonical":"https:\/\/www.siqueiracastro.com.br\/noticias\/siqueiracastro-promove-quatro-advogados-associados-a-socios-de-capital-nas-areas-de-contencioso-estrategico-e-penal-empresarial\/","og_locale":"pt_BR","og_type":"article","og_title":"SiqueiraCastro\u00a0promove quatro advogados associados a s\u00f3cios de capital nas \u00e1reas de Contencioso Estrat\u00e9gico e Penal Empresarial\u00a0 - Not\u00edcias | Siqueira Castro","og_description":"Profissionais formados internamente refor\u00e7am atua\u00e7\u00e3o integrada do escrit\u00f3rio em duas \u00e1reas estrat\u00e9gicas com presen\u00e7a consolidada e coordena\u00e7\u00e3o em \u00e2mbito nacional.\u00a0","og_url":"https:\/\/www.siqueiracastro.com.br\/noticias\/siqueiracastro-promove-quatro-advogados-associados-a-socios-de-capital-nas-areas-de-contencioso-estrategico-e-penal-empresarial\/","og_site_name":"Not\u00edcias | Siqueira Castro","article_publisher":"https:\/\/www.facebook.com\/siqueiracastro.advogados","article_published_time":"2026-04-24T10:55:51+00:00","article_modified_time":"2026-04-24T10:56:20+00:00","og_image":[{"width":800,"height":281,"url":"https:\/\/www.siqueiracastro.com.br\/noticias\/wp-content\/uploads\/04\/Socios.jpg","type":"image\/jpeg"}],"author":"Annie Pereira Andrade","twitter_card":"summary_large_image","twitter_creator":"@_SiqueiraCastro","twitter_site":"@_SiqueiraCastro","twitter_misc":{"Escrito por":"Annie Pereira Andrade","Est. tempo de leitura":"4 minutos"},"schema":{"@context":"https:\/\/schema.org","@graph":[{"@type":"Article","@id":"https:\/\/www.siqueiracastro.com.br\/noticias\/siqueiracastro-promove-quatro-advogados-associados-a-socios-de-capital-nas-areas-de-contencioso-estrategico-e-penal-empresarial\/#article","isPartOf":{"@id":"https:\/\/www.siqueiracastro.com.br\/noticias\/siqueiracastro-promove-quatro-advogados-associados-a-socios-de-capital-nas-areas-de-contencioso-estrategico-e-penal-empresarial\/"},"author":{"name":"Annie Pereira Andrade","@id":"https:\/\/www.siqueiracastro.com.br\/noticias\/#\/schema\/person\/b3ad81cd2d679684cb660d7048070c31"},"headline":"SiqueiraCastro\u00a0promove quatro advogados associados a s\u00f3cios de capital nas \u00e1reas de Contencioso Estrat\u00e9gico e Penal Empresarial\u00a0","datePublished":"2026-04-24T10:55:51+00:00","dateModified":"2026-04-24T10:56:20+00:00","mainEntityOfPage":{"@id":"https:\/\/www.siqueiracastro.com.br\/noticias\/siqueiracastro-promove-quatro-advogados-associados-a-socios-de-capital-nas-areas-de-contencioso-estrategico-e-penal-empresarial\/"},"wordCount":802,"commentCount":0,"publisher":{"@id":"https:\/\/www.siqueiracastro.com.br\/noticias\/#organization"},"image":{"@id":"https:\/\/www.siqueiracastro.com.br\/noticias\/siqueiracastro-promove-quatro-advogados-associados-a-socios-de-capital-nas-areas-de-contencioso-estrategico-e-penal-empresarial\/#primaryimage"},"thumbnailUrl":"https:\/\/www.siqueiracastro.com.br\/noticias\/wp-content\/uploads\/04\/Socios.jpg","keywords":["Contencioso estrat\u00e9gico e arbitragem","Penal Empresarial"],"articleSection":["Contencioso Estrat\u00e9gico e Arbitragem","Institucional","Not\u00edcias","Penal Empresarial"],"inLanguage":"pt-BR","potentialAction":[{"@type":"CommentAction","name":"Comment","target":["https:\/\/www.siqueiracastro.com.br\/noticias\/siqueiracastro-promove-quatro-advogados-associados-a-socios-de-capital-nas-areas-de-contencioso-estrategico-e-penal-empresarial\/#respond"]}]},{"@type":"WebPage","@id":"https:\/\/www.siqueiracastro.com.br\/noticias\/siqueiracastro-promove-quatro-advogados-associados-a-socios-de-capital-nas-areas-de-contencioso-estrategico-e-penal-empresarial\/","url":"https:\/\/www.siqueiracastro.com.br\/noticias\/siqueiracastro-promove-quatro-advogados-associados-a-socios-de-capital-nas-areas-de-contencioso-estrategico-e-penal-empresarial\/","name":"SiqueiraCastro\u00a0promove quatro advogados associados a s\u00f3cios de capital nas \u00e1reas de Contencioso Estrat\u00e9gico e Penal Empresarial\u00a0 - Not\u00edcias | Siqueira Castro","isPartOf":{"@id":"https:\/\/www.siqueiracastro.com.br\/noticias\/#website"},"primaryImageOfPage":{"@id":"https:\/\/www.siqueiracastro.com.br\/noticias\/siqueiracastro-promove-quatro-advogados-associados-a-socios-de-capital-nas-areas-de-contencioso-estrategico-e-penal-empresarial\/#primaryimage"},"image":{"@id":"https:\/\/www.siqueiracastro.com.br\/noticias\/siqueiracastro-promove-quatro-advogados-associados-a-socios-de-capital-nas-areas-de-contencioso-estrategico-e-penal-empresarial\/#primaryimage"},"thumbnailUrl":"https:\/\/www.siqueiracastro.com.br\/noticias\/wp-content\/uploads\/04\/Socios.jpg","datePublished":"2026-04-24T10:55:51+00:00","dateModified":"2026-04-24T10:56:20+00:00","description":"Profissionais formados internamente refor\u00e7am atua\u00e7\u00e3o integrada do escrit\u00f3rio em duas \u00e1reas estrat\u00e9gicas com presen\u00e7a consolidada e coordena\u00e7\u00e3o em \u00e2mbito nacional.\u00a0","breadcrumb":{"@id":"https:\/\/www.siqueiracastro.com.br\/noticias\/siqueiracastro-promove-quatro-advogados-associados-a-socios-de-capital-nas-areas-de-contencioso-estrategico-e-penal-empresarial\/#breadcrumb"},"inLanguage":"pt-BR","potentialAction":[{"@type":"ReadAction","target":["https:\/\/www.siqueiracastro.com.br\/noticias\/siqueiracastro-promove-quatro-advogados-associados-a-socios-de-capital-nas-areas-de-contencioso-estrategico-e-penal-empresarial\/"]}]},{"@type":"ImageObject","inLanguage":"pt-BR","@id":"https:\/\/www.siqueiracastro.com.br\/noticias\/siqueiracastro-promove-quatro-advogados-associados-a-socios-de-capital-nas-areas-de-contencioso-estrategico-e-penal-empresarial\/#primaryimage","url":"https:\/\/www.siqueiracastro.com.br\/noticias\/wp-content\/uploads\/04\/Socios.jpg","contentUrl":"https:\/\/www.siqueiracastro.com.br\/noticias\/wp-content\/uploads\/04\/Socios.jpg","width":800,"height":281},{"@type":"BreadcrumbList","@id":"https:\/\/www.siqueiracastro.com.br\/noticias\/siqueiracastro-promove-quatro-advogados-associados-a-socios-de-capital-nas-areas-de-contencioso-estrategico-e-penal-empresarial\/#breadcrumb","itemListElement":[{"@type":"ListItem","position":1,"name":"In\u00edcio","item":"https:\/\/www.siqueiracastro.com.br\/noticias\/"},{"@type":"ListItem","position":2,"name":"SiqueiraCastro\u00a0promove quatro advogados associados a s\u00f3cios de capital nas \u00e1reas de Contencioso Estrat\u00e9gico e Penal Empresarial\u00a0"}]},{"@type":"WebSite","@id":"https:\/\/www.siqueiracastro.com.br\/noticias\/#website","url":"https:\/\/www.siqueiracastro.com.br\/noticias\/","name":"Not\u00edcias | Siqueira Castro","description":"Not\u00edcias Siqueira Castro","publisher":{"@id":"https:\/\/www.siqueiracastro.com.br\/noticias\/#organization"},"potentialAction":[{"@type":"SearchAction","target":{"@type":"EntryPoint","urlTemplate":"https:\/\/www.siqueiracastro.com.br\/noticias\/?s={search_term_string}"},"query-input":{"@type":"PropertyValueSpecification","valueRequired":true,"valueName":"search_term_string"}}],"inLanguage":"pt-BR"},{"@type":"Organization","@id":"https:\/\/www.siqueiracastro.com.br\/noticias\/#organization","name":"Not\u00edcias | Siqueira Castro","url":"https:\/\/www.siqueiracastro.com.br\/noticias\/","logo":{"@type":"ImageObject","inLanguage":"pt-BR","@id":"https:\/\/www.siqueiracastro.com.br\/noticias\/#\/schema\/logo\/image\/","url":"https:\/\/www.siqueiracastro.com.br\/noticias\/wp-content\/uploads\/04\/logo-sca-mobile.png","contentUrl":"https:\/\/www.siqueiracastro.com.br\/noticias\/wp-content\/uploads\/04\/logo-sca-mobile.png","width":286,"height":70,"caption":"Not\u00edcias | Siqueira Castro"},"image":{"@id":"https:\/\/www.siqueiracastro.com.br\/noticias\/#\/schema\/logo\/image\/"},"sameAs":["https:\/\/www.facebook.com\/siqueiracastro.advogados","https:\/\/x.com\/_SiqueiraCastro"]},{"@type":"Person","@id":"https:\/\/www.siqueiracastro.com.br\/noticias\/#\/schema\/person\/b3ad81cd2d679684cb660d7048070c31","name":"Annie Pereira Andrade","image":{"@type":"ImageObject","inLanguage":"pt-BR","@id":"https:\/\/www.siqueiracastro.com.br\/noticias\/wp-content\/litespeed\/avatar\/ea8ff2f7d87cd5ad3a1cb5e87cd025b6.jpg?ver=1776956466","url":"https:\/\/www.siqueiracastro.com.br\/noticias\/wp-content\/litespeed\/avatar\/ea8ff2f7d87cd5ad3a1cb5e87cd025b6.jpg?ver=1776956466","contentUrl":"https:\/\/www.siqueiracastro.com.br\/noticias\/wp-content\/litespeed\/avatar\/ea8ff2f7d87cd5ad3a1cb5e87cd025b6.jpg?ver=1776956466","caption":"Annie Pereira Andrade"},"url":"https:\/\/www.siqueiracastro.com.br\/noticias\/author\/annie\/"}]}},"_links":{"self":[{"href":"https:\/\/www.siqueiracastro.com.br\/noticias\/wp-json\/wp\/v2\/posts\/39846","targetHints":{"allow":["GET"]}}],"collection":[{"href":"https:\/\/www.siqueiracastro.com.br\/noticias\/wp-json\/wp\/v2\/posts"}],"about":[{"href":"https:\/\/www.siqueiracastro.com.br\/noticias\/wp-json\/wp\/v2\/types\/post"}],"author":[{"embeddable":true,"href":"https:\/\/www.siqueiracastro.com.br\/noticias\/wp-json\/wp\/v2\/users\/13"}],"replies":[{"embeddable":true,"href":"https:\/\/www.siqueiracastro.com.br\/noticias\/wp-json\/wp\/v2\/comments?post=39846"}],"version-history":[{"count":6,"href":"https:\/\/www.siqueiracastro.com.br\/noticias\/wp-json\/wp\/v2\/posts\/39846\/revisions"}],"predecessor-version":[{"id":39881,"href":"https:\/\/www.siqueiracastro.com.br\/noticias\/wp-json\/wp\/v2\/posts\/39846\/revisions\/39881"}],"wp:attachment":[{"href":"https:\/\/www.siqueiracastro.com.br\/noticias\/wp-json\/wp\/v2\/media?parent=39846"}],"wp:term":[{"taxonomy":"category","embeddable":true,"href":"https:\/\/www.siqueiracastro.com.br\/noticias\/wp-json\/wp\/v2\/categories?post=39846"},{"taxonomy":"post_tag","embeddable":true,"href":"https:\/\/www.siqueiracastro.com.br\/noticias\/wp-json\/wp\/v2\/tags?post=39846"}],"curies":[{"name":"wp","href":"https:\/\/api.w.org\/{rel}","templated":true}]}}